{"id":32695,"date":"2019-06-27T20:14:52","date_gmt":"2019-06-27T18:14:52","guid":{"rendered":"http:\/\/e-anjelik.sk\/?p=32695"},"modified":"2019-06-27T20:14:52","modified_gmt":"2019-06-27T18:14:52","slug":"pripravuje-sa-distriktualny-den-vd","status":"publish","type":"post","link":"https:\/\/www.e-anjelik.sk\/index.php\/2019\/06\/27\/pripravuje-sa-distriktualny-den-vd\/","title":{"rendered":"Pripravuje sa Di\u0161triktu\u00e1lny de\u0148 VD"},"content":{"rendered":"\n<h2 class=\"wp-block-heading\">Na di\u0161triktu\u00e1lnom dni bud\u00fa h\u013eada\u0165 &#8222;Skryt\u00fd poklad&#8220;<\/h2>\n\n\n\n<figure class=\"wp-block-image\"><a href=\"http:\/\/www.ecav.sk\/pictures\/text_images\/data_8835.jpg\" target=\"_blank\" rel=\"noreferrer noopener\"><img decoding=\"async\" src=\"http:\/\/www.ecav.sk\/pictures\/text_images\/data_8835_big.jpg\" alt=\"\"\/><\/a><\/figure>\n\n\n\n<p>Mil\u00ed priatelia, dovo\u013eujeme si v\u00e1s v mene predsedn\u00edctva V\u00fdchodn\u00e9ho di\u0161triktu Evanjelickej a. v. cirkvi na Slovensku pozva\u0165 na podujatie: Di\u0161triktu\u00e1lny de\u0148 VD ECAV 2019, d\u0148a 14. j\u00fala 2019, v \u0161portovej hale Ar\u00e9na Poprad. Bohoslu\u017eobn\u00e9 zhroma\u017edenie za\u010d\u00edna o 9.30 hod.\t<\/p>\n\n\n\n<p>Hlavnou t\u00e9mou podujatia \u201cSkryt\u00fd poklad\u201c chceme pouk\u00e1za\u0165 na neust\u00e1lu aktu\u00e1lnos\u0165 hodn\u00f4t ukryt\u00fdch v Knihe kn\u00edh \u2013 Biblii. Popoludn\u00ed je pre \u00fa\u010dastn\u00edkov pripraven\u00fd Muzik\u00e1l &#8222;Legenda o zakliatom meste&#8220;. Ide o metaforick\u00fd pr\u00edbeh kr\u00e1\u013eovstva, ktor\u00e9 zavrhlo prastar\u00fa Knihu kn\u00edh a r\u00fati sa do z\u00e1huby. Muzik\u00e1l chce by\u0165 paralelou na relativizovanie hodn\u00f4t v dne\u0161nej spolo\u010dnosti, chce v\u0161ak prinies\u0165 aj n\u00e1dej a istotu o tom, \u017ee Ten, ktor\u00e9ho srdce bije v str\u00e1nkach Knihy, str\u00e1\u017ei hradby mesta a z\u00e1le\u017e\u00ed Mu na jeho obyvate\u013eoch.<br><br>Hudobno-tane\u010dno-divadeln\u00e9 predstavenie pln\u00e9 chyt\u013eav\u00fdch piesn\u00ed a humoru, ale aj vz\u00e1cneho a hlbok\u00e9ho duchovn\u00e9ho posolstva je ur\u010den\u00e9 cel\u00fdm rodin\u00e1m, de\u0165om, ml\u00e1de\u017ei, dospel\u00fdm, ale i star\u0161\u00edm div\u00e1kom. Za\u010diatok: 14.00 hod.<br><br>Slu\u017eby Bo\u017eie bud\u00fa odvysielan\u00e9 aj v priamom prenose RTVS.<\/p>\n\n\n\n<p>Mgr. Peter Miho\u010d, tajomn\u00edk biskupa VD&nbsp;|&nbsp;25.6.2019<\/p>\n\n\n\n<p><\/p>\n","protected":false},"excerpt":{"rendered":"<p>Na di\u0161triktu\u00e1lnom dni bud\u00fa h\u013eada\u0165 &#8222;Skryt\u00fd poklad&#8220; Mil\u00ed priatelia, dovo\u013eujeme si v\u00e1s v mene predsedn\u00edctva V\u00fdchodn\u00e9ho di\u0161triktu Evanjelickej a. v. cirkvi na Slovensku pozva\u0165 na podujatie: Di\u0161triktu\u00e1lny de\u0148 VD ECAV 2019, d\u0148a 14. j\u00fala 2019, v \u0161portovej hale Ar\u00e9na Poprad. Bohoslu\u017eobn\u00e9 zhroma\u017edenie za\u010d\u00edna o 9.30 hod. Hlavnou t\u00e9mou podujatia \u201cSkryt\u00fd poklad\u201c chceme pouk\u00e1za\u0165 na neust\u00e1lu &#8230; <a title=\"Pripravuje sa Di\u0161triktu\u00e1lny de\u0148 VD\" class=\"read-more\" href=\"https:\/\/www.e-anjelik.sk\/index.php\/2019\/06\/27\/pripravuje-sa-distriktualny-den-vd\/\" aria-label=\"Pre\u010d\u00edtajte si viac o Pripravuje sa Di\u0161triktu\u00e1lny de\u0148 VD\">\u010c\u00edta\u0165 viac<\/a><\/p>\n","protected":false},"author":4,"featured_media":0,"comment_status":"open","ping_status":"open","sticky":false,"template":"","format":"standard","meta":{"footnotes":""},"categories":[1],"tags":[],"class_list":["post-32695","post","type-post","status-publish","format-standard","hentry","category-adventna-modlitba"],"_links":{"self":[{"href":"https:\/\/www.e-anjelik.sk\/index.php\/wp-json\/wp\/v2\/posts\/32695","targetHints":{"allow":["GET"]}}],"collection":[{"href":"https:\/\/www.e-anjelik.sk\/index.php\/wp-json\/wp\/v2\/posts"}],"about":[{"href":"https:\/\/www.e-anjelik.sk\/index.php\/wp-json\/wp\/v2\/types\/post"}],"author":[{"embeddable":true,"href":"https:\/\/www.e-anjelik.sk\/index.php\/wp-json\/wp\/v2\/users\/4"}],"replies":[{"embeddable":true,"href":"https:\/\/www.e-anjelik.sk\/index.php\/wp-json\/wp\/v2\/comments?post=32695"}],"version-history":[{"count":1,"href":"https:\/\/www.e-anjelik.sk\/index.php\/wp-json\/wp\/v2\/posts\/32695\/revisions"}],"predecessor-version":[{"id":32696,"href":"https:\/\/www.e-anjelik.sk\/index.php\/wp-json\/wp\/v2\/posts\/32695\/revisions\/32696"}],"wp:attachment":[{"href":"https:\/\/www.e-anjelik.sk\/index.php\/wp-json\/wp\/v2\/media?parent=32695"}],"wp:term":[{"taxonomy":"category","embeddable":true,"href":"https:\/\/www.e-anjelik.sk\/index.php\/wp-json\/wp\/v2\/categories?post=32695"},{"taxonomy":"post_tag","embeddable":true,"href":"https:\/\/www.e-anjelik.sk\/index.php\/wp-json\/wp\/v2\/tags?post=32695"}],"curies":[{"name":"wp","href":"https:\/\/api.w.org\/{rel}","templated":true}]}}