{"id":32698,"date":"2019-07-01T14:29:47","date_gmt":"2019-07-01T12:29:47","guid":{"rendered":"http:\/\/e-anjelik.sk\/?p=32698"},"modified":"2019-07-01T14:29:47","modified_gmt":"2019-07-01T12:29:47","slug":"sluzby-bozie-na-branci-2019","status":"publish","type":"post","link":"https:\/\/www.e-anjelik.sk\/index.php\/2019\/07\/01\/sluzby-bozie-na-branci-2019\/","title":{"rendered":"Slu\u017eby Bo\u017eie na Bran\u010di 2019"},"content":{"rendered":"\n<h1 class=\"wp-block-heading\">Spomienkov\u00e9 SLU\u017dBY BO\u017dIE na Bran\u010di<\/h1>\n\n\n\n<ul class=\"wp-block-list\"><li>&nbsp;01.07.19<\/li><li>&nbsp;&nbsp;Jana Nunv\u00e1\u0159ov\u00e1, tla\u010dov\u00e1 tajomn\u00ed\u010dka<\/li><li>&nbsp;<a href=\"https:\/\/www.ecav.sk\/aktuality\/pozvanky\">&nbsp;Pozv\u00e1nky<\/a><\/li><\/ul>\n\n\n\n<figure class=\"wp-block-image\"><a href=\"https:\/\/www.ecav.sk\/rails\/active_storage\/blobs\/eyJfcmFpbHMiOnsibWVzc2FnZSI6IkJBaHBBdDU3IiwiZXhwIjpudWxsLCJwdXIiOiJibG9iX2lkIn19--86f36fdaedfdd433922360c850d61416c71a2572\/i_5634021.jpg\"><img decoding=\"async\" src=\"https:\/\/www.ecav.sk\/rails\/active_storage\/representations\/eyJfcmFpbHMiOnsibWVzc2FnZSI6IkJBaHBBdDU3IiwiZXhwIjpudWxsLCJwdXIiOiJibG9iX2lkIn19--86f36fdaedfdd433922360c850d61416c71a2572\/eyJfcmFpbHMiOnsibWVzc2FnZSI6IkJBaDdCam9MY21WemFYcGxTU0lJT1RBd0Jqb0dSVlE9IiwiZXhwIjpudWxsLCJwdXIiOiJ2YXJpYXRpb24ifX0=--f83398908a42570f1be2d2870fc3e62f317d893b\/i_5634021.jpg\" alt=\"Spomienkov\u00e9 SLU\u017dBY BO\u017dIE na Bran\u010di\"\/><\/a><\/figure>\n\n\n\n<p>Z\u00e1padn\u00fd di\u0161trikt ECAV na Slovensku, Myjavsk\u00fd senior\u00e1t, Cirkevn\u00fd zbor Soboti\u0161te V\u00e1s poz\u00fdvaj\u00fa na spomienkov\u00e9 slu\u017eby Bo\u017eie na Bran\u010di. Uskuto\u010dnia sa 5. j\u00fala 2019 o 10:00 hod pri pr\u00edle\u017eitosti<br>* roku M.R. \u0160tef\u00e1nika<br>* sviatku Cyrila a Metoda<br>* spomienke na Majstra J\u00e1na Husa a evanjelick\u00fdch mart\u00fdrov&nbsp;<\/p>\n\n\n\n<ul class=\"wp-block-list\"><li><a href=\"https:\/\/www.ecav.sk\/aktuality\/pozvanky\/spomienkove-sluzby-bozie-na-branci#tab-recent-posts\">Najnov\u0161ie<\/a><\/li><\/ul>\n","protected":false},"excerpt":{"rendered":"<p>Spomienkov\u00e9 SLU\u017dBY BO\u017dIE na Bran\u010di &nbsp;01.07.19 &nbsp;&nbsp;Jana Nunv\u00e1\u0159ov\u00e1, tla\u010dov\u00e1 tajomn\u00ed\u010dka &nbsp;&nbsp;Pozv\u00e1nky Z\u00e1padn\u00fd di\u0161trikt ECAV na Slovensku, Myjavsk\u00fd senior\u00e1t, Cirkevn\u00fd zbor Soboti\u0161te V\u00e1s poz\u00fdvaj\u00fa na spomienkov\u00e9 slu\u017eby Bo\u017eie na Bran\u010di. Uskuto\u010dnia sa 5. j\u00fala 2019 o 10:00 hod pri pr\u00edle\u017eitosti* roku M.R. \u0160tef\u00e1nika* sviatku Cyrila a Metoda* spomienke na Majstra J\u00e1na Husa a evanjelick\u00fdch mart\u00fdrov&nbsp; Najnov\u0161ie<\/p>\n","protected":false},"author":4,"featured_media":0,"comment_status":"open","ping_status":"open","sticky":false,"template":"","format":"standard","meta":{"footnotes":""},"categories":[1],"tags":[],"class_list":["post-32698","post","type-post","status-publish","format-standard","hentry","category-adventna-modlitba"],"_links":{"self":[{"href":"https:\/\/www.e-anjelik.sk\/index.php\/wp-json\/wp\/v2\/posts\/32698","targetHints":{"allow":["GET"]}}],"collection":[{"href":"https:\/\/www.e-anjelik.sk\/index.php\/wp-json\/wp\/v2\/posts"}],"about":[{"href":"https:\/\/www.e-anjelik.sk\/index.php\/wp-json\/wp\/v2\/types\/post"}],"author":[{"embeddable":true,"href":"https:\/\/www.e-anjelik.sk\/index.php\/wp-json\/wp\/v2\/users\/4"}],"replies":[{"embeddable":true,"href":"https:\/\/www.e-anjelik.sk\/index.php\/wp-json\/wp\/v2\/comments?post=32698"}],"version-history":[{"count":1,"href":"https:\/\/www.e-anjelik.sk\/index.php\/wp-json\/wp\/v2\/posts\/32698\/revisions"}],"predecessor-version":[{"id":32699,"href":"https:\/\/www.e-anjelik.sk\/index.php\/wp-json\/wp\/v2\/posts\/32698\/revisions\/32699"}],"wp:attachment":[{"href":"https:\/\/www.e-anjelik.sk\/index.php\/wp-json\/wp\/v2\/media?parent=32698"}],"wp:term":[{"taxonomy":"category","embeddable":true,"href":"https:\/\/www.e-anjelik.sk\/index.php\/wp-json\/wp\/v2\/categories?post=32698"},{"taxonomy":"post_tag","embeddable":true,"href":"https:\/\/www.e-anjelik.sk\/index.php\/wp-json\/wp\/v2\/tags?post=32698"}],"curies":[{"name":"wp","href":"https:\/\/api.w.org\/{rel}","templated":true}]}}