{"id":3270,"date":"2010-12-27T16:30:09","date_gmt":"2010-12-27T16:30:09","guid":{"rendered":"http:\/\/e-anjelik.sk\/?p=3270"},"modified":"2010-12-27T16:30:09","modified_gmt":"2010-12-27T16:30:09","slug":"mucenika-stefana","status":"publish","type":"post","link":"https:\/\/www.e-anjelik.sk\/index.php\/2010\/12\/27\/mucenika-stefana\/","title":{"rendered":"Mu\u010den\u00edka \u0160tefana"},"content":{"rendered":"<p>&nbsp;<span class=\"Apple-style-span\" style=\"font-family: 'Times New Roman'; line-height: normal; \"><i>&nbsp;&nbsp; &nbsp; &nbsp; &nbsp; &nbsp; &nbsp; &nbsp; &nbsp; &nbsp; &nbsp; &nbsp; &nbsp; &nbsp; &nbsp; &nbsp; &nbsp; &nbsp; &nbsp; &nbsp; &nbsp; &nbsp; &nbsp; &nbsp; &nbsp; &nbsp; &nbsp; &nbsp; &nbsp; &nbsp; &nbsp; &nbsp; &nbsp; &nbsp; &nbsp; &nbsp; &nbsp; &nbsp; &nbsp; &nbsp; &nbsp; &nbsp; &nbsp;<\/i><span style=\"font: 16.0px Times New Roman\"><b><i>Mu\u010den&iacute;ka &Scaron;tefana<\/i><\/b><\/span><\/span><\/p>\n<p style=\"margin: 0.0px 0.0px 0.0px 0.0px; font: 16.0px Times New Roman\"><i>&Iacute;s\u0165 s Tebou, Kriste,<\/i><\/p>\n<p style=\"margin: 0.0px 0.0px 0.0px 0.0px; font: 16.0px Times New Roman\"><i>i kr&iacute;\u017e nies\u0165 zna\u010d&iacute;<\/i><\/p>\n<p style=\"margin: 0.0px 0.0px 0.0px 0.0px; font: 16.0px Times New Roman\"><i>a c&iacute;ti\u0165 rados\u0165<\/i><\/p>\n<p style=\"margin: 0.0px 0.0px 0.0px 0.0px; font: 16.0px Times New Roman\"><i>i v slz&aacute;ch, v pla\u010di&#8230;<\/i><\/p>\n<p style=\"margin: 0.0px 0.0px 0.0px 0.0px; font: 16.0px Times New Roman\"><i>Ach, Pane, popraj<\/i><\/p>\n<p style=\"margin: 0.0px 0.0px 0.0px 0.0px; font: 16.0px Times New Roman\"><i>n&aacute;m taj ten pozna\u0165<\/i><\/p>\n<p style=\"margin: 0.0px 0.0px 0.0px 0.0px; font: 16.0px Times New Roman\"><i>v pokoji \u017ei\u0165 a&nbsp;<\/i><\/p>\n<p style=\"margin: 0.0px 0.0px 0.0px 0.0px; font: 16.0px Times New Roman\"><i>radostne skona\u0165. Amen (MR)<\/i><\/p>\n<p style=\"margin: 0.0px 0.0px 0.0px 0.0px; font: 16.0px Times New Roman; min-height: 18.0px\">&nbsp;<\/p>\n<p style=\"margin: 0.0px 0.0px 0.0px 0.0px; font: 16.0px Times New Roman\"><b>Mt 1O, 28: <i>&ldquo;A nebojte sa t&yacute;ch, ktor&iacute; morduj&uacute; telo, ale du&scaron;u nem&ocirc;\u017eu zamordova\u0165 &ndash; rad&scaron;ej sa bojte Toho, ktor&yacute; ktor&yacute; aj du&scaron;u aj telo m&ocirc;\u017ee zahubi\u0165 v pekle&ldquo;. Amen.<\/i><\/b><\/p>\n<p style=\"margin: 0.0px 0.0px 0.0px 0.0px; font: 12.0px Times New Roman; min-height: 15.0px\">&nbsp;<\/p>\n<p style=\"margin: 0.0px 0.0px 0.0px 0.0px; font: 12.0px Times New Roman\">&nbsp;&nbsp; &nbsp; &nbsp; &nbsp; Mil&iacute; bratia a sestry v Kristu P&aacute;nu!&nbsp;<\/p>\n<p style=\"margin: 0.0px 0.0px 0.0px 0.0px; font: 12.0px Times New Roman; min-height: 15.0px\">&nbsp;<\/p>\n<p style=\"margin: 0.0px 0.0px 0.0px 0.0px; font: 16.0px Times New Roman\"><span style=\"font: 12.0px Times New Roman\">&nbsp;&nbsp; &nbsp; &nbsp; &nbsp; Z viano\u010dn&eacute;ho evanjelia, ktor&eacute; znelo nad svetom v\u010dera, v prv&uacute; sl&aacute;vnos\u0165 viano\u010dn&uacute;, zostalo pre dne&scaron;n&yacute; 2.sviatok viano\u010dn&yacute;, jedno d&ocirc;le\u017eit&eacute; slovo: <\/span><b>Nebojte sa! <\/b>Na betlehemsk&yacute;ch poliach hovoril <b>anjel <\/b>pre\u013eaknut&yacute;m pastierom : <b>Nebojte sa&#8230;<\/b> a chcel&nbsp; upriami\u0165 ich pozornos\u0165 na naroden&eacute;ho Spasite\u013ea Krista P&aacute;na. &nbsp;<\/p>\n<p style=\"margin: 0.0px 0.0px 0.0px 0.0px; font: 16.0px Times New Roman\"><span style=\"font: 12.0px Times New Roman\">&nbsp; &nbsp; &nbsp; V dne&scaron;n&yacute; <\/span><b>2.sviatok viano\u010dn&yacute;<\/b> <b>sa<\/b> <b>s&aacute;m P&aacute;n Je\u017ei&scaron;<\/b> prihov&aacute;ra svojim nasledovn&iacute;kom, vyznava\u010dom a svedkom rovnak&yacute;m slovom a rovnakou v&yacute;zvou: <b>Nebojte sa!<\/b> <b>Prv&aacute; sl&aacute;vnos\u0165 <\/b>viano\u010dn&aacute;&nbsp; je sl&aacute;vnos\u0165ou Bo\u017eieho narodenia, <b>druh&aacute;<\/b> <b>sl&aacute;vnos\u0165<\/b> hovor&iacute; o d&ocirc;sledkoch prijatia Bo\u017eieho Syna vierou, a s&uacute;\u010dasne o odchode diakona &Scaron;tefana z tejto zeme a jeho prechode do neba, ke\u010f sa predt&yacute;m v jeho srdci &bdquo;<b>zrodil&bdquo; Je\u017ei&scaron;, P&aacute;n.<\/b><\/p>\n<p style=\"margin: 0.0px 0.0px 0.0px 0.0px; font: 16.0px Times New Roman; min-height: 18.0px\">&nbsp;<\/p>\n<p style=\"margin: 0.0px 0.0px 0.0px 0.0px; font: 12.0px Times New Roman\">&nbsp;&nbsp; &nbsp; Skoro by sa n&aacute;m \u017eiadalo poveda\u0165: tak toto sa nemalo sta\u0165 &#8211; a ke\u010f sa to u\u017e stalo &#8211; nemalo by sa to pripom&iacute;na\u0165 &#8211; a ke\u010f to u\u017e Cirkev hovor&iacute;, nemalo by sa to hovori\u0165 pr&aacute;ve na Vianoce. Skoro by sme povedali slovn&iacute;kom dne&scaron;nej doby: tak toto je slab&aacute; reklama pre nebo!<\/p>\n<p style=\"margin: 0.0px 0.0px 0.0px 0.0px; font: 12.0px Times New Roman\">&nbsp;&nbsp; &nbsp; Dnes je pred nami jeden z t&yacute;ch, ktor&yacute; Krista P&aacute;na prijali a ohlasovan&aacute; &bdquo;ve\u013ek&aacute; rados\u0165&ldquo; sa pomerne skoro zmenila na &bdquo;\u017ealos\u0165&ldquo;. Na oso\u010dovanie,&nbsp; prenasledovanie a nakoniec aj na kame\u0148ovanie a vra\u017edu vern&eacute;ho slu\u017eobn&iacute;ka prvotn&eacute;ho cirkevn&eacute;ho zboru v Jeruzaleme. &Scaron;tefan v podstate robil to, \u010do napr. dnes o\u010dak&aacute;va P&aacute;n Cirkvi, Je\u017ei&scaron; Kristus <span style=\"font: 16.0px Times New Roman\"><b>aj od n&aacute;s.<\/b> Sl&uacute;\u017eil \u013eu\u010fom v l&aacute;ske, obetoval sa pre in&yacute;ch. Miloval P&aacute;na Krista a pln&yacute; Ducha Sv&auml;t&eacute;ho sved\u010dil o \u0147om ako o Spasite\u013eovi ktor&yacute; pri&scaron;iel, aby n&aacute;s zachr&aacute;nil pre ve\u010dn&yacute; \u017eivot.&nbsp;<\/span><\/p>\n<p style=\"margin: 0.0px 0.0px 0.0px 0.0px; font: 12.0px Times New Roman; min-height: 15.0px\">&nbsp;&nbsp; &nbsp; &nbsp;<\/p>\n<p style=\"margin: 0.0px 0.0px 0.0px 0.0px; font: 12.0px Times New Roman\">&nbsp;&nbsp; &nbsp; Jeho slu\u017eba diakona, obsluhovanie vdov pri stoloch, bola r&ocirc;znymi skutkami a akciami ku ktor&yacute;m sa mnoh&iacute; vzopli napodobnen&aacute; aj v na&scaron;om okol&iacute;. In&iacute; iba verejnou mienkou &bdquo;boli prin&uacute;ten&iacute;&ldquo; pred Vianocami vykona\u0165 nieo\u010d aj pre bl&iacute;\u017enych. Mnoh&iacute; rie&scaron;ili ot&aacute;zku: <span style=\"font: 16.0px Times New Roman\"><b>Ako<\/b> \u010do najlep&scaron;ie posl&uacute;\u017ei\u0165 bl&iacute;\u017enym?<b> Ak<\/b>o sa obetova\u0165?&nbsp; Niektor&iacute;&nbsp; sa tak dok&aacute;zali iba ku svojim bl&iacute;zkym, mnoh&iacute; aj v &scaron;ir&scaron;om kruhu a spolo\u010denstve.<\/span><\/p>\n<p style=\"margin: 0.0px 0.0px 0.0px 0.0px; font: 12.0px Times New Roman; min-height: 15.0px\">&nbsp;&nbsp; &nbsp; &nbsp; &nbsp;<\/p>\n<p style=\"margin: 0.0px 0.0px 0.0px 0.0px; font: 16.0px Times New Roman\"><span style=\"font: 12.0px Times New Roman\">&nbsp;&nbsp; &nbsp; Svedecvto P&iacute;sma sv&auml;t&eacute;ho nezakr&yacute;va ani v najmen&scaron;om skuto\u010dnos\u0165, \u017ee \u017eivot t&yacute;ch, <\/span><b>ktor&iacute; prijali Krista P&aacute;na<\/b>, ktor&iacute; Ho v tomto svete nasleduj&uacute;, ktor&iacute; Ho chv&aacute;lia a vz&yacute;vaj&uacute; Jeho meno, je \u010dasto podobn&yacute; &uacute;delu samotn&eacute;ho <b>Majstra<\/b>.&nbsp; Ve\u010f On povedal:&ldquo; <i>Ke\u010f prenasledovali m\u0148a &#8211; bud&uacute; aj v&aacute;s&#8230; Ke\u010f majstra domu naz&yacute;vali Belzebubom, o \u010do sk&ocirc;r jeho dom&aacute;cich&#8230;.<\/i>P&aacute;n Je\u017ei&scaron; preto hovor&iacute; svojim&nbsp; nasledovn&iacute;kom: &ldquo;<i>Ajh\u013ea, posielam v&aacute;s ako ovce medzi vlkov. Bu\u010fte teda&nbsp; opatrn&iacute; ako hady a prost&iacute; ako holubice&ldquo;. <\/i>A na d&ocirc;va\u017eok dod&aacute;va: &bdquo;A <i>v&scaron;etci bud&uacute; v&aacute;s nen&aacute;vidie\u0165 pre moje meno &#8211; ale kto vytrv&aacute; do konca, bude spasen&yacute;&ldquo;.<\/i><\/p>\n<p style=\"margin: 0.0px 0.0px 0.0px 0.0px; font: 12.0px Times New Roman; min-height: 15.0px\">&nbsp;<\/p>\n<p style=\"margin: 0.0px 0.0px 0.0px 0.0px; font: 12.0px Times New Roman\">&nbsp;&nbsp; &nbsp; Ke\u010f tajomn&aacute;, tich&aacute; a sv&auml;t&aacute; noc v Betleheme skon\u010dila, svitlo r&aacute;no a&nbsp; nov&yacute; de\u0148 pribl&iacute;\u017eil rozhodnutie&nbsp; kr&aacute;\u013ea Herodesa:&nbsp; Odstr&aacute;ni\u0165&nbsp; nov&eacute;ho Kr&aacute;\u013ea &#8211; Kr&aacute;\u013ea l&aacute;sky! Tak pri&scaron;li dni &uacute;teku do Egypta aj de\u0148 vra\u017edy betlehemsk&yacute;ch nemluvniat&#8230;Tento svet neprijal Je\u017ei&scaron;a Krista &uacute;plne a bezo zbytku &#8211; sk&ocirc;r opak je pravdou. &bdquo;<span style=\"font: 16.0px Times New Roman\"><i>Ale t&iacute;, \u010do Ho prijali a stali sa Bo\u017e&iacute;mi de\u0165mi<\/i>&ldquo;. Ver&iacute;m, \u017ee patr&iacute;me k nim.&nbsp;<\/span><\/p>\n<p style=\"margin: 0.0px 0.0px 0.0px 0.0px; font: 16.0px Times New Roman\"><span style=\"font: 12.0px Times New Roman\">&nbsp;&nbsp; &nbsp; <\/span><b>Len\u017ee &#8211;&nbsp; nie sme hne\u010f v nebi<\/b>&#8230;Neboli tam hne\u010f kres\u0165ania ani v \u010dase vl&aacute;dy kr&aacute;\u013ea Herodesa. Ani my, ktor&iacute; sme&nbsp; uverili nie sme hne\u010f a okam\u017eite v nebi. <b>Sme na ceste. <\/b>Sme v slu\u017ebe Betlehemsk&eacute;mu Die\u0165a\u0165u a preto sme ako ob\u010dania Bo\u017eieho kr&aacute;\u013eovstva tak trochu cudzincami pre okolit&yacute; svet. A s touto skto\u010dnos\u0165oou mus&iacute;me po\u010d&iacute;ta\u0165. Do tejto skuto\u010dnosti teda P&aacute;n Je\u017ei&scaron; s&aacute;m hovor&iacute;:<b> Nebojte sa&#8230;&ldquo;<\/b><i>Nebojte sa t&yacute;ch ktor&iacute; morduj&uacute; telo<\/i><b>, ale du&scaron;u nem&ocirc;\u017eu zamordova\u0165&ldquo;<\/b> . Ktor&iacute; &ndash; v najkrajnej&scaron;om pr&iacute;pade, ak na to maj&uacute; moc, prostriedky a aj zl&yacute; &uacute;mysel &#8211;&nbsp; <b>m&ocirc;\u017eu aj v&aacute;s &ndash;<\/b> nielen vysmieva\u0165, ale aj kame\u0148ova\u0165! Aj utl&aacute;\u010da\u0165, alebo obera\u0165 o pr&aacute;vo by\u0165 rovnocenn&yacute;mi ob\u010dami. V\u017edy s&uacute; vo svete aj tak&iacute;, ktor&iacute; hovoria a konaj&uacute; podobne ako t&iacute; spom&iacute;nan&iacute; v dobe &Scaron;tefanovej. V\u017edy s&uacute; tu:&ldquo;<i> \u013eudia rovn&iacute; a&nbsp; rovnej&scaron;&iacute;&ldquo;<\/i>&#8230;Ani po\u010das tohotoro\u010dn&yacute;ch sviatkov nie v&scaron;etci uverili v P&aacute;na a prijali evanjelium.<\/p>\n<p style=\"margin: 0.0px 0.0px 0.0px 0.0px; font: 12.0px Times New Roman; min-height: 15.0px\">&nbsp; &nbsp;<\/p>\n<p style=\"margin: 0.0px 0.0px 0.0px 0.0px; font: 12.0px Times New Roman\">&nbsp;&nbsp; &nbsp; Narodenie P&aacute;na Je\u017ei&scaron;a &bdquo;v n&aacute;s&ldquo;,&nbsp; na&scaron;a ochota prija\u0165 Jeho dar sp&aacute;sy,&nbsp; milosti, l&aacute;sky a odpustenie hriechov neznamen&aacute;, \u017ee n&aacute;s za to bude ma\u0165&nbsp; ka\u017ed&yacute; r&aacute;d! Hrie&scaron;ny svet m&aacute; svoje vlastn&eacute; celebrity, svojich&nbsp; hrdinov, svoje cesty a svoj sp&ocirc;sob sl&aacute;vy&#8230;Preto n&aacute;s chce P&aacute;n Je\u017ei&scaron; povzbudi\u0165! Posilni\u0165! Pote&scaron;i\u0165 a odu&scaron;evni\u0165, aby sme v strachu pre zl&yacute;mi \u013eu\u010fmi nec&uacute;vli, nevzdali sa viery, l&aacute;sky, slu\u017eby a n&aacute;deje na ve\u010dn&yacute; \u017eivot! Preto hovor&iacute; u\u017e nie iba anjel, ale s&aacute;m P&aacute;n<span style=\"font: 16.0px Times New Roman\"><b>:<\/b> &bdquo;<i>Nebojte sa t&yacute;ch, ktor&iacute; morduj&uacute; telo, ale du&scaron;u nem&ocirc;\u017eu zamordova\u0165 &#8211; rad&scaron;ej sa bojte&nbsp; Toho,ktor&yacute; aj du&scaron;u aj telo m&ocirc;\u017ee zahubi\u0165 v pekle&ldquo;. T<\/i>ento a podobn&eacute; v&yacute;roky P&aacute;na Je\u017ei&scaron;a neru&scaron;ia to prv&eacute;, \u010do sme ako Bo\u017e&iacute; oznam a s\u013eub po\u010duli! Spasite\u013e, Z&aacute;chranca sa n&aacute;m skuto\u010dne narodil! Vykupite\u013e skuto\u010dne pri&scaron;iel na svet. Je tu Ten, \u010do zachra\u0148uje a d&aacute;va ve\u010dn&yacute; \u017eivot, i ke\u010f my &ldquo;<i> cez mnoh&eacute; s&uacute;\u017eenia mus&iacute;me vojs\u0165 do kr&aacute;\u013eovstva nebesk&eacute;ho&ldquo;<\/i>!&nbsp;<\/span><\/p>\n<p style=\"margin: 0.0px 0.0px 0.0px 0.0px; font: 12.0px Times New Roman; min-height: 15.0px\">&nbsp;<\/p>\n<p style=\"margin: 0.0px 0.0px 0.0px 0.0px; font: 12.0px Times New Roman\">&nbsp;&nbsp; &nbsp; Mil&iacute; bratia a sestry!<\/p>\n<p style=\"margin: 0.0px 0.0px 0.0px 0.0px; font: 12.0px Times New Roman\">&nbsp;&nbsp; &nbsp; Slov&aacute; P&aacute;na Je\u017ei&scaron;a s&uacute; slovami na na&scaron;u cestu n&aacute;vratu do v&scaron;edn&yacute;ch dn&iacute;, ktor&eacute; u\u017e zajtraj&scaron;&iacute;m d\u0148om prich&aacute;dzaj&uacute;. S&uacute; slovami na cestu z kruhu rodinn&eacute;ho spolo\u010denstva do r&ocirc;znych povolan&iacute;, pr&aacute;c, slu\u017eby, do r&ocirc;znych vz\u0165ahov a n&aacute;vratu do kolekt&iacute;vov po d\u0148och sviato\u010dn&yacute;ch. Tu v&scaron;ade, nielen v na&scaron;ich rodin&aacute;ch a v kruhu najbli\u017e&scaron;&iacute;ch, sa budeme ma\u0165 mo\u017enos\u0165 dok&aacute;za\u0165 ako t&iacute;, \u010do sl&aacute;vili naozaj radostne a pravdivo narodenie Z&aacute;chrancu a Darcu \u017eivota ve\u010dn&eacute;ho. Nez\u013eaknime sa nikoho a ni\u010doho. Ani otvoren&yacute;ch, ani skryt&yacute;ch nepriate\u013eov.<\/p>\n<p style=\"margin: 0.0px 0.0px 0.0px 0.0px; font: 16.0px Times New Roman; min-height: 18.0px\">&nbsp;<\/p>\n<p style=\"margin: 0.0px 0.0px 0.0px 0.0px; font: 12.0px Times New Roman\">&nbsp; &nbsp; &nbsp; V\u010faka P&aacute;nu Bohu, nie sme v situ&aacute;cii, \u017ee by n&aacute;m i&scaron;lo priamo o \u017eivot.<\/p>\n<p style=\"margin: 0.0px 0.0px 0.0px 0.0px; font: 16.0px Times New Roman\">O stratu &bdquo;<i>hrdla, cti a statkov<\/i> &bdquo;- i ke\u010f nie sme a nebudeme ako kres\u0165ania ani v z&aacute;vetr&iacute;, ani na v&yacute;sln&iacute;! To ani nechcime, ani ne\u010dakajme. Ale nebojme sa! Nikoho a ni\u010doho, lebo P&aacute;n a Jeho milos\u0165 a moc bude s nami.&nbsp;<\/p>\n<p style=\"margin: 0.0px 0.0px 0.0px 0.0px; font: 16.0px Times New Roman\">Bojme sa iba duchovnej smrti a smrti ve\u010dnej, ktor&aacute; je hrozbou pre ka\u017ed&uacute; duchovn&uacute; ospalos\u0165, alebo pre&nbsp; ka\u017ed&yacute; i&scaron;kariotizmus. Bojme sa iba &bdquo;<i>Toho, ktor&yacute; du&scaron;u aj telo m&ocirc;\u017ee zahubi\u0165 v pekle&ldquo;.<\/i><\/p>\n<p style=\"margin: 0.0px 0.0px 0.0px 0.0px; font: 16.0px Times New Roman; min-height: 18.0px\"><i>&nbsp;<\/i><\/p>\n<p style=\"margin: 0.0px 0.0px 0.0px 0.0px; font: 16.0px Times New Roman\"><span style=\"font: 12.0px Times New Roman\">&nbsp;&nbsp; &nbsp; P&aacute;n Je\u017ei&scaron; Kristus n&aacute;m v&scaron;ak d&aacute;va aj dnes svoje slovo, svoje odpustenie i&nbsp; svoje telo a krv ako prav&yacute; pokrm a n&aacute;poj k \u017eivotu ve\u010dn&eacute;mu vo svojej<\/span><b> Sv&auml;tej Ve\u010deri. <\/b>Chce by\u0165 s nami, aby sme aj my boli v\u017edy s N&iacute;m. To, \u010do On pre n&aacute;s z&iacute;skal st&aacute;le plat&iacute; a trv&aacute;: &#8211; toti\u017e skuto\u010dnos\u0165, \u017ee n&aacute;m otvoril dvere neba a br&aacute;nu raja.<\/p>\n<p style=\"margin: 0.0px 0.0px 0.0px 0.0px; font: 12.0px Times New Roman; min-height: 15.0px\">&nbsp;<\/p>\n<p style=\"margin: 0.0px 0.0px 0.0px 0.0px; font: 12.0px Times New Roman\">&nbsp; &nbsp; &nbsp; Povzbu\u010fme sa aj pr&iacute;kladom &Scaron;tefanov&yacute;m a jeho mu\u010den&iacute;ckou smr\u0165ou. Aj jeho krv sa stala semenom mnoh&yacute;ch nov&yacute;ch kres\u0165anov. Dodnes&nbsp; je \u017eiariv&yacute;m a burcuj&uacute;cim pr&iacute;kladom k odvahe viery a k slu\u017ebe l&aacute;sky v prospech in&yacute;ch. O &Scaron;tefanovom kone\u010dnom &uacute;dele nepochybujme. Videl &bdquo;<span style=\"font: 16.0px Times New Roman\"><i>nebes&aacute; otvoren&eacute; a Je\u017ei&scaron;a st&aacute;\u0165 na pravici Bo\u017eej<\/i>&ldquo;. Jeho modlitba bola vypo\u010dut&aacute;:&ldquo;<i>Pane, Je\u017ei&scaron;i, pr&iacute;jmi m&ocirc;ho ducha &#8211; a im nepo\u010d&iacute;taj tento hriech<\/i>&ldquo;. <b>Ka\u017ed&yacute;&nbsp; mart&yacute;r <\/b>&#8211; <b>mu\u010den&iacute;k pre Krista sa \u010dasnou smr\u0165ou narod&iacute; priamo v nebi a je oven\u010den&yacute; vencom v&iacute;\u0165aztva z r&uacute;k svojho P&aacute;na.<\/b><\/span><\/p>\n<p style=\"margin: 0.0px 0.0px 0.0px 0.0px; font: 12.0px Times New Roman; min-height: 15.0px\">&nbsp;<\/p>\n<p style=\"margin: 0.0px 0.0px 0.0px 0.0px; font: 16.0px Times New Roman\">&nbsp;&nbsp; &nbsp;Plat&iacute; to, \u010do spievame v na&scaron;om viano\u010dnom chor&aacute;le: Nebo otvoren&eacute;!&nbsp;<\/p>\n<p style=\"margin: 0.0px 0.0px 0.0px 0.0px; font: 16.0px Times New Roman\"><span style=\"font: 12.0px Times New Roman\">&nbsp;&nbsp; &nbsp; <\/span><i>Nebo otvoren&eacute;,&nbsp;<\/i><\/p>\n<p style=\"margin: 0.0px 0.0px 0.0px 0.0px; font: 16.0px Times New Roman\"><i>&nbsp; &nbsp; Sl&aacute;va Bohu sl&aacute;va,<\/i><\/p>\n<p style=\"margin: 0.0px 0.0px 0.0px 0.0px; font: 16.0px Times New Roman\"><span style=\"font: 12.0px Times New Roman\">&nbsp; &nbsp; <\/span><i>pr&aacute;por Kristov veje,<\/i><\/p>\n<p style=\"margin: 0.0px 0.0px 0.0px 0.0px; font: 16.0px Times New Roman\"><span style=\"font: 12.0px Times New Roman\">&nbsp; &nbsp; <\/span><i>v sv&auml;t&yacute; boj zvol&aacute;va.<\/i><\/p>\n<p style=\"margin: 0.0px 0.0px 0.0px 0.0px; font: 16.0px Times New Roman\"><span style=\"font: 12.0px Times New Roman\">&nbsp; &nbsp; <\/span><i>Pode\u0148 si sta\u0165 treba,<\/i><\/p>\n<p style=\"margin: 0.0px 0.0px 0.0px 0.0px; font: 16.0px Times New Roman\"><span style=\"font: 12.0px Times New Roman\">&nbsp; &nbsp; <\/span><i>pod n&iacute;m dosiahneme<\/i><\/p>\n<p style=\"margin: 0.0px 0.0px 0.0px 0.0px; font: 16.0px Times New Roman\">&nbsp; &nbsp;ve\u010dn&uacute; sl&aacute;vu neba! &nbsp; ( ES 49,5) Amen.<\/p>\n<p style=\"margin: 0.0px 0.0px 0.0px 0.0px; font: 12.0px Times New Roman; min-height: 15.0px\">&nbsp;<\/p>\n<p style=\"margin: 0.0px 0.0px 0.0px 0.0px; font: 16.0px Times New Roman\"><span style=\"font: 12.0px Times New Roman\">&nbsp;&nbsp; &nbsp; &nbsp; &nbsp; &nbsp; &nbsp; &nbsp; &nbsp; &nbsp; &nbsp; &nbsp; &nbsp; &nbsp; &nbsp; &nbsp;&nbsp;<\/span>II.sv.viano\u010dn&yacute;- sviatok mu\u010den&iacute;ka &Scaron;tefana &#8211; Rovensko a Soboti&scaron;te 2010<\/p>\n<p style=\"margin: 0.0px 0.0px 0.0px 0.0px; font: 16.0px Times New Roman\"><i>&nbsp;&nbsp; &nbsp; &nbsp; &nbsp; &nbsp; &nbsp; &nbsp; &nbsp; &nbsp; &nbsp; &nbsp; &nbsp; &nbsp; &nbsp; &nbsp; &nbsp; &nbsp; &nbsp; &nbsp; &nbsp; &nbsp; &nbsp; &nbsp; &nbsp; &nbsp; &nbsp; &nbsp; &nbsp; &nbsp; &nbsp; &nbsp; &nbsp; &nbsp; &nbsp; &nbsp; &nbsp; &nbsp; &nbsp; &nbsp; &nbsp; &nbsp; &nbsp; &nbsp; &nbsp; &nbsp;&nbsp;\u013d.Batka st.<\/i><\/p>\n<div><i><br \/>\n<\/i><\/div>\n","protected":false},"excerpt":{"rendered":"<p>&nbsp;&nbsp;&nbsp; &nbsp; &nbsp; &nbsp; &nbsp; &nbsp; &nbsp; &nbsp; &nbsp; &nbsp; &nbsp; &nbsp; &nbsp; &nbsp; &nbsp; &nbsp; &nbsp; &nbsp; &nbsp; &nbsp; &nbsp; &nbsp; &nbsp; &nbsp; &nbsp; &nbsp; &nbsp; &nbsp; &nbsp; &nbsp; &nbsp; &nbsp; &nbsp; &nbsp; &nbsp; &nbsp; &nbsp; &nbsp; &nbsp; &nbsp; &nbsp; &nbsp;Mu\u010den&iacute;ka &Scaron;tefana &Iacute;s\u0165 s Tebou, Kriste, i kr&iacute;\u017e nies\u0165 zna\u010d&iacute; a c&iacute;ti\u0165 rados\u0165 i &#8230; <a title=\"Mu\u010den\u00edka \u0160tefana\" class=\"read-more\" href=\"https:\/\/www.e-anjelik.sk\/index.php\/2010\/12\/27\/mucenika-stefana\/\" aria-label=\"Pre\u010d\u00edtajte si viac o Mu\u010den\u00edka \u0160tefana\">\u010c\u00edta\u0165 viac<\/a><\/p>\n","protected":false},"author":4,"featured_media":0,"comment_status":"open","ping_status":"open","sticky":false,"template":"","format":"standard","meta":{"footnotes":""},"categories":[121,159],"tags":[192],"class_list":["post-3270","post","type-post","status-publish","format-standard","hentry","category-kazne","category-vianoce","tag-kazen"],"_links":{"self":[{"href":"https:\/\/www.e-anjelik.sk\/index.php\/wp-json\/wp\/v2\/posts\/3270","targetHints":{"allow":["GET"]}}],"collection":[{"href":"https:\/\/www.e-anjelik.sk\/index.php\/wp-json\/wp\/v2\/posts"}],"about":[{"href":"https:\/\/www.e-anjelik.sk\/index.php\/wp-json\/wp\/v2\/types\/post"}],"author":[{"embeddable":true,"href":"https:\/\/www.e-anjelik.sk\/index.php\/wp-json\/wp\/v2\/users\/4"}],"replies":[{"embeddable":true,"href":"https:\/\/www.e-anjelik.sk\/index.php\/wp-json\/wp\/v2\/comments?post=3270"}],"version-history":[{"count":0,"href":"https:\/\/www.e-anjelik.sk\/index.php\/wp-json\/wp\/v2\/posts\/3270\/revisions"}],"wp:attachment":[{"href":"https:\/\/www.e-anjelik.sk\/index.php\/wp-json\/wp\/v2\/media?parent=3270"}],"wp:term":[{"taxonomy":"category","embeddable":true,"href":"https:\/\/www.e-anjelik.sk\/index.php\/wp-json\/wp\/v2\/categories?post=3270"},{"taxonomy":"post_tag","embeddable":true,"href":"https:\/\/www.e-anjelik.sk\/index.php\/wp-json\/wp\/v2\/tags?post=3270"}],"curies":[{"name":"wp","href":"https:\/\/api.w.org\/{rel}","templated":true}]}}