{"id":32705,"date":"2019-07-02T10:31:45","date_gmt":"2019-07-02T08:31:45","guid":{"rendered":"http:\/\/e-anjelik.sk\/?p=32705"},"modified":"2019-07-08T17:35:13","modified_gmt":"2019-07-08T15:35:13","slug":"letna-akademia-na-ebf","status":"publish","type":"post","link":"https:\/\/www.e-anjelik.sk\/index.php\/2019\/07\/02\/letna-akademia-na-ebf\/","title":{"rendered":"Letn\u00e1 akad\u00e9mia na EBF"},"content":{"rendered":"\n<p><a href=\"https:\/\/moja.uniba.sk\/\">m<\/a><\/p>\n\n\n\n<figure class=\"wp-block-image\"><a href=\"https:\/\/www.fevth.uniba.sk\/\"><img decoding=\"async\" src=\"https:\/\/www.fevth.uniba.sk\/fileadmin\/templates\/img\/logos\/logoEBF95exp5.png\" alt=\"\"\/><\/a><\/figure>\n\n\n\n<p><strong>E<\/strong><\/p>\n\n\n\n<h1 class=\"wp-block-heading\">LETN\u00c1 TEOLOGICK\u00c1 AKAD\u00c9MIA S ROBERTOM A. KOLBOM<\/h1>\n\n\n\n<h2 class=\"wp-block-heading\">2.-5. j\u00fal 2018<\/h2>\n\n\n\n<figure class=\"wp-block-image\"><img decoding=\"async\" src=\"https:\/\/www.fevth.uniba.sk\/typo3temp\/pics\/SK_poster_LTA_2018_e0a18a1a1d.jpg\" alt=\"\"\/><\/figure>\n\n\n\n<p><em>\u201eLuther objavil, \u017ee je to Boh, kto iniciuje vz\u0165ah, ktor\u00fd zachra\u0148uje \u010dloveka z&nbsp;hrie\u0161neho stavu. Boh tak rob\u00ed \u2013 pod\u013ea Lutherovho presved\u010denia \u2013 pr\u00e1ve t\u00fdm, \u017ee komunikuje s&nbsp;\u010dlovekom a&nbsp;obnovuje tak dial\u00f3g, ktor\u00fd formoval od samotn\u00e9ho po\u010diatku vz\u0165ah medzi Stvorite\u013eom a&nbsp;stvorenstvom.\u201c<\/em><\/p>\n\n\n\n<p><em>Martin Luther and the Enduring Word of God: The Wittenberg School and Its Scripture-Centered Proclamation<\/em>&nbsp;(Grand Rapids: Baker Academic, 2016), s. 467.<\/p>\n\n\n\n<p>&nbsp;&nbsp;&nbsp;&nbsp;&nbsp;&nbsp;&nbsp;&nbsp;&nbsp;&nbsp;&nbsp;&nbsp;&nbsp;&nbsp;&nbsp;&nbsp;&nbsp;&nbsp;&nbsp;&nbsp;&nbsp;&nbsp;&nbsp;&nbsp;&nbsp;&nbsp;&nbsp;&nbsp;&nbsp;&nbsp;&nbsp;&nbsp;&nbsp;&nbsp;&nbsp;&nbsp;&nbsp;&nbsp;&nbsp;&nbsp;&nbsp;&nbsp;&nbsp;&nbsp;&nbsp;&nbsp;&nbsp;&nbsp;&nbsp;&nbsp;&nbsp;&nbsp;&nbsp;&nbsp;&nbsp;&nbsp;&nbsp;&nbsp;&nbsp;&nbsp;&nbsp;&nbsp;&nbsp;&nbsp;&nbsp;&nbsp;&nbsp;&nbsp;&nbsp;&nbsp;&nbsp;&nbsp;&nbsp;&nbsp;&nbsp;&nbsp;&nbsp;&nbsp;&nbsp;&nbsp;&nbsp;&nbsp;&nbsp;&nbsp;&nbsp;&nbsp;&nbsp;&nbsp;&nbsp;&nbsp;&nbsp;&nbsp;&nbsp;&nbsp;&nbsp;&nbsp;&nbsp;&nbsp;&nbsp;&nbsp;&nbsp;&nbsp;&nbsp;&nbsp;&nbsp;&nbsp;&nbsp;&nbsp;&nbsp;&nbsp;&nbsp;&nbsp;&nbsp;&nbsp;&nbsp;&nbsp;&nbsp; Robert A. Kolb<\/p>\n\n\n\n<p>(Emeritn\u00fd profesor systematickej teol\u00f3gie na Concordia Seminary, St. Louis, USA)<\/p>\n\n\n\n<p><strong>Evanjelick\u00e1 bohosloveck\u00e1 fakulta<\/strong><\/p>\n\n\n\n<p>V\u00e1s srde\u010dne poz\u00fdva na tohtoro\u010dn\u00fa Letn\u00fa teologick\u00fa akad\u00e9miu s&nbsp;<strong>Prof. Dr. Dr.h.c. Robertom A. Kolbom<\/strong>&nbsp;a PhDr. Evou Kowalskou, DrSc. (Historick\u00fd \u00fastav Slovenskej akad\u00e9mie vied). LTA 2018 sa tradi\u010dne uskuto\u010dn\u00ed na p\u00f4de Evanjelickej bohosloveckej fakulty Univerzity Komensk\u00e9ho v&nbsp;d\u0148och od 02. do 05. j\u00fala 2018. Predmetom spolo\u010dn\u00fdch teologick\u00fdch \u00favah a&nbsp;diskusi\u00ed je Lutherova interpret\u00e1cia pretrv\u00e1vaj\u00faceho Slova Bo\u017eieho v&nbsp;kontexte \u201eWittenbergskej \u0161koly\u201c, ktorej nasleduj\u00face gener\u00e1cie zotrv\u00e1vali a&nbsp;pokra\u010dovali v zvestovan\u00ed P\u00edsma.<\/p>\n\n\n\n<p><strong><a href=\"https:\/\/www.fevth.uniba.sk\/fileadmin\/ebf\/Veda\/LTA_2018\/EN_SK_LTA_Program_2018.pdf\">Program LTA 2018_EN_SK<\/a><\/strong><\/p>\n\n\n\n<p><strong><a href=\"https:\/\/www.fevth.uniba.sk\/fileadmin\/ebf\/Veda\/LTA_2018\/Prihla__s__ka_na_LTA_2018.doc\">Registra\u010dn\u00fd formul\u00e1r&nbsp;<\/a><\/strong><strong><a href=\"https:\/\/www.fevth.uniba.sk\/fileadmin\/ebf\/Veda\/LTA_2018\/Prihla__s__ka_na_LTA_2018.doc\">(<em>bli\u017e\u0161ie inform\u00e1cie v prihl\u00e1\u0161ke<\/em>)<\/a><\/strong><\/p>\n\n\n\n<p>Prihl\u00e1\u0161ky, pros\u00edm, zasielajte do 20. j\u00fana 2018.<\/p>\n\n\n\n<p><strong>Registr\u00e1cia &amp; kontakt<\/strong><\/p>\n\n\n\n<p>Adri\u00e1na Biela<\/p>\n\n\n\n<p>biela@fevth.uniba.sk<\/p>\n\n\n\n<p>D\u00e1vid Benka<\/p>\n\n\n\n<p>benkad@fevth.uniba.sk<\/p>\n\n\n\n<p>Maro\u0161 Nic\u00e1k<\/p>\n\n\n\n<p>maros.nicak@fevth.uniba.sk<\/p>\n\n\n\n<p>EBF UK | Bart\u00f3kova 8, 811 02 Bratislava, Slovensko | facebook.com\/EBF.UK<\/p>\n","protected":false},"excerpt":{"rendered":"<p>m E LETN\u00c1 TEOLOGICK\u00c1 AKAD\u00c9MIA S ROBERTOM A. KOLBOM 2.-5. j\u00fal 2018 \u201eLuther objavil, \u017ee je to Boh, kto iniciuje vz\u0165ah, ktor\u00fd zachra\u0148uje \u010dloveka z&nbsp;hrie\u0161neho stavu. Boh tak rob\u00ed \u2013 pod\u013ea Lutherovho presved\u010denia \u2013 pr\u00e1ve t\u00fdm, \u017ee komunikuje s&nbsp;\u010dlovekom a&nbsp;obnovuje tak dial\u00f3g, ktor\u00fd formoval od samotn\u00e9ho po\u010diatku vz\u0165ah medzi Stvorite\u013eom a&nbsp;stvorenstvom.\u201c Martin Luther and the &#8230; <a title=\"Letn\u00e1 akad\u00e9mia na EBF\" class=\"read-more\" href=\"https:\/\/www.e-anjelik.sk\/index.php\/2019\/07\/02\/letna-akademia-na-ebf\/\" aria-label=\"Pre\u010d\u00edtajte si viac o Letn\u00e1 akad\u00e9mia na EBF\">\u010c\u00edta\u0165 viac<\/a><\/p>\n","protected":false},"author":4,"featured_media":0,"comment_status":"open","ping_status":"open","sticky":false,"template":"","format":"standard","meta":{"footnotes":""},"categories":[1],"tags":[],"class_list":["post-32705","post","type-post","status-publish","format-standard","hentry","category-adventna-modlitba"],"_links":{"self":[{"href":"https:\/\/www.e-anjelik.sk\/index.php\/wp-json\/wp\/v2\/posts\/32705","targetHints":{"allow":["GET"]}}],"collection":[{"href":"https:\/\/www.e-anjelik.sk\/index.php\/wp-json\/wp\/v2\/posts"}],"about":[{"href":"https:\/\/www.e-anjelik.sk\/index.php\/wp-json\/wp\/v2\/types\/post"}],"author":[{"embeddable":true,"href":"https:\/\/www.e-anjelik.sk\/index.php\/wp-json\/wp\/v2\/users\/4"}],"replies":[{"embeddable":true,"href":"https:\/\/www.e-anjelik.sk\/index.php\/wp-json\/wp\/v2\/comments?post=32705"}],"version-history":[{"count":1,"href":"https:\/\/www.e-anjelik.sk\/index.php\/wp-json\/wp\/v2\/posts\/32705\/revisions"}],"predecessor-version":[{"id":32706,"href":"https:\/\/www.e-anjelik.sk\/index.php\/wp-json\/wp\/v2\/posts\/32705\/revisions\/32706"}],"wp:attachment":[{"href":"https:\/\/www.e-anjelik.sk\/index.php\/wp-json\/wp\/v2\/media?parent=32705"}],"wp:term":[{"taxonomy":"category","embeddable":true,"href":"https:\/\/www.e-anjelik.sk\/index.php\/wp-json\/wp\/v2\/categories?post=32705"},{"taxonomy":"post_tag","embeddable":true,"href":"https:\/\/www.e-anjelik.sk\/index.php\/wp-json\/wp\/v2\/tags?post=32705"}],"curies":[{"name":"wp","href":"https:\/\/api.w.org\/{rel}","templated":true}]}}