{"id":32707,"date":"2019-07-03T14:34:34","date_gmt":"2019-07-03T12:34:34","guid":{"rendered":"http:\/\/e-anjelik.sk\/?p=32707"},"modified":"2019-07-08T15:24:42","modified_gmt":"2019-07-08T13:24:42","slug":"evanjelicky-posol-bude-meskat","status":"publish","type":"post","link":"https:\/\/www.e-anjelik.sk\/index.php\/2019\/07\/03\/evanjelicky-posol-bude-meskat\/","title":{"rendered":"Evanjelick\u00fd posol bude me\u0161ka\u0165"},"content":{"rendered":"\n<h1 class=\"wp-block-heading\"><\/h1>\n\n\n<figure class=\"wp-block-image\"><a href=\"https:\/\/www.ecav.sk\/rails\/active_storage\/blobs\/eyJfcmFpbHMiOnsibWVzc2FnZSI6IkJBaHBBZ0Y4IiwiZXhwIjpudWxsLCJwdXIiOiJibG9iX2lkIn19--d7d47bab12befa9e68e9e8f753f999f47f1f977f\/Screenshot_3.jpg\"><img decoding=\"async\" src=\"https:\/\/www.ecav.sk\/rails\/active_storage\/representations\/eyJfcmFpbHMiOnsibWVzc2FnZSI6IkJBaHBBZ0Y4IiwiZXhwIjpudWxsLCJwdXIiOiJibG9iX2lkIn19--d7d47bab12befa9e68e9e8f753f999f47f1f977f\/eyJfcmFpbHMiOnsibWVzc2FnZSI6IkJBaDdCam9MY21WemFYcGxTU0lJT1RBd0Jqb0dSVlE9IiwiZXhwIjpudWxsLCJwdXIiOiJ2YXJpYXRpb24ifX0=--f83398908a42570f1be2d2870fc3e62f317d893b\/Screenshot_3.jpg\" alt=\"Evanjelick\u00fd posol spod Tatier\"><\/a><\/figure>\n\n\n<ul class=\"wp-block-list\">\n  <li>&nbsp;03.07.19<\/li>\n  <li>&nbsp;&nbsp;Predsedn\u00edctvo ECAV<\/li>\n  <li>&nbsp;<a href=\"https:\/\/www.ecav.sk\/aktuality\/oznamy\/z-gbu\">&nbsp;Z GB\u00da<\/a><\/li>\n<\/ul>\n\n\n<p>Bratia a sestry. Informujeme, \u017ee v piatok, 28.6.2019 sa uskuto\u010dnilo riadne valn\u00e9 zhroma\u017edenie Tranoscia a.s. Akcion\u00e1ri odvolali zost\u00e1vaj\u00facich dvoch \u010dlenov predstavenstva a zvolili nov\u00fdch sedem \u010dlenov predstavenstva a troch \u010dlenov dozornej rady. Pr\u00e1ve z d\u00f4vodu t\u00fdchto zmien nevy\u0161lo 26. \u010d\u00edslo Evanjelick\u00e9ho posla, ktor\u00e9 malo by\u0165 distribuovan\u00e9 3. j\u00fala 2019. Za nepr\u00edjemnosti sa ospravedl\u0148ujeme a ubezpe\u010dujeme, \u017ee \u010fal\u0161ie \u010d\u00edslo vyjde do dvoch t\u00fd\u017ed\u0148ov.&nbsp;<\/p>\n","protected":false},"excerpt":{"rendered":"<p>&nbsp;03.07.19 &nbsp;&nbsp;Predsedn\u00edctvo ECAV &nbsp;&nbsp;Z GB\u00da Bratia a sestry. Informujeme, \u017ee v piatok, 28.6.2019 sa uskuto\u010dnilo riadne valn\u00e9 zhroma\u017edenie Tranoscia a.s. Akcion\u00e1ri odvolali zost\u00e1vaj\u00facich dvoch \u010dlenov predstavenstva a zvolili nov\u00fdch sedem \u010dlenov predstavenstva a troch \u010dlenov dozornej rady. Pr\u00e1ve z d\u00f4vodu t\u00fdchto zmien nevy\u0161lo 26. \u010d\u00edslo Evanjelick\u00e9ho posla, ktor\u00e9 malo by\u0165 distribuovan\u00e9 3. j\u00fala 2019. Za &#8230; <a title=\"Evanjelick\u00fd posol bude me\u0161ka\u0165\" class=\"read-more\" href=\"https:\/\/www.e-anjelik.sk\/index.php\/2019\/07\/03\/evanjelicky-posol-bude-meskat\/\" aria-label=\"Pre\u010d\u00edtajte si viac o Evanjelick\u00fd posol bude me\u0161ka\u0165\">\u010c\u00edta\u0165 viac<\/a><\/p>\n","protected":false},"author":4,"featured_media":0,"comment_status":"open","ping_status":"open","sticky":false,"template":"","format":"standard","meta":{"footnotes":""},"categories":[1],"tags":[],"class_list":["post-32707","post","type-post","status-publish","format-standard","hentry","category-adventna-modlitba"],"_links":{"self":[{"href":"https:\/\/www.e-anjelik.sk\/index.php\/wp-json\/wp\/v2\/posts\/32707","targetHints":{"allow":["GET"]}}],"collection":[{"href":"https:\/\/www.e-anjelik.sk\/index.php\/wp-json\/wp\/v2\/posts"}],"about":[{"href":"https:\/\/www.e-anjelik.sk\/index.php\/wp-json\/wp\/v2\/types\/post"}],"author":[{"embeddable":true,"href":"https:\/\/www.e-anjelik.sk\/index.php\/wp-json\/wp\/v2\/users\/4"}],"replies":[{"embeddable":true,"href":"https:\/\/www.e-anjelik.sk\/index.php\/wp-json\/wp\/v2\/comments?post=32707"}],"version-history":[{"count":2,"href":"https:\/\/www.e-anjelik.sk\/index.php\/wp-json\/wp\/v2\/posts\/32707\/revisions"}],"predecessor-version":[{"id":32718,"href":"https:\/\/www.e-anjelik.sk\/index.php\/wp-json\/wp\/v2\/posts\/32707\/revisions\/32718"}],"wp:attachment":[{"href":"https:\/\/www.e-anjelik.sk\/index.php\/wp-json\/wp\/v2\/media?parent=32707"}],"wp:term":[{"taxonomy":"category","embeddable":true,"href":"https:\/\/www.e-anjelik.sk\/index.php\/wp-json\/wp\/v2\/categories?post=32707"},{"taxonomy":"post_tag","embeddable":true,"href":"https:\/\/www.e-anjelik.sk\/index.php\/wp-json\/wp\/v2\/tags?post=32707"}],"curies":[{"name":"wp","href":"https:\/\/api.w.org\/{rel}","templated":true}]}}