{"id":32709,"date":"2019-07-03T14:49:59","date_gmt":"2019-07-03T12:49:59","guid":{"rendered":"http:\/\/e-anjelik.sk\/?p=32709"},"modified":"2019-07-08T15:22:43","modified_gmt":"2019-07-08T13:22:43","slug":"vizia-ecav-20205","status":"publish","type":"post","link":"https:\/\/www.e-anjelik.sk\/index.php\/2019\/07\/03\/vizia-ecav-20205\/","title":{"rendered":"V\u00edzia ECAV 2020+5"},"content":{"rendered":"\n<ul class=\"wp-block-list\"><li> Jana Nunv\u00e1\u0159ov\u00e1, tla\u010dov\u00e1 tajomn\u00ed\u010dka<\/li><li> <a href=\"https:\/\/www.ecav.sk\/aktuality\/oznamy\"> Oznamy<\/a><\/li><\/ul>\n\n\n\n<figure class=\"wp-block-image\"><a href=\"https:\/\/www.ecav.sk\/rails\/active_storage\/blobs\/eyJfcmFpbHMiOnsibWVzc2FnZSI6IkJBaHBBdWQ3IiwiZXhwIjpudWxsLCJwdXIiOiJibG9iX2lkIn19--7cd058c33d275d4281ef02e3d3b84e6f13f5b3c8\/Screenshot_5.jpg\"><img decoding=\"async\" src=\"https:\/\/www.ecav.sk\/rails\/active_storage\/representations\/eyJfcmFpbHMiOnsibWVzc2FnZSI6IkJBaHBBdWQ3IiwiZXhwIjpudWxsLCJwdXIiOiJibG9iX2lkIn19--7cd058c33d275d4281ef02e3d3b84e6f13f5b3c8\/eyJfcmFpbHMiOnsibWVzc2FnZSI6IkJBaDdCam9MY21WemFYcGxTU0lJT1RBd0Jqb0dSVlE9IiwiZXhwIjpudWxsLCJwdXIiOiJ2YXJpYXRpb24ifX0=--f83398908a42570f1be2d2870fc3e62f317d893b\/Screenshot_5.jpg\" alt=\"V\u00cdZIA 2020 + 5\"\/><\/a><\/figure>\n\n\n\n<p>V\u00edzia bol v\u0161eobecn\u00fd dokument, predostret\u00fd \u0161irokej evanjelickej verejnosti, ktor\u00fd na\u010drtol oblasti, v ktor\u00fdch by sa mala ECAV, resp. jej \u010dlenovia, anga\u017eova\u0165. Ako by to mali robi\u0165, teda strat\u00e9gia naplnenia t\u00fdchto cie\u013eov zostala zaml\u010dan\u00e1. Mo\u017eno \u00famyselne. Veriaci, ktor\u00ed na dokument zareagovali, pon\u00fakli mno\u017estvo n\u00e1metov a pripomienok, za ktor\u00e9 srde\u010dne \u010fakujeme. Aj na z\u00e1klade toho vznikol dokument, ktor\u00fd prijala na vedomie aj Synoda na svojom zasadan\u00ed, 21.6.2019 v Pre\u0161ove. &nbsp;<\/p>\n\n\n\n<p>Na za\u010diatku bol tento dokument.&nbsp;<\/p>\n\n\n\n<p><a href=\"https:\/\/www.ecav.sk\/rails\/active_storage\/blobs\/eyJfcmFpbHMiOnsibWVzc2FnZSI6IkJBaHBBdUo3IiwiZXhwIjpudWxsLCJwdXIiOiJibG9iX2lkIn19--2c8add65f7018c4613cc84e850d3a60466164425\/Podnety%20na%20diskusiu%20o%20v%C3%ADzii%20a%20programe%20rozvoja%20ECAV.pdf\" rel=\"noreferrer noopener\" target=\"_blank\">Podnety na diskusiu o v\u00edzii a programe rozvoja ECAV<\/a><\/p>\n\n\n\n<p>Potom vznikol plag\u00e1tik, ktor\u00fd sme rozposlali do CZ ECAV na Slovensku.<\/p>\n\n\n\n<p><a href=\"https:\/\/www.ecav.sk\/rails\/active_storage\/blobs\/eyJfcmFpbHMiOnsibWVzc2FnZSI6IkJBaHBBdU43IiwiZXhwIjpudWxsLCJwdXIiOiJibG9iX2lkIn19--35321f5dc1b51c03723579f6bc3c9a7763f81fce\/ecav_vizia_skladacka_A4_V2.pdf\" rel=\"noreferrer noopener\" target=\"_blank\">V\u00edzia sklada\u010dka<\/a><\/p>\n\n\n\n<p>N\u00e1sledne ste posielali va\u0161e vz\u00e1cne podnety, ktor\u00e9 sme zosumarizovali do pracovn\u00e9ho dokumentu.<\/p>\n\n\n\n<p><a href=\"https:\/\/www.ecav.sk\/rails\/active_storage\/blobs\/eyJfcmFpbHMiOnsibWVzc2FnZSI6IkJBaHBBdVo3IiwiZXhwIjpudWxsLCJwdXIiOiJibG9iX2lkIn19--9df99d27f1d9e23e89b2d7f2836f657ac20f3cb5\/Podnety%20prijat%C3%A9%20k%20materi%C3%A1lu%20V%C3%ADzia%202020.pptx\" rel=\"noreferrer noopener\" target=\"_blank\">Podnety prijat\u00e9 k materi\u00e1lu V\u00edzia 2020<\/a><\/p>\n\n\n\n<p>A na z\u00e1klade toho vznikol dokument, ktor\u00fd prijala na vedomie aj Synoda 2019.<\/p>\n\n\n\n<p><a href=\"https:\/\/www.ecav.sk\/rails\/active_storage\/blobs\/eyJfcmFpbHMiOnsibWVzc2FnZSI6IkJBaHBBdjE3IiwiZXhwIjpudWxsLCJwdXIiOiJibG9iX2lkIn19--ef1493a1b1319360300bb687e9073b8a74592b1f\/V%C3%ADzia%202020.pdf\" target=\"_blank\" rel=\"noreferrer noopener\">V\u00edzia 2020.pdf<\/a><\/p>\n","protected":false},"excerpt":{"rendered":"<p>Jana Nunv\u00e1\u0159ov\u00e1, tla\u010dov\u00e1 tajomn\u00ed\u010dka Oznamy V\u00edzia bol v\u0161eobecn\u00fd dokument, predostret\u00fd \u0161irokej evanjelickej verejnosti, ktor\u00fd na\u010drtol oblasti, v ktor\u00fdch by sa mala ECAV, resp. jej \u010dlenovia, anga\u017eova\u0165. Ako by to mali robi\u0165, teda strat\u00e9gia naplnenia t\u00fdchto cie\u013eov zostala zaml\u010dan\u00e1. Mo\u017eno \u00famyselne. Veriaci, ktor\u00ed na dokument zareagovali, pon\u00fakli mno\u017estvo n\u00e1metov a pripomienok, za ktor\u00e9 srde\u010dne \u010fakujeme. Aj &#8230; <a title=\"V\u00edzia ECAV 2020+5\" class=\"read-more\" href=\"https:\/\/www.e-anjelik.sk\/index.php\/2019\/07\/03\/vizia-ecav-20205\/\" aria-label=\"Pre\u010d\u00edtajte si viac o V\u00edzia ECAV 2020+5\">\u010c\u00edta\u0165 viac<\/a><\/p>\n","protected":false},"author":4,"featured_media":0,"comment_status":"open","ping_status":"open","sticky":false,"template":"","format":"standard","meta":{"footnotes":""},"categories":[1],"tags":[],"class_list":["post-32709","post","type-post","status-publish","format-standard","hentry","category-adventna-modlitba"],"_links":{"self":[{"href":"https:\/\/www.e-anjelik.sk\/index.php\/wp-json\/wp\/v2\/posts\/32709","targetHints":{"allow":["GET"]}}],"collection":[{"href":"https:\/\/www.e-anjelik.sk\/index.php\/wp-json\/wp\/v2\/posts"}],"about":[{"href":"https:\/\/www.e-anjelik.sk\/index.php\/wp-json\/wp\/v2\/types\/post"}],"author":[{"embeddable":true,"href":"https:\/\/www.e-anjelik.sk\/index.php\/wp-json\/wp\/v2\/users\/4"}],"replies":[{"embeddable":true,"href":"https:\/\/www.e-anjelik.sk\/index.php\/wp-json\/wp\/v2\/comments?post=32709"}],"version-history":[{"count":2,"href":"https:\/\/www.e-anjelik.sk\/index.php\/wp-json\/wp\/v2\/posts\/32709\/revisions"}],"predecessor-version":[{"id":32717,"href":"https:\/\/www.e-anjelik.sk\/index.php\/wp-json\/wp\/v2\/posts\/32709\/revisions\/32717"}],"wp:attachment":[{"href":"https:\/\/www.e-anjelik.sk\/index.php\/wp-json\/wp\/v2\/media?parent=32709"}],"wp:term":[{"taxonomy":"category","embeddable":true,"href":"https:\/\/www.e-anjelik.sk\/index.php\/wp-json\/wp\/v2\/categories?post=32709"},{"taxonomy":"post_tag","embeddable":true,"href":"https:\/\/www.e-anjelik.sk\/index.php\/wp-json\/wp\/v2\/tags?post=32709"}],"curies":[{"name":"wp","href":"https:\/\/api.w.org\/{rel}","templated":true}]}}