{"id":32711,"date":"2019-07-06T22:21:33","date_gmt":"2019-07-06T20:21:33","guid":{"rendered":"http:\/\/e-anjelik.sk\/?p=32711"},"modified":"2025-09-16T18:11:26","modified_gmt":"2025-09-16T16:11:26","slug":"obraz-galejnika","status":"publish","type":"post","link":"https:\/\/www.e-anjelik.sk\/index.php\/2019\/07\/06\/obraz-galejnika\/","title":{"rendered":"Obraz galejn\u00edka"},"content":{"rendered":"\n<p><\/p>\n\n\n\n<figure class=\"wp-block-image\"><img decoding=\"async\" src=\"blob:http:\/\/e-anjelik.sk\/0aa7b718-57ad-4c63-88ec-fafa7b3b419c\" alt=\"\"\/><figcaption class=\"wp-element-caption\">Pam\u00e4tn\u00fd obraz galejn\u00edka<br><br><br> V gal\u00e9rii ma\u010farsk\u00e9ho n\u00e1rodn\u00e9ho m\u00fazea v Budape\u0161ti sa medzi in\u00fdmi nach\u00e1dza obraz, ktor\u00fd historickou udalos\u0165ou, ale i umeleck\u00fdm stv\u00e1rnen\u00edm vzbudzuje u\u017e na prv\u00fd poh\u013ead pozornos\u0165 a hlbok\u00fd dojem v du\u0161i pozorovate\u013ea. Je to obraz Valent\u00edna Kissa, ma\u010farsk\u00e9ho maliara, predstavuj\u00faci ako sa jablonick\u00fd J\u00c1N PETHES, na galeje ods\u00faden\u00fd kalv\u00ednsky k\u0148az, v obloku leopoldovsk\u00e9ho v\u00e4zenia l\u00fa\u010di so svojou dc\u00e9rou.<br><br> Stru\u010dn\u00fd obsah toho pam\u00e4tn\u00e9ho obrazu je nasledovn\u00fd. <br> Vid\u00edme na \u0148om v\u00e1\u017enu postavu k\u0148aza za mre\u017eami \u017eal\u00e1ra. Ke\u010f sa mu na p\u00f4vodnom obraze pozrieme do o\u010d\u00ed, mus\u00edme by\u0165 hlboko dojat\u00ed, pozoruj\u00fac prem\u00e1han\u00fd a zakr\u00fdvan\u00fd s\u00edce, ale v slzavom zraku zobrazen\u00fd hlbok\u00fd \u017eia\u013e v\u00e4z\u0148a. \u013davou rukou, na ktorej vis\u00ed re\u0165az si podopiera ubolen\u00fa hlavu. Poh\u013ead o\u010d\u00ed je nev\u00fdslovne prenikav\u00fd; mimovo\u013ene sperl\u00ed sa n\u00e1m v oku slza, ke\u010f sa do neho vh\u013abime. Dc\u00e9ra ktor\u00e1 stoj\u00ed vonku si zakr\u00fdva tv\u00e1r bielou vreckovkou do ktorej zachyt\u00e1va pr\u00fady hork\u00fdch s\u013az pri l\u00fa\u010den\u00ed s otcom. Vrko\u010de jej padaj\u00fa okolo krku z oboch str\u00e1n, hlavu m\u00e1 sklonen\u00fa. Pla\u010d\u00faci obli\u010daj nevid\u00edme, ale aj bez toho cel\u00fd jej zjav n\u00fati k b\u00f4\u013enemu s\u00facitu.<br><br> Samotn\u00fd obraz vyhotovil p\u00f4vodca vo viacer\u00fdch sp\u00f4soboch, ktor\u00e9 sa od p\u00f4vodn\u00e9ho v detailoch l\u00ed\u0161ia, ale v\u0161etky p\u00f4sobia rovnako mohutn\u00fdm dojmom.<br><br><br> Tento odtla\u010dok je vyhotoven\u00fd pod\u013ea obrazu, ktor\u00fd zn\u00e1my vynikaj\u00faci mu\u017e \u017digmund Iv\u00e1nka daroval na pamiatku Jurajovi Sl\u00e1vikovi, far\u00e1rovi da\u010dol\u00f4mskemu. Z tohoto obrazu vyhotovil fotografiu J\u00e1n Cablk z Krupiny a poskytol ju do Tranovsk\u00e9ho kalend\u00e1ra v roku 1910. K\u00f3pia obrazu sa nach\u00e1dza aj v zbierkach Muze\u00e1lnej slovenskej spolo\u010dnosti v Tur\u010dianskom Sv. Marine, kde namiesto devy je nama\u013eovan\u00e1 \u017eena s \u010diernym \u010depcom na hlave.<br> Tran.kal. 1910<br><\/figcaption><\/figure>\n","protected":false},"excerpt":{"rendered":"","protected":false},"author":4,"featured_media":0,"comment_status":"open","ping_status":"open","sticky":false,"template":"","format":"standard","meta":{"footnotes":""},"categories":[195,386,6,95,69,558],"tags":[],"class_list":["post-32711","post","type-post","status-publish","format-standard","hentry","category-evanjelicke-slovensko","category-historicke-okienko","category-myjavsky-seniorat","category-sobotiste","category-spominame","category-sviatok-konstantina-a-metoda"],"_links":{"self":[{"href":"https:\/\/www.e-anjelik.sk\/index.php\/wp-json\/wp\/v2\/posts\/32711","targetHints":{"allow":["GET"]}}],"collection":[{"href":"https:\/\/www.e-anjelik.sk\/index.php\/wp-json\/wp\/v2\/posts"}],"about":[{"href":"https:\/\/www.e-anjelik.sk\/index.php\/wp-json\/wp\/v2\/types\/post"}],"author":[{"embeddable":true,"href":"https:\/\/www.e-anjelik.sk\/index.php\/wp-json\/wp\/v2\/users\/4"}],"replies":[{"embeddable":true,"href":"https:\/\/www.e-anjelik.sk\/index.php\/wp-json\/wp\/v2\/comments?post=32711"}],"version-history":[{"count":4,"href":"https:\/\/www.e-anjelik.sk\/index.php\/wp-json\/wp\/v2\/posts\/32711\/revisions"}],"predecessor-version":[{"id":38545,"href":"https:\/\/www.e-anjelik.sk\/index.php\/wp-json\/wp\/v2\/posts\/32711\/revisions\/38545"}],"wp:attachment":[{"href":"https:\/\/www.e-anjelik.sk\/index.php\/wp-json\/wp\/v2\/media?parent=32711"}],"wp:term":[{"taxonomy":"category","embeddable":true,"href":"https:\/\/www.e-anjelik.sk\/index.php\/wp-json\/wp\/v2\/categories?post=32711"},{"taxonomy":"post_tag","embeddable":true,"href":"https:\/\/www.e-anjelik.sk\/index.php\/wp-json\/wp\/v2\/tags?post=32711"}],"curies":[{"name":"wp","href":"https:\/\/api.w.org\/{rel}","templated":true}]}}