{"id":3272,"date":"2010-12-28T09:04:19","date_gmt":"2010-12-28T09:04:19","guid":{"rendered":"http:\/\/e-anjelik.sk\/?p=3272"},"modified":"2010-12-28T09:04:19","modified_gmt":"2010-12-28T09:04:19","slug":"rev-gemechis-buba-je-riaditelom-misie-nalc","status":"publish","type":"post","link":"https:\/\/www.e-anjelik.sk\/index.php\/2010\/12\/28\/rev-gemechis-buba-je-riaditelom-misie-nalc\/","title":{"rendered":"Rev. Gemechis Buba je riadite\u013eom misie NALC"},"content":{"rendered":"<p>Vedenie Severoamerickej luter&aacute;nskej cirkvi (NALC) ohl&aacute;silo&nbsp; 13. dec. t.r., \u017ee far&aacute;r Rev. Gemechis Buba, doteraj&scaron;&iacute; v&yacute;znamn&yacute; predstavite\u013e ELCA (Evanjelicko-luter&aacute;nskej cirkvi v Amerike) ,kde zast&aacute;val funkciu riadite\u013ea africkej n&aacute;rodnej slu\u017eby , 8. decembra rezignoval z tejto poz&iacute;cie a prijal ponuku NALC by\u0165 riadite\u013eom misie NALC. Do tejto funkcie nast&uacute;pi 1. janu&aacute;ra&nbsp;2011.<\/p>\n<p>(<a href=\"http:\/\/www.thenalc.org\">www.thenalc.org<\/a>)&nbsp;<\/p>\n","protected":false},"excerpt":{"rendered":"<p>Vedenie Severoamerickej luter&aacute;nskej cirkvi (NALC) ohl&aacute;silo&nbsp; 13. dec. t.r., \u017ee far&aacute;r Rev. Gemechis Buba, doteraj&scaron;&iacute; v&yacute;znamn&yacute; predstavite\u013e ELCA (Evanjelicko-luter&aacute;nskej cirkvi v Amerike) ,kde zast&aacute;val funkciu riadite\u013ea africkej n&aacute;rodnej slu\u017eby , 8. decembra rezignoval z tejto poz&iacute;cie a prijal ponuku NALC by\u0165 riadite\u013eom misie NALC. Do tejto funkcie nast&uacute;pi 1. janu&aacute;ra&nbsp;2011. (www.thenalc.org)&nbsp;<\/p>\n","protected":false},"author":22,"featured_media":0,"comment_status":"open","ping_status":"open","sticky":false,"template":"","format":"standard","meta":{"footnotes":""},"categories":[46,10],"tags":[],"class_list":["post-3272","post","type-post","status-publish","format-standard","hentry","category-amerika","category-zo-sveta"],"_links":{"self":[{"href":"https:\/\/www.e-anjelik.sk\/index.php\/wp-json\/wp\/v2\/posts\/3272","targetHints":{"allow":["GET"]}}],"collection":[{"href":"https:\/\/www.e-anjelik.sk\/index.php\/wp-json\/wp\/v2\/posts"}],"about":[{"href":"https:\/\/www.e-anjelik.sk\/index.php\/wp-json\/wp\/v2\/types\/post"}],"author":[{"embeddable":true,"href":"https:\/\/www.e-anjelik.sk\/index.php\/wp-json\/wp\/v2\/users\/22"}],"replies":[{"embeddable":true,"href":"https:\/\/www.e-anjelik.sk\/index.php\/wp-json\/wp\/v2\/comments?post=3272"}],"version-history":[{"count":0,"href":"https:\/\/www.e-anjelik.sk\/index.php\/wp-json\/wp\/v2\/posts\/3272\/revisions"}],"wp:attachment":[{"href":"https:\/\/www.e-anjelik.sk\/index.php\/wp-json\/wp\/v2\/media?parent=3272"}],"wp:term":[{"taxonomy":"category","embeddable":true,"href":"https:\/\/www.e-anjelik.sk\/index.php\/wp-json\/wp\/v2\/categories?post=3272"},{"taxonomy":"post_tag","embeddable":true,"href":"https:\/\/www.e-anjelik.sk\/index.php\/wp-json\/wp\/v2\/tags?post=3272"}],"curies":[{"name":"wp","href":"https:\/\/api.w.org\/{rel}","templated":true}]}}