{"id":32728,"date":"2019-07-17T19:32:14","date_gmt":"2019-07-17T17:32:14","guid":{"rendered":"http:\/\/e-anjelik.sk\/?p=32728"},"modified":"2019-07-17T19:34:57","modified_gmt":"2019-07-17T17:34:57","slug":"teologicka-konferencia-2019-bude-v-poprade","status":"publish","type":"post","link":"https:\/\/www.e-anjelik.sk\/index.php\/2019\/07\/17\/teologicka-konferencia-2019-bude-v-poprade\/","title":{"rendered":"Teologick\u00e1 konferencia 2019 bude v Poprade"},"content":{"rendered":"\n<figure class=\"wp-block-image\"><img decoding=\"async\" src=\"https:\/\/www.ecav.sk\/rails\/active_storage\/blobs\/eyJfcmFpbHMiOnsibWVzc2FnZSI6IkJBaHBBbGg4IiwiZXhwIjpudWxsLCJwdXIiOiJibG9iX2lkIn19--2f259304cb251669e034c8ec9c88bf94e86995cb\/1%20nova.jpg\" alt=\"iPad\"\/><\/figure>\n\n\n\n<p>Mil\u00ed bratia a sestry, gener\u00e1lny biskup ECAV na Slovensku Ivan E\u013eko poz\u00fdva ordinovan\u00fdch bratov a sestry na Teologick\u00fa konferenciu 2019, ktor\u00e1 sa bude kona\u0165 v d\u0148och 1. \u2013 3. okt\u00f3bra 2019 v hoteli Satel v Poprade.&nbsp;<\/p>\n\n\n\n<p><strong><em>T\u00c9MA &nbsp;TEOLOGICKEJ &nbsp;KONFERENCIE 2019: \u201eM\u00e9di\u00e1 v cirkvi\u201c<\/em><\/strong><\/p>\n\n\n\n<p>Program dopln\u00edme \u010doskoro.<\/p>\n\n\n\n<p><\/p>\n","protected":false},"excerpt":{"rendered":"<p>Mil\u00ed bratia a sestry, gener\u00e1lny biskup ECAV na Slovensku Ivan E\u013eko poz\u00fdva ordinovan\u00fdch bratov a sestry na Teologick\u00fa konferenciu 2019, ktor\u00e1 sa bude kona\u0165 v d\u0148och 1. \u2013 3. okt\u00f3bra 2019 v hoteli Satel v Poprade.&nbsp; T\u00c9MA &nbsp;TEOLOGICKEJ &nbsp;KONFERENCIE 2019: \u201eM\u00e9di\u00e1 v cirkvi\u201c Program dopln\u00edme \u010doskoro.<\/p>\n","protected":false},"author":4,"featured_media":0,"comment_status":"open","ping_status":"open","sticky":false,"template":"","format":"standard","meta":{"footnotes":""},"categories":[1],"tags":[],"class_list":["post-32728","post","type-post","status-publish","format-standard","hentry","category-adventna-modlitba"],"_links":{"self":[{"href":"https:\/\/www.e-anjelik.sk\/index.php\/wp-json\/wp\/v2\/posts\/32728","targetHints":{"allow":["GET"]}}],"collection":[{"href":"https:\/\/www.e-anjelik.sk\/index.php\/wp-json\/wp\/v2\/posts"}],"about":[{"href":"https:\/\/www.e-anjelik.sk\/index.php\/wp-json\/wp\/v2\/types\/post"}],"author":[{"embeddable":true,"href":"https:\/\/www.e-anjelik.sk\/index.php\/wp-json\/wp\/v2\/users\/4"}],"replies":[{"embeddable":true,"href":"https:\/\/www.e-anjelik.sk\/index.php\/wp-json\/wp\/v2\/comments?post=32728"}],"version-history":[{"count":2,"href":"https:\/\/www.e-anjelik.sk\/index.php\/wp-json\/wp\/v2\/posts\/32728\/revisions"}],"predecessor-version":[{"id":32730,"href":"https:\/\/www.e-anjelik.sk\/index.php\/wp-json\/wp\/v2\/posts\/32728\/revisions\/32730"}],"wp:attachment":[{"href":"https:\/\/www.e-anjelik.sk\/index.php\/wp-json\/wp\/v2\/media?parent=32728"}],"wp:term":[{"taxonomy":"category","embeddable":true,"href":"https:\/\/www.e-anjelik.sk\/index.php\/wp-json\/wp\/v2\/categories?post=32728"},{"taxonomy":"post_tag","embeddable":true,"href":"https:\/\/www.e-anjelik.sk\/index.php\/wp-json\/wp\/v2\/tags?post=32728"}],"curies":[{"name":"wp","href":"https:\/\/api.w.org\/{rel}","templated":true}]}}