{"id":3273,"date":"2010-12-28T09:33:58","date_gmt":"2010-12-28T09:33:58","guid":{"rendered":"http:\/\/e-anjelik.sk\/?p=3273"},"modified":"2010-12-28T09:33:58","modified_gmt":"2010-12-28T09:33:58","slug":"novy-biskup-pre-diecezu-visbysvedsko","status":"publish","type":"post","link":"https:\/\/www.e-anjelik.sk\/index.php\/2010\/12\/28\/novy-biskup-pre-diecezu-visbysvedsko\/","title":{"rendered":"Nov\u00fd biskup pre diec\u00e9zu Visby,\u0160v\u00e9dsko"},"content":{"rendered":"<p>22. decembra t.r. sa konalo druh&eacute; kolo vo\u013eby biskupa diec&eacute;zy Visby &Scaron;v&eacute;dskej cirkvi. Nov&yacute;m biskupom sa stal Sven-Bernhard Fast, ktor&yacute; z&iacute;skal 99 hlasov, k&yacute;m jeho protikandid&aacute;t Richard Wottle 57 hlasov. Celkovo hlasovalo 158 voli\u010dov, dva l&iacute;stky boli pr&aacute;zdne. Vysviacka za biskupa sa bude kona\u0165 6.marca 2011 v uppsalskej katedr&aacute;le. Fast sa narodil r.1951. Je \u017eenat&yacute; s pedagogi\u010dkou Evou, s ktorou maj&uacute; p&auml;\u0165 det&iacute; a sedem vnukov. Ordinovan&yacute; bol roku 1973. Bol far&aacute;rom vo viacer&yacute;ch cirkevn&yacute;ch zboroch a riadite\u013eom &Scaron;v&eacute;dskej rady cirkv&iacute;. Je autorom po\u010detn&yacute;ch kn&iacute;h.<\/p>\n<p>(<a href=\"http:\/\/www.svenskakyrkan.se\">www.svenskakyrkan.se<\/a>)<\/p>\n","protected":false},"excerpt":{"rendered":"<p>22. decembra t.r. sa konalo druh&eacute; kolo vo\u013eby biskupa diec&eacute;zy Visby &Scaron;v&eacute;dskej cirkvi. Nov&yacute;m biskupom sa stal Sven-Bernhard Fast, ktor&yacute; z&iacute;skal 99 hlasov, k&yacute;m jeho protikandid&aacute;t Richard Wottle 57 hlasov. Celkovo hlasovalo 158 voli\u010dov, dva l&iacute;stky boli pr&aacute;zdne. Vysviacka za biskupa sa bude kona\u0165 6.marca 2011 v uppsalskej katedr&aacute;le. Fast sa narodil r.1951. Je \u017eenat&yacute; &#8230; <a title=\"Nov\u00fd biskup pre diec\u00e9zu Visby,\u0160v\u00e9dsko\" class=\"read-more\" href=\"https:\/\/www.e-anjelik.sk\/index.php\/2010\/12\/28\/novy-biskup-pre-diecezu-visbysvedsko\/\" aria-label=\"Pre\u010d\u00edtajte si viac o Nov\u00fd biskup pre diec\u00e9zu Visby,\u0160v\u00e9dsko\">\u010c\u00edta\u0165 viac<\/a><\/p>\n","protected":false},"author":22,"featured_media":0,"comment_status":"open","ping_status":"open","sticky":false,"template":"","format":"standard","meta":{"footnotes":""},"categories":[42,10],"tags":[],"class_list":["post-3273","post","type-post","status-publish","format-standard","hentry","category-skandinavia","category-zo-sveta"],"_links":{"self":[{"href":"https:\/\/www.e-anjelik.sk\/index.php\/wp-json\/wp\/v2\/posts\/3273","targetHints":{"allow":["GET"]}}],"collection":[{"href":"https:\/\/www.e-anjelik.sk\/index.php\/wp-json\/wp\/v2\/posts"}],"about":[{"href":"https:\/\/www.e-anjelik.sk\/index.php\/wp-json\/wp\/v2\/types\/post"}],"author":[{"embeddable":true,"href":"https:\/\/www.e-anjelik.sk\/index.php\/wp-json\/wp\/v2\/users\/22"}],"replies":[{"embeddable":true,"href":"https:\/\/www.e-anjelik.sk\/index.php\/wp-json\/wp\/v2\/comments?post=3273"}],"version-history":[{"count":0,"href":"https:\/\/www.e-anjelik.sk\/index.php\/wp-json\/wp\/v2\/posts\/3273\/revisions"}],"wp:attachment":[{"href":"https:\/\/www.e-anjelik.sk\/index.php\/wp-json\/wp\/v2\/media?parent=3273"}],"wp:term":[{"taxonomy":"category","embeddable":true,"href":"https:\/\/www.e-anjelik.sk\/index.php\/wp-json\/wp\/v2\/categories?post=3273"},{"taxonomy":"post_tag","embeddable":true,"href":"https:\/\/www.e-anjelik.sk\/index.php\/wp-json\/wp\/v2\/tags?post=3273"}],"curies":[{"name":"wp","href":"https:\/\/api.w.org\/{rel}","templated":true}]}}