{"id":32749,"date":"2019-08-06T12:53:35","date_gmt":"2019-08-06T10:53:35","guid":{"rendered":"http:\/\/e-anjelik.sk\/?p=32749"},"modified":"2019-08-22T19:40:34","modified_gmt":"2019-08-22T17:40:34","slug":"zomrel-doc-dr-milos-kovacka-phd","status":"publish","type":"post","link":"https:\/\/www.e-anjelik.sk\/index.php\/2019\/08\/06\/zomrel-doc-dr-milos-kovacka-phd\/","title":{"rendered":"Zomrel Doc.Dr.Milo\u0161 Kova\u010dka, PhD."},"content":{"rendered":"\n<h1 class=\"wp-block-heading\">Zomrel Doc. Dr. Milo\u0161 Kova\u010dka, PhD.<\/h1>\n\n\n\n<figure class=\"wp-block-image\"><a href=\"https:\/\/www.ecav.sk\/rails\/active_storage\/blobs\/eyJfcmFpbHMiOnsibWVzc2FnZSI6IkJBaHBBaE45IiwiZXhwIjpudWxsLCJwdXIiOiJibG9iX2lkIn19--6b9e3050281974dbfd2bd51aa26444b8dcee8bd0\/FB_IMG_1565078985653.jpg\"><img decoding=\"async\" src=\"https:\/\/www.ecav.sk\/rails\/active_storage\/representations\/eyJfcmFpbHMiOnsibWVzc2FnZSI6IkJBaHBBaE45IiwiZXhwIjpudWxsLCJwdXIiOiJibG9iX2lkIn19--6b9e3050281974dbfd2bd51aa26444b8dcee8bd0\/eyJfcmFpbHMiOnsibWVzc2FnZSI6IkJBaDdCam9MY21WemFYcGxTU0lJT1RBd0Jqb0dSVlE9IiwiZXhwIjpudWxsLCJwdXIiOiJ2YXJpYXRpb24ifX0=--f83398908a42570f1be2d2870fc3e62f317d893b\/FB_IMG_1565078985653.jpg\" alt=\"Zomrel Doc. Dr. Milo\u0161 Kova\u010dka, PhD.\"\/><\/a><\/figure>\n\n\n\n<ul class=\"wp-block-list\"><li>&nbsp;06.08.19<\/li><li>&nbsp;&nbsp;Predsedn\u00edsctvo ECAV<\/li><li>&nbsp;<a href=\"https:\/\/www.ecav.sk\/aktuality\/stanoviska-a-vyjadrenia\">&nbsp;Stanovisk\u00e1 a vyjadrenia<\/a><\/li><\/ul>\n\n\n\n<p>So z\u00e1rmutkom v srdci sme prijali spr\u00e1vu o \u00famrt\u00ed v\u00fdznamn\u00e9ho historika a vz\u00e1cneho \u010dloveka Doc. Dr. Milo\u0161a Kova\u010dku, PhD. Predsedn\u00edctvo ECAV vyslovuje \u00faprimn\u00fa s\u00fastras\u0165 man\u017eelke aj synom s rodinami.<\/p>\n\n\n\n<p>Bibliograf, historik kni\u017enej kult\u00fary a cirkevn\u00fdch dej\u00edn. Je v\u00fdznamn\u00fdm rie\u0161ite\u013eom \u0161t\u00e1tnych vedeckov\u00fdskumn\u00fdch \u00faloh v oblasti projektovania n\u00e1rodn\u00e9ho kni\u017eni\u010dno-informa\u010dn\u00e9ho syst\u00e9mu Slovenskej republiky. V rokoch 1991 \u2013 2011 p\u00f4sobil ako riadite\u013e N\u00e1rodn\u00e9ho bibliografick\u00e9ho \u00fastavu Slovenskej n\u00e1rodnej kni\u017enice a v rokoch 1999 \u2013 2010 ako u\u010dite\u013e v odbore dokument\u00e1cia kult\u00farneho dedi\u010dstva a cirkevn\u00fdch dej\u00edn na Univerzite Mateja Bela, \u017dilinskej univerzite a v Biblickej \u0161kole v Martine. Publikoval cel\u00fd rad publik\u00e1ci\u00ed, \u0161t\u00fadi\u00ed a pr\u00edle\u017eitostn\u00fdch stat\u00ed o v\u00fdznamn\u00fdch evanjelick\u00fdch osobnostiach. Spracoval a vydal vedeck\u00e9 monografie, faksimiln\u00e9 ed\u00edcie prame\u0148ov, monografick\u00e9 \u0161t\u00fadie a state z oblasti hist\u00f3rie, kult\u00farnej a cirkevnej hist\u00f3rie, ako aj dej\u00edn kni\u017eni\u010dnej kult\u00fary.<\/p>\n\n\n\n<p>Narodil sa 30. okt\u00f3bra 1940 v Martine. Maturoval na Jeden\u00e1s\u0165ro\u010dnej strednej \u0161kole v Martine. Po absolvovan\u00ed Pedagogick\u00e9ho in\u0161tit\u00fatu v Martine bol kr\u00e1tko u\u010dite\u013eom (1965\/66). Od roku 1966 pracoval v Bibliografickom \u00fastave Matice slovenskej na \u00faloh\u00e1ch Slovenskej n\u00e1rodnej s\u00fabe\u017enej a retrospekt\u00edvnej bibliografie, bol rie\u0161ite\u013eom v\u00fdznamn\u00fdch \u0161t\u00e1tnych vedecko-v\u00fdskumn\u00fdch \u00faloh a prioritn\u00fdch projektov v oblasti projektovania n\u00e1rodn\u00e9ho kni\u017eni\u010dno-informa\u010dn\u00e9ho syst\u00e9mu Slovenskej republiky, n\u00e1rodn\u00fdch programov informatiz\u00e1cie, dej\u00edn kni\u017enej kult\u00fary, cirkevn\u00fdch dej\u00edn, n\u00e1rodn\u00e9ho a kult\u00farneho dedi\u010dstva. V rokoch 1991 \u2013 2011 p\u00f4sobil ako riadite\u013e N\u00e1rodn\u00e9ho bibliografick\u00e9ho \u00fastavu Slovenskej n\u00e1rodnej kni\u017enice a v rokoch 1999 \u2013 2010 ako u\u010dite\u013e v odbore dokument\u00e1cia kult\u00farneho dedi\u010dstva a cirkevn\u00fdch dej\u00edn na Univerzite Mateja Bela, \u017dilinskej univerzite a v Biblickej \u0161kole v Martine. Bol tajomn\u00edkom Vedeckej rady Slovenskej n\u00e1rodnej kni\u017enice, podpredsedom \u00dastrednej kni\u017eni\u010dnej rady Slovenskej republiky, podpredsedom Spolku slovensk\u00fdch knihovn\u00edkov a \u010dlenom vedeck\u00fdch r\u00e1d \u00dastavu slovenskej literat\u00fary SAV v Bratislave, Vedecko-v\u00fdskumn\u00e9ho centra Univerzity Mateja Bela v Banskej Bystrici a \u0160kolskej rady Biblickej \u0161koly v Martine.&nbsp;<\/p>\n\n\n\n<p>Bol \u010dlenom redak\u010dnej rady revue Tvorba, \u010dlenom predstavenstva Spolo\u010dnosti pre Tvorbu T, \u010dlenom Klubu nez\u00e1visl\u00fdch spisovate\u013eov, Zdru\u017eenia evanjelickej inteligencie Liptovsko-oravsk\u00e9ho a Tur\u010dianskeho senior\u00e1tu a Spolku Martina R\u00e1zusa. Od roku 1993 bol presbyterom martinsk\u00e9ho evanjelick\u00e9ho a. v. zboru a redaktorom zborov\u00e9ho \u010dasopisu Martinsk\u00fd evanjelik.&nbsp;<\/p>\n\n\n\n<p>Spracoval a vydal vedeck\u00e9 monografie, faksimiln\u00e9 ed\u00edcie prame\u0148ov, monografick\u00e9 \u0161t\u00fadie a state z oblasti liter\u00e1rnej hist\u00f3rie, kult\u00farnej a cirkevnej hist\u00f3rie, ako aj dej\u00edn kni\u017enej kult\u00fary.&nbsp;<\/p>\n\n\n\n<p>Spracoval a vydal v\u00fdznamn\u00e9 bibliografie, organizoval \u017eivot bibliografickej vedy, redigoval Bibliografick\u00fd zborn\u00edk. Koncipoval a organizoval slovensk\u00e9 bibliografick\u00e9 konferencie, medzin\u00e1rodn\u00e9 bibliografick\u00e9 kolokvi\u00e1, konferencie k dejin\u00e1m kni\u017enej kult\u00fary.&nbsp;<\/p>\n\n\n\n<p>Vedeck\u00fa hodnos\u0165 z\u00edskal v SAV obhajobou dizerta\u010dnej pr\u00e1ce Slovensk\u00e9 \u0161tudentsk\u00e9 rukopisn\u00e9 \u010dasopisy v 19. storo\u010d\u00ed, habilitoval sa na Pre\u0161ovskej univerzite s\u00faborom \u0161t\u00fadi\u00ed Duchovn\u00e9 princ\u00edpy, liter\u00e1rne vzdelanie, kni\u017en\u00e1 kult\u00fara a bibliografia v dejin\u00e1ch slovenskej literat\u00fary.<\/p>\n\n\n\n<p>Ako vysoko\u0161kolsk\u00fd u\u010dite\u013e a u\u010dite\u013e Biblickej \u0161koly v Martine pripravil publik\u00e1cie k cirkevn\u00fdm a duchovn\u00fdm dejin\u00e1m Slovenska. V tejto oblasti publikoval cel\u00fd rad publik\u00e1ci\u00ed, \u0161t\u00fadi\u00ed a pr\u00edle\u017eitostn\u00fdch stat\u00ed o v\u00fdznamn\u00fdch evanjelick\u00fdch osobnostiach (Evanjelici v dejin\u00e1ch slovenskej kult\u00fary I, II, Slovn\u00edk osobnost\u00ed \u017dilinskej synody, \u0161t\u00fadie o T. Masn\u00edkovi, S. Te\u0161ed\u00edkovi ml., P. J. \u0160af\u00e1rikovi, K. Kuzm\u00e1nym, J. Jano\u0161kovi, P. O. Hviezdoslavovi, E. M. \u0160olt\u00e9sovej, J. Kva\u010dalovi, M. R\u00e1zusovi, F. Ruppeldtovi, \u013d. \u0160en\u0161elovi, \u013d. Vajdi\u010dkovi, I. Kadle\u010d\u00edkovi a \u010fal\u0161\u00edch, pripravil zborn\u00edky o \u013d. V. Riznerovi, J. Ribayovi, Cithare sanctorum, Memorialis-e Tur\u010dianskej stolice, Rode R\u00e9vai, Zemianstve v dejin\u00e1ch Slovenska, Prame\u0148och k duchovn\u00fdm dejin\u00e1m Slovenska), vydal kni\u017ene dielo Janka Mat\u00fa\u0161ku, Petra Kellnera Hostinsk\u00e9ho, \u017dalmy a hymny P. O. Hviezdoslava, Sme \u017eiv\u00fd n\u00e1rod I, II \u2013 s\u00fabor publicistiky J\u00e1na Smreka, zasl\u00fa\u017eil sa o faksimiln\u00e9 vydanie origin\u00e1lnej listiny Z\u00e1konov \u017dilinskej synody, podie\u013eal sa na pr\u00edprave a vydan\u00ed publik\u00e1ci\u00ed o J. B. Hrobo\u0148ovi, J. Bu\u010dkovi, F. Ruppeldtovi, J. Vanovi\u010dovi, ako aj jubilejn\u00e9ho zborn\u00edka k 450. v\u00fdro\u010diu zalo\u017eenia martinsk\u00e9ho ev. a. v. zboru A\u017e potia\u013eto pom\u00e1hal n\u00e1m Hospodin.&nbsp;<\/p>\n\n\n\n<p>Patril k organiz\u00e1torom a predn\u00e1\u0161ate\u013eom \u0161trn\u00e1stich ro\u010dn\u00edkov podujatia evanjelickej inteligencie Duchovn\u00e9 hodnoty pre dne\u0161ok (1998 \u2013 2011). Spracoval scen\u00e1re k celoslovensk\u00fdm v\u00fdstav\u00e1m P. Dob\u0161insk\u00fd (1978), Biblia v duchovn\u00fdch dejin\u00e1ch Slovenska (1996), pripravil scen\u00e1re pam\u00e4tn\u00fdch izieb M. M. Hod\u017eu (Rak\u0161a) a J. Jessenia a Jesenskovcov (Tur\u010dianske Jaseno), scen\u00e1re k dokument\u00e1rnym filmov\u00fdm portr\u00e9tom STV o v\u00fdznamn\u00fdch slovensk\u00fdch osobnostiach (P. O. Hviezdoslav, E. Mar\u00f3thy-\u0160olt\u00e9sov\u00e1, J. Jano\u0161ka, M. R\u00e1zus, E. B. Luk\u00e1\u010d, M. R\u00fafus a i.), organizoval desiatky podujat\u00ed k najrozli\u010dnej\u0161\u00edm kult\u00farnym a duchovn\u00fdm pr\u00edle\u017eitostiam. Podie\u013eal sa na koncepcii a organiz\u00e1cii Dn\u00ed Milana Hod\u017eu (2006 \u2013 2011). Je autorom elektronick\u00fdch kni\u017en\u00edc \u017dilinsk\u00e1 synoda, Elektronick\u00e1 kni\u017enica slovensk\u00fdch \u00a0memor\u00e1nd, prosbopisov a \u017eiadost\u00ed<\/p>\n\n\n\n<p>Zdroj: ECAV na Slovensku<\/p>\n\n\n\n<h4 class=\"wp-block-heading\"><a href=\"https:\/\/www.ecav.sk\/aktuality\/stanoviska-a-vyjadrenia\/evanjelicky-posol-spod-tatier-je-tu-pre-vsetkych\">E<\/a><\/h4>\n\n\n\n<h4 class=\"wp-block-heading\"><a href=\"https:\/\/www.ecav.sk\/aktuality\/oznamy\/program-generalneho-biskupa-ecav-ivana-elka-v-32-tyzdni\">P<\/a><\/h4>\n\n\n\n<h4 class=\"wp-block-heading\"><a href=\"https:\/\/www.ecav.sk\/aktuality\/spravodajstvo\/deti-vyskusali-svoju-odvahu\">D<\/a><\/h4>\n\n\n\n<h4 class=\"wp-block-heading\"><a href=\"https:\/\/www.ecav.sk\/aktuality\/spravodajstvo\/zborovy-den-pod-hradom-cabrad\">Z<\/a><\/h4>\n\n\n\n<h4 class=\"wp-block-heading\"><a href=\"https:\/\/www.ecav.sk\/aktuality\/spravodajstvo\/letny-biblicky-tabor-cz-ecav-babina\">L<\/a><\/h4>\n\n\n\n<h4 class=\"wp-block-heading\"><a href=\"https:\/\/www.ecav.sk\/aktuality\/spravodajstvo\/polny-sustredeny-vycvik-bol-aj-duchovny\">P<\/a><\/h4>\n\n\n\n<h4 class=\"wp-block-heading\"><a href=\"https:\/\/www.ecav.sk\/aktuality\/spravodajstvo\/po-stopach-martina-luthera\">P<\/a><a href=\"https:\/\/www.ecav.sk\/aktuality\/spravodajstvo\/na-tabore-vyskusali-najchutnejsie-ovocie\">N<\/a><\/h4>\n","protected":false},"excerpt":{"rendered":"<p>Zomrel Doc. Dr. Milo\u0161 Kova\u010dka, PhD. &nbsp;06.08.19 &nbsp;&nbsp;Predsedn\u00edsctvo ECAV &nbsp;&nbsp;Stanovisk\u00e1 a vyjadrenia So z\u00e1rmutkom v srdci sme prijali spr\u00e1vu o \u00famrt\u00ed v\u00fdznamn\u00e9ho historika a vz\u00e1cneho \u010dloveka Doc. Dr. Milo\u0161a Kova\u010dku, PhD. Predsedn\u00edctvo ECAV vyslovuje \u00faprimn\u00fa s\u00fastras\u0165 man\u017eelke aj synom s rodinami. Bibliograf, historik kni\u017enej kult\u00fary a cirkevn\u00fdch dej\u00edn. Je v\u00fdznamn\u00fdm rie\u0161ite\u013eom \u0161t\u00e1tnych vedeckov\u00fdskumn\u00fdch \u00faloh v &#8230; <a title=\"Zomrel Doc.Dr.Milo\u0161 Kova\u010dka, PhD.\" class=\"read-more\" href=\"https:\/\/www.e-anjelik.sk\/index.php\/2019\/08\/06\/zomrel-doc-dr-milos-kovacka-phd\/\" aria-label=\"Pre\u010d\u00edtajte si viac o Zomrel Doc.Dr.Milo\u0161 Kova\u010dka, PhD.\">\u010c\u00edta\u0165 viac<\/a><\/p>\n","protected":false},"author":4,"featured_media":0,"comment_status":"open","ping_status":"open","sticky":false,"template":"","format":"standard","meta":{"footnotes":""},"categories":[1],"tags":[],"class_list":["post-32749","post","type-post","status-publish","format-standard","hentry","category-adventna-modlitba"],"_links":{"self":[{"href":"https:\/\/www.e-anjelik.sk\/index.php\/wp-json\/wp\/v2\/posts\/32749","targetHints":{"allow":["GET"]}}],"collection":[{"href":"https:\/\/www.e-anjelik.sk\/index.php\/wp-json\/wp\/v2\/posts"}],"about":[{"href":"https:\/\/www.e-anjelik.sk\/index.php\/wp-json\/wp\/v2\/types\/post"}],"author":[{"embeddable":true,"href":"https:\/\/www.e-anjelik.sk\/index.php\/wp-json\/wp\/v2\/users\/4"}],"replies":[{"embeddable":true,"href":"https:\/\/www.e-anjelik.sk\/index.php\/wp-json\/wp\/v2\/comments?post=32749"}],"version-history":[{"count":1,"href":"https:\/\/www.e-anjelik.sk\/index.php\/wp-json\/wp\/v2\/posts\/32749\/revisions"}],"predecessor-version":[{"id":32750,"href":"https:\/\/www.e-anjelik.sk\/index.php\/wp-json\/wp\/v2\/posts\/32749\/revisions\/32750"}],"wp:attachment":[{"href":"https:\/\/www.e-anjelik.sk\/index.php\/wp-json\/wp\/v2\/media?parent=32749"}],"wp:term":[{"taxonomy":"category","embeddable":true,"href":"https:\/\/www.e-anjelik.sk\/index.php\/wp-json\/wp\/v2\/categories?post=32749"},{"taxonomy":"post_tag","embeddable":true,"href":"https:\/\/www.e-anjelik.sk\/index.php\/wp-json\/wp\/v2\/tags?post=32749"}],"curies":[{"name":"wp","href":"https:\/\/api.w.org\/{rel}","templated":true}]}}