{"id":32757,"date":"2019-08-10T15:30:11","date_gmt":"2019-08-10T13:30:11","guid":{"rendered":"http:\/\/e-anjelik.sk\/?p=32757"},"modified":"2019-08-20T07:06:48","modified_gmt":"2019-08-20T05:06:48","slug":"na-myjave-sa-cinia","status":"publish","type":"post","link":"https:\/\/www.e-anjelik.sk\/index.php\/2019\/08\/10\/na-myjave-sa-cinia\/","title":{"rendered":"Na Myjave sa \u010dinia"},"content":{"rendered":"\n<p><strong>Na Myjave pripravuj\u00fa festival pre cel\u00fa rodinu<\/strong><\/p>\n\n\n\n<p><em>\t\t<\/em><em>07.08.19<\/em><\/p>\n\n\n\n<p><em>\t\tJana Nunv\u00e1\u0159ov\u00e1, tla\u010dov\u00e1 tajomn\u00ed\u010dka<\/em><\/p>\n\n\n\n<p>Pr\u00edbeh MYfestu sa za\u010dal v srdci jedn\u00e9ho mlad\u00e9ho kres\u0165ana, ktor\u00fd mal t\u00fa\u017ebu sprostredkova\u0165 \u013eu\u010fom z na\u0161ich kr\u00e1snych kopan\u00edc rados\u0165 z Bo\u017eieho slova a hudby. Preto nev\u00e1hal a vydal sa h\u013eada\u0165 podobn\u00fdch nad\u0161encov, aby sa t\u00e1to my\u0161lienka mohla sta\u0165 skuto\u010dnos\u0165ou. S Bo\u017e\u00edm po\u017eehnan\u00edm sa pre tento n\u00e1pad nadchlo viacero mlad\u00fdch \u013eud\u00ed, poch\u00e1dzaj\u00facich z r\u00f4znych kres\u0165ansk\u00fdch cirkv\u00ed, ktor\u00fdch sp\u00e1ja to najd\u00f4le\u017eitej\u0161ie a to viera v Boha. A tak vznikol jedine\u010dn\u00fd organiza\u010dn\u00fd t\u00edm s jednotnou v\u00edziou, odhodlan\u00fd vytvori\u0165 perfektn\u00fd festival!<\/p>\n\n\n\n<p>MYfest je ur\u010den\u00fd pre v\u0161etky vekov\u00e9 kateg\u00f3rie, a preto si tento de\u0148 m\u00f4\u017ee pr\u00eds\u0165 u\u017ei\u0165 cel\u00e1 RODINA! S rados\u0165ou V\u00e1s poz\u00fdvame na nult\u00fd ro\u010dn\u00edk MYfestu 2019, ktor\u00fd sa uskuto\u010dn\u00ed 17. augusta 2019 o 16.00 hod. v are\u00e1li Trnovce, Myjava. Te\u0161i\u0165 sa m\u00f4\u017eete na skvel\u00e9 kapely, rozmanit\u00fdch re\u010dn\u00edkov, ale aj na \u010fal\u0161\u00ed sprievodn\u00fd program.<\/p>\n\n\n\n<p>\u010cere\u0161ni\u010dkou cel\u00e9ho MYfestu 2019 bude vyst\u00fapenie kapely Timothy! Je to slovensk\u00e1 worshipov\u00e1 kapela, ktor\u00e1 je s\u00fa\u010das\u0165ou slu\u017eby Ml\u00e1de\u017ee pre Krista na Slovensku a dom\u00e1cou kapelou najv\u00e4\u010d\u0161ieho worship open air festivalu CampFest!<\/p>\n\n\n\n<p>A ke\u010f\u017ee je MYfest multi\u017e\u00e1nrov\u00fd kres\u0165ansk\u00fd festival, budete m\u00f4c\u0165 po\u010du\u0165 aj skupinu Isaac Records &#8211; je to zoskupenie kres\u0165ansk\u00fdch rapperov \u2013 Leumas, George a Selah. Prostredn\u00edctvom hudby sa usiluj\u00fa oslavova\u0165 Boha, \u0161\u00edri\u0165 vieru a kres\u0165ansk\u00e9 hodnoty.<\/p>\n\n\n\n<p>Nesmie ch\u00fdba\u0165 ani program pre t\u00fdch najmen\u0161\u00edch.Va\u0161e deti budeme \u010daka\u0165 v Detskom stane, kde ich zabav\u00edme hrami a r\u00f4znymi aktivitami. Pre t\u00fdch \u0161portovo zdatn\u00fdch, bude pripraven\u00fd vodn\u00fd futbal, pri ktorom sa bud\u00fa m\u00f4c\u0165 za predpokladu tepl\u00e9ho po\u010dasia pr\u00edjemne schladi\u0165. Ste zvedav\u00ed, \u010do \u010fal\u0161ie sme si pre V\u00e1s pripravili? Tak nev\u00e1hajte a zoberte celu svoju rodinku. Vid\u00edme sa 17. augusta v are\u00e1li Trnoviec. Te\u0161\u00edme sa na V\u00e1s!<\/p>\n","protected":false},"excerpt":{"rendered":"<p>Na Myjave pripravuj\u00fa festival pre cel\u00fa rodinu 07.08.19 Jana Nunv\u00e1\u0159ov\u00e1, tla\u010dov\u00e1 tajomn\u00ed\u010dka Pr\u00edbeh MYfestu sa za\u010dal v srdci jedn\u00e9ho mlad\u00e9ho kres\u0165ana, ktor\u00fd mal t\u00fa\u017ebu sprostredkova\u0165 \u013eu\u010fom z na\u0161ich kr\u00e1snych kopan\u00edc rados\u0165 z Bo\u017eieho slova a hudby. Preto nev\u00e1hal a vydal sa h\u013eada\u0165 podobn\u00fdch nad\u0161encov, aby sa t\u00e1to my\u0161lienka mohla sta\u0165 skuto\u010dnos\u0165ou. S Bo\u017e\u00edm po\u017eehnan\u00edm sa &#8230; <a title=\"Na Myjave sa \u010dinia\" class=\"read-more\" href=\"https:\/\/www.e-anjelik.sk\/index.php\/2019\/08\/10\/na-myjave-sa-cinia\/\" aria-label=\"Pre\u010d\u00edtajte si viac o Na Myjave sa \u010dinia\">\u010c\u00edta\u0165 viac<\/a><\/p>\n","protected":false},"author":4,"featured_media":0,"comment_status":"open","ping_status":"open","sticky":false,"template":"","format":"standard","meta":{"footnotes":""},"categories":[1],"tags":[],"class_list":["post-32757","post","type-post","status-publish","format-standard","hentry","category-adventna-modlitba"],"_links":{"self":[{"href":"https:\/\/www.e-anjelik.sk\/index.php\/wp-json\/wp\/v2\/posts\/32757","targetHints":{"allow":["GET"]}}],"collection":[{"href":"https:\/\/www.e-anjelik.sk\/index.php\/wp-json\/wp\/v2\/posts"}],"about":[{"href":"https:\/\/www.e-anjelik.sk\/index.php\/wp-json\/wp\/v2\/types\/post"}],"author":[{"embeddable":true,"href":"https:\/\/www.e-anjelik.sk\/index.php\/wp-json\/wp\/v2\/users\/4"}],"replies":[{"embeddable":true,"href":"https:\/\/www.e-anjelik.sk\/index.php\/wp-json\/wp\/v2\/comments?post=32757"}],"version-history":[{"count":1,"href":"https:\/\/www.e-anjelik.sk\/index.php\/wp-json\/wp\/v2\/posts\/32757\/revisions"}],"predecessor-version":[{"id":32758,"href":"https:\/\/www.e-anjelik.sk\/index.php\/wp-json\/wp\/v2\/posts\/32757\/revisions\/32758"}],"wp:attachment":[{"href":"https:\/\/www.e-anjelik.sk\/index.php\/wp-json\/wp\/v2\/media?parent=32757"}],"wp:term":[{"taxonomy":"category","embeddable":true,"href":"https:\/\/www.e-anjelik.sk\/index.php\/wp-json\/wp\/v2\/categories?post=32757"},{"taxonomy":"post_tag","embeddable":true,"href":"https:\/\/www.e-anjelik.sk\/index.php\/wp-json\/wp\/v2\/tags?post=32757"}],"curies":[{"name":"wp","href":"https:\/\/api.w.org\/{rel}","templated":true}]}}