{"id":3276,"date":"2010-12-29T12:33:04","date_gmt":"2010-12-29T12:33:04","guid":{"rendered":"http:\/\/e-anjelik.sk\/?p=3276"},"modified":"2010-12-29T12:33:04","modified_gmt":"2010-12-29T12:33:04","slug":"novorocna-bohosluzba-v-zdf","status":"publish","type":"post","link":"https:\/\/www.e-anjelik.sk\/index.php\/2010\/12\/29\/novorocna-bohosluzba-v-zdf\/","title":{"rendered":"Novoro\u010dn\u00e1 bohoslu\u017eba v ZDF"},"content":{"rendered":"<p>Na Nov&yacute; rok 1. janu&aacute;ra 2011&nbsp; bude druh&yacute; nemeck&yacute; tv program <strong>ZDF o 10.15 hodine <\/strong>v priamom prenose vysiela\u0165 evanjelick&eacute; slu\u017eby Bo\u017eie z chr&aacute;mu Panny M&aacute;rie v Dr&aacute;\u017e\u010fanoch (Frauenkirche). Na slov&aacute; hesiel pre rok 2011 :&quot; <strong>Nedaj sa prem&ocirc;c\u0165 zl&eacute;mu,ale dobr&yacute;m prem&aacute;haj zl&eacute;.&quot; R&iacute;m 12,21 <\/strong>bude k&aacute;za\u0165 biskup Saskej krajinskej evanjelickej cirkvi <strong>Jochen Bohl<\/strong>. Bud&uacute; to s&uacute;\u010dasne prv&eacute; bohoslu\u017eby v novom roku 2011 celej s&eacute;rie bohoslu\u017eieb,ktor&eacute; bude ZDF po cel&yacute; rok vysiela\u0165. Bohoslu\u017eby s&uacute; s&uacute;\u010das\u0165ou Lutherovej dek&aacute;dy na pr&iacute;pravu ve\u013ek&eacute;ho jubilea&nbsp; Reform&aacute;cie v r. 2017,ktor&aacute; dek&aacute;da sa za\u010dala roku 2008. EKD&nbsp;ur\u010dilo t&eacute;mu pre&nbsp;rok 2011 &quot;<strong>Krst a sloboda<\/strong>&quot;.&nbsp;<\/p>\n<p>(<a href=\"http:\/\/www.ekd.de\">www.ekd.de<\/a>)<\/p>\n","protected":false},"excerpt":{"rendered":"<p>Na Nov&yacute; rok 1. janu&aacute;ra 2011&nbsp; bude druh&yacute; nemeck&yacute; tv program ZDF o 10.15 hodine v priamom prenose vysiela\u0165 evanjelick&eacute; slu\u017eby Bo\u017eie z chr&aacute;mu Panny M&aacute;rie v Dr&aacute;\u017e\u010fanoch (Frauenkirche). Na slov&aacute; hesiel pre rok 2011 :&quot; Nedaj sa prem&ocirc;c\u0165 zl&eacute;mu,ale dobr&yacute;m prem&aacute;haj zl&eacute;.&quot; R&iacute;m 12,21 bude k&aacute;za\u0165 biskup Saskej krajinskej evanjelickej cirkvi Jochen Bohl. Bud&uacute; &#8230; <a title=\"Novoro\u010dn\u00e1 bohoslu\u017eba v ZDF\" class=\"read-more\" href=\"https:\/\/www.e-anjelik.sk\/index.php\/2010\/12\/29\/novorocna-bohosluzba-v-zdf\/\" aria-label=\"Pre\u010d\u00edtajte si viac o Novoro\u010dn\u00e1 bohoslu\u017eba v ZDF\">\u010c\u00edta\u0165 viac<\/a><\/p>\n","protected":false},"author":22,"featured_media":0,"comment_status":"open","ping_status":"open","sticky":false,"template":"","format":"standard","meta":{"footnotes":""},"categories":[15],"tags":[200],"class_list":["post-3276","post","type-post","status-publish","format-standard","hentry","category-novy-rok","tag-sluzby-bozie"],"_links":{"self":[{"href":"https:\/\/www.e-anjelik.sk\/index.php\/wp-json\/wp\/v2\/posts\/3276","targetHints":{"allow":["GET"]}}],"collection":[{"href":"https:\/\/www.e-anjelik.sk\/index.php\/wp-json\/wp\/v2\/posts"}],"about":[{"href":"https:\/\/www.e-anjelik.sk\/index.php\/wp-json\/wp\/v2\/types\/post"}],"author":[{"embeddable":true,"href":"https:\/\/www.e-anjelik.sk\/index.php\/wp-json\/wp\/v2\/users\/22"}],"replies":[{"embeddable":true,"href":"https:\/\/www.e-anjelik.sk\/index.php\/wp-json\/wp\/v2\/comments?post=3276"}],"version-history":[{"count":0,"href":"https:\/\/www.e-anjelik.sk\/index.php\/wp-json\/wp\/v2\/posts\/3276\/revisions"}],"wp:attachment":[{"href":"https:\/\/www.e-anjelik.sk\/index.php\/wp-json\/wp\/v2\/media?parent=3276"}],"wp:term":[{"taxonomy":"category","embeddable":true,"href":"https:\/\/www.e-anjelik.sk\/index.php\/wp-json\/wp\/v2\/categories?post=3276"},{"taxonomy":"post_tag","embeddable":true,"href":"https:\/\/www.e-anjelik.sk\/index.php\/wp-json\/wp\/v2\/tags?post=3276"}],"curies":[{"name":"wp","href":"https:\/\/api.w.org\/{rel}","templated":true}]}}