{"id":3277,"date":"2010-12-29T12:58:39","date_gmt":"2010-12-29T12:58:39","guid":{"rendered":"http:\/\/e-anjelik.sk\/?p=3277"},"modified":"2010-12-29T12:58:39","modified_gmt":"2010-12-29T12:58:39","slug":"novy-portal-na-vyhladavanie-evanjelickych-domov-stretania-v-nemecku","status":"publish","type":"post","link":"https:\/\/www.e-anjelik.sk\/index.php\/2010\/12\/29\/novy-portal-na-vyhladavanie-evanjelickych-domov-stretania-v-nemecku\/","title":{"rendered":"Nov\u00fd port\u00e1l na vyh\u013ead\u00e1vanie evanjelick\u00fdch domov stretania v Nemecku"},"content":{"rendered":"<p>EKD zriadila nov&yacute; nemeck&yacute; port&aacute;l na vyh\u013ead&aacute;vanie evanjelick&yacute;ch domov pre konferencie, biblick&eacute; kurzy, medit&aacute;cie, rekre&aacute;ciu, oddych a dovolenku \u010di vo\u013en&yacute; \u010das.Mo\u017eno &nbsp;si n&aacute;js\u0165 vhodn&yacute; dom pod\u013ea polohy, vybavenia, programu, ceny a pod. Adresa je : <a href=\"http:\/\/www.evangelische-h&auml;user.de\">www.evangelische-h&auml;user.de<\/a> .Port&aacute;l je ur\u010den&yacute; predov&scaron;etk&yacute;m pre cirkvi, zbory, skupiny a jednotlivcov z Nemecka. Obsahuje zariadenia evanjelick&yacute;ch krajinsk&yacute;ch cirkv&iacute;&nbsp; a mal&yacute;ch denomin&aacute;ci&iacute;.<\/p>\n<p>(<a href=\"http:\/\/www.ekd.de\">www.ekd.de<\/a>)<\/p>\n","protected":false},"excerpt":{"rendered":"<p>EKD zriadila nov&yacute; nemeck&yacute; port&aacute;l na vyh\u013ead&aacute;vanie evanjelick&yacute;ch domov pre konferencie, biblick&eacute; kurzy, medit&aacute;cie, rekre&aacute;ciu, oddych a dovolenku \u010di vo\u013en&yacute; \u010das.Mo\u017eno &nbsp;si n&aacute;js\u0165 vhodn&yacute; dom pod\u013ea polohy, vybavenia, programu, ceny a pod. Adresa je : www.evangelische-h&auml;user.de .Port&aacute;l je ur\u010den&yacute; predov&scaron;etk&yacute;m pre cirkvi, zbory, skupiny a jednotlivcov z Nemecka. Obsahuje zariadenia evanjelick&yacute;ch krajinsk&yacute;ch cirkv&iacute;&nbsp; a mal&yacute;ch &#8230; <a title=\"Nov\u00fd port\u00e1l na vyh\u013ead\u00e1vanie evanjelick\u00fdch domov stretania v Nemecku\" class=\"read-more\" href=\"https:\/\/www.e-anjelik.sk\/index.php\/2010\/12\/29\/novy-portal-na-vyhladavanie-evanjelickych-domov-stretania-v-nemecku\/\" aria-label=\"Pre\u010d\u00edtajte si viac o Nov\u00fd port\u00e1l na vyh\u013ead\u00e1vanie evanjelick\u00fdch domov stretania v Nemecku\">\u010c\u00edta\u0165 viac<\/a><\/p>\n","protected":false},"author":22,"featured_media":0,"comment_status":"open","ping_status":"open","sticky":false,"template":"","format":"standard","meta":{"footnotes":""},"categories":[9,10],"tags":[],"class_list":["post-3277","post","type-post","status-publish","format-standard","hentry","category-europa","category-zo-sveta"],"_links":{"self":[{"href":"https:\/\/www.e-anjelik.sk\/index.php\/wp-json\/wp\/v2\/posts\/3277","targetHints":{"allow":["GET"]}}],"collection":[{"href":"https:\/\/www.e-anjelik.sk\/index.php\/wp-json\/wp\/v2\/posts"}],"about":[{"href":"https:\/\/www.e-anjelik.sk\/index.php\/wp-json\/wp\/v2\/types\/post"}],"author":[{"embeddable":true,"href":"https:\/\/www.e-anjelik.sk\/index.php\/wp-json\/wp\/v2\/users\/22"}],"replies":[{"embeddable":true,"href":"https:\/\/www.e-anjelik.sk\/index.php\/wp-json\/wp\/v2\/comments?post=3277"}],"version-history":[{"count":0,"href":"https:\/\/www.e-anjelik.sk\/index.php\/wp-json\/wp\/v2\/posts\/3277\/revisions"}],"wp:attachment":[{"href":"https:\/\/www.e-anjelik.sk\/index.php\/wp-json\/wp\/v2\/media?parent=3277"}],"wp:term":[{"taxonomy":"category","embeddable":true,"href":"https:\/\/www.e-anjelik.sk\/index.php\/wp-json\/wp\/v2\/categories?post=3277"},{"taxonomy":"post_tag","embeddable":true,"href":"https:\/\/www.e-anjelik.sk\/index.php\/wp-json\/wp\/v2\/tags?post=3277"}],"curies":[{"name":"wp","href":"https:\/\/api.w.org\/{rel}","templated":true}]}}