{"id":32783,"date":"2019-08-24T12:50:42","date_gmt":"2019-08-24T10:50:42","guid":{"rendered":"http:\/\/e-anjelik.sk\/?p=32783"},"modified":"2019-08-26T07:48:29","modified_gmt":"2019-08-26T05:48:29","slug":"martin-razus-ku-kajucej-nedeli","status":"publish","type":"post","link":"https:\/\/www.e-anjelik.sk\/index.php\/2019\/08\/24\/martin-razus-ku-kajucej-nedeli\/","title":{"rendered":"Martin R\u00e1zus &#8211; Ku kaj\u00facej nedeli"},"content":{"rendered":"\n<p>\n\n\n\n\n\n\n\n\n\n\n\n\n\n\n\n\n\nZ\nhlbokosti, Bo\u017ee, dnes ku Tebe zrieme &#8211; <br>\nza\u0165a\u017een\u00ed hriechom, biedni, z prachu zeme.<br>\nSvedomie n\u00e1s vol\u00e1, svedomie n\u00e1s k\u00e1ra,<br>\njak to slovo Tvoje sv\u00e4t\u00e9 zpred olt\u00e1ra.<br>\nSme jak Jeruzalem, trpko pokoren\u00ed,<br>\nmali by sme \u017eitia, ale nem\u00e1 ceny.<br>\nPreto zdv\u00edhame zrak &#8211; smiluj\u017ee sa, smiluj<br>\na pred prosbou dietok len sa neuchy\u013euj!<br>\nOdpus\u0165 na\u0161e viny, netresci n\u00e1s pre ne,<br>\nve\u010f my chceme \u017ei\u0165 &#8211; a v Tvojom sv\u00e4tom mene.<br>\nPosv\u00e4\u0165 si n\u00e1\u0161 \u013eud svoj, ve\u010f a chr\u00e1\u0148 od zl\u00e9ho<br>\npre Je\u017ei\u0161a Krista, ukri\u017eovan\u00e9ho!\n\n\n\n<\/p>\n","protected":false},"excerpt":{"rendered":"<p>Z hlbokosti, Bo\u017ee, dnes ku Tebe zrieme &#8211; za\u0165a\u017een\u00ed hriechom, biedni, z prachu zeme. Svedomie n\u00e1s vol\u00e1, svedomie n\u00e1s k\u00e1ra, jak to slovo Tvoje sv\u00e4t\u00e9 zpred olt\u00e1ra. Sme jak Jeruzalem, trpko pokoren\u00ed, mali by sme \u017eitia, ale nem\u00e1 ceny. Preto zdv\u00edhame zrak &#8211; smiluj\u017ee sa, smiluj a pred prosbou dietok len sa neuchy\u013euj! Odpus\u0165 na\u0161e &#8230; <a title=\"Martin R\u00e1zus &#8211; Ku kaj\u00facej nedeli\" class=\"read-more\" href=\"https:\/\/www.e-anjelik.sk\/index.php\/2019\/08\/24\/martin-razus-ku-kajucej-nedeli\/\" aria-label=\"Pre\u010d\u00edtajte si viac o Martin R\u00e1zus &#8211; Ku kaj\u00facej nedeli\">\u010c\u00edta\u0165 viac<\/a><\/p>\n","protected":false},"author":3,"featured_media":0,"comment_status":"open","ping_status":"open","sticky":false,"template":"","format":"standard","meta":{"footnotes":""},"categories":[119],"tags":[],"class_list":["post-32783","post","type-post","status-publish","format-standard","hentry","category-obdobie-po-sv-trojici"],"_links":{"self":[{"href":"https:\/\/www.e-anjelik.sk\/index.php\/wp-json\/wp\/v2\/posts\/32783","targetHints":{"allow":["GET"]}}],"collection":[{"href":"https:\/\/www.e-anjelik.sk\/index.php\/wp-json\/wp\/v2\/posts"}],"about":[{"href":"https:\/\/www.e-anjelik.sk\/index.php\/wp-json\/wp\/v2\/types\/post"}],"author":[{"embeddable":true,"href":"https:\/\/www.e-anjelik.sk\/index.php\/wp-json\/wp\/v2\/users\/3"}],"replies":[{"embeddable":true,"href":"https:\/\/www.e-anjelik.sk\/index.php\/wp-json\/wp\/v2\/comments?post=32783"}],"version-history":[{"count":2,"href":"https:\/\/www.e-anjelik.sk\/index.php\/wp-json\/wp\/v2\/posts\/32783\/revisions"}],"predecessor-version":[{"id":32790,"href":"https:\/\/www.e-anjelik.sk\/index.php\/wp-json\/wp\/v2\/posts\/32783\/revisions\/32790"}],"wp:attachment":[{"href":"https:\/\/www.e-anjelik.sk\/index.php\/wp-json\/wp\/v2\/media?parent=32783"}],"wp:term":[{"taxonomy":"category","embeddable":true,"href":"https:\/\/www.e-anjelik.sk\/index.php\/wp-json\/wp\/v2\/categories?post=32783"},{"taxonomy":"post_tag","embeddable":true,"href":"https:\/\/www.e-anjelik.sk\/index.php\/wp-json\/wp\/v2\/tags?post=32783"}],"curies":[{"name":"wp","href":"https:\/\/api.w.org\/{rel}","templated":true}]}}