{"id":32792,"date":"2019-08-29T18:00:33","date_gmt":"2019-08-29T16:00:33","guid":{"rendered":"http:\/\/e-anjelik.sk\/?p=32792"},"modified":"2019-08-29T18:00:33","modified_gmt":"2019-08-29T16:00:33","slug":"gbu-oznamuje-zomrel-dusan-vagasky","status":"publish","type":"post","link":"https:\/\/www.e-anjelik.sk\/index.php\/2019\/08\/29\/gbu-oznamuje-zomrel-dusan-vagasky\/","title":{"rendered":"GB\u00da oznamuje: Zomrel Du\u0161an Vagask\u00fd"},"content":{"rendered":"\n<h1 class=\"wp-block-heading\"><br><\/h1>\n\n\n\n<figure class=\"wp-block-image\"><a href=\"https:\/\/www.ecav.sk\/rails\/active_storage\/blobs\/eyJfcmFpbHMiOnsibWVzc2FnZSI6IkJBaHBBckY5IiwiZXhwIjpudWxsLCJwdXIiOiJibG9iX2lkIn19--f9cc01bf90c70116a78d75ce2ea3c1bd78929045\/500_pl_12.jpg\"><img decoding=\"async\" src=\"https:\/\/www.ecav.sk\/rails\/active_storage\/representations\/eyJfcmFpbHMiOnsibWVzc2FnZSI6IkJBaHBBckY5IiwiZXhwIjpudWxsLCJwdXIiOiJibG9iX2lkIn19--f9cc01bf90c70116a78d75ce2ea3c1bd78929045\/eyJfcmFpbHMiOnsibWVzc2FnZSI6IkJBaDdCam9MY21WemFYcGxTU0lJT1RBd0Jqb0dSVlE9IiwiZXhwIjpudWxsLCJwdXIiOiJ2YXJpYXRpb24ifX0=--f83398908a42570f1be2d2870fc3e62f317d893b\/500_pl_12.jpg\" alt=\"Zomrel Du\u0161an Vagask\u00fd\"\/><\/a><\/figure>\n\n\n\n<ul class=\"wp-block-list\"><li>&nbsp;29.08.19<\/li><li>&nbsp;&nbsp;Jana Nunv\u00e1\u0159ov\u00e1, tla\u010dov\u00e1 tajomn\u00ed\u010dka<\/li><li>&nbsp;<a href=\"https:\/\/www.ecav.sk\/aktuality\/oznamy\">&nbsp;Oznamy<\/a><\/li><\/ul>\n\n\n\n<p>P\u00e1n Boh si d\u0148a 28. augusta 2019 povolal z tejto \u010dasnosti do ve\u010dnosti brata Ing. Du\u0161ana Vagask\u00e9ho, b\u00fdval\u00e9ho riadite\u013ea Gener\u00e1lneho biskupsk\u00e9ho \u00faradu. Zomrel vo veku 63 rokov. Pohrebn\u00e1 rozl\u00fa\u010dka so zosnul\u00fdm bude 2. septembra 2019 o 15:00 hod. v ev. a. v. kostole vo Vy\u0161nom \u017dipove. Pozostalej rodine vyprosujeme ve\u013ea s\u00edl a Bo\u017eieho po\u017eehnania.\u00a0<\/p>\n\n\n\n<p>Vyslovujeme \u00faprimn\u00fa s\u00fastras\u0165 pozostal\u00fdm a prip\u00e1jame sa k pote\u0161uj\u00facim prosb\u00e1m. <\/p>\n\n\n\n<p><\/p>\n","protected":false},"excerpt":{"rendered":"<p>&nbsp;29.08.19 &nbsp;&nbsp;Jana Nunv\u00e1\u0159ov\u00e1, tla\u010dov\u00e1 tajomn\u00ed\u010dka &nbsp;&nbsp;Oznamy P\u00e1n Boh si d\u0148a 28. augusta 2019 povolal z tejto \u010dasnosti do ve\u010dnosti brata Ing. Du\u0161ana Vagask\u00e9ho, b\u00fdval\u00e9ho riadite\u013ea Gener\u00e1lneho biskupsk\u00e9ho \u00faradu. Zomrel vo veku 63 rokov. Pohrebn\u00e1 rozl\u00fa\u010dka so zosnul\u00fdm bude 2. septembra 2019 o 15:00 hod. v ev. a. v. kostole vo Vy\u0161nom \u017dipove. Pozostalej rodine vyprosujeme &#8230; <a title=\"GB\u00da oznamuje: Zomrel Du\u0161an Vagask\u00fd\" class=\"read-more\" href=\"https:\/\/www.e-anjelik.sk\/index.php\/2019\/08\/29\/gbu-oznamuje-zomrel-dusan-vagasky\/\" aria-label=\"Pre\u010d\u00edtajte si viac o GB\u00da oznamuje: Zomrel Du\u0161an Vagask\u00fd\">\u010c\u00edta\u0165 viac<\/a><\/p>\n","protected":false},"author":4,"featured_media":0,"comment_status":"open","ping_status":"open","sticky":false,"template":"","format":"standard","meta":{"footnotes":""},"categories":[1],"tags":[],"class_list":["post-32792","post","type-post","status-publish","format-standard","hentry","category-adventna-modlitba"],"_links":{"self":[{"href":"https:\/\/www.e-anjelik.sk\/index.php\/wp-json\/wp\/v2\/posts\/32792","targetHints":{"allow":["GET"]}}],"collection":[{"href":"https:\/\/www.e-anjelik.sk\/index.php\/wp-json\/wp\/v2\/posts"}],"about":[{"href":"https:\/\/www.e-anjelik.sk\/index.php\/wp-json\/wp\/v2\/types\/post"}],"author":[{"embeddable":true,"href":"https:\/\/www.e-anjelik.sk\/index.php\/wp-json\/wp\/v2\/users\/4"}],"replies":[{"embeddable":true,"href":"https:\/\/www.e-anjelik.sk\/index.php\/wp-json\/wp\/v2\/comments?post=32792"}],"version-history":[{"count":1,"href":"https:\/\/www.e-anjelik.sk\/index.php\/wp-json\/wp\/v2\/posts\/32792\/revisions"}],"predecessor-version":[{"id":32793,"href":"https:\/\/www.e-anjelik.sk\/index.php\/wp-json\/wp\/v2\/posts\/32792\/revisions\/32793"}],"wp:attachment":[{"href":"https:\/\/www.e-anjelik.sk\/index.php\/wp-json\/wp\/v2\/media?parent=32792"}],"wp:term":[{"taxonomy":"category","embeddable":true,"href":"https:\/\/www.e-anjelik.sk\/index.php\/wp-json\/wp\/v2\/categories?post=32792"},{"taxonomy":"post_tag","embeddable":true,"href":"https:\/\/www.e-anjelik.sk\/index.php\/wp-json\/wp\/v2\/tags?post=32792"}],"curies":[{"name":"wp","href":"https:\/\/api.w.org\/{rel}","templated":true}]}}