{"id":32809,"date":"2019-09-23T18:27:37","date_gmt":"2019-09-23T16:27:37","guid":{"rendered":"http:\/\/e-anjelik.sk\/?p=32809"},"modified":"2019-09-23T18:27:37","modified_gmt":"2019-09-23T16:27:37","slug":"narodny-pochod-za-zivot-2019","status":"publish","type":"post","link":"https:\/\/www.e-anjelik.sk\/index.php\/2019\/09\/23\/narodny-pochod-za-zivot-2019\/","title":{"rendered":"N\u00e1rodn\u00fd pochod za \u017eivot 2019"},"content":{"rendered":"\n<p>Evanjelick\u00e1 cirkev a. v. na Slovensku sa stoto\u017e\u0148uje s manifestom N\u00e1rodn\u00e9ho pochodu za \u017eivot 2019. \u00da\u010das\u0165ou tajomn\u00edka gener\u00e1lneho biskupa Borisa Mi\u0161inu na podujat\u00ed, vyjadrila ECAV s\u00fahlas s n\u00e1zormi a po\u017eiadavkami, ktor\u00e9 pochod inicioval.<br><br><\/p>\n\n\n\n<p>Manifest prin\u00e1\u0161ame v plnom znen\u00ed. (zdroj: TK KBS)<br><br><strong>Manifest N\u00e1rodn\u00e9ho pochodu za \u017eivot 2019<\/strong><br><br>My, \u00fa\u010dastn\u00edci N\u00e1rodn\u00e9ho pochodu za \u017eivot, vych\u00e1dzaj\u00fac z&nbsp;manifestov predch\u00e1dzaj\u00facich pochodov, ktor\u00e9 sa uskuto\u010dnili 22. septembra 2013 v&nbsp;Ko\u0161iciach a&nbsp;20. septembra 2015 v&nbsp;Bratislave; sme sa u\u017e po tret\u00ed raz zi\u0161li, aby sme v&nbsp;na\u0161om hlavnom meste verejne vyjadrili presved\u010denie, \u017ee:<br><br>\u2022 \u017eivot ka\u017ed\u00e9ho \u010dloveka je neocenite\u013en\u00fd, preto m\u00e1 by\u0165 bezpodmiene\u010dne chr\u00e1nen\u00fd po\u010das celej jeho d\u013a\u017eky \u2013 od po\u010datia po prirodzen\u00fa smr\u0165 \u2013 a \u013eudsk\u00e1 d\u00f4stojnos\u0165 ka\u017ed\u00e9ho \u010dloveka m\u00e1 by\u0165 plne re\u0161pektovan\u00e1. Pr\u00e1vo na \u017eivot a&nbsp;re\u0161pektovanie d\u00f4stojnosti m\u00e1 ka\u017ed\u00fd \u010dlovek bez oh\u013eadu na jeho p\u00f4vod, rasu, farbu pleti, n\u00e1bo\u017eenstvo, zdravotn\u00fd stav alebo vek;<br><br>\u2022 obchodovanie s&nbsp;umelo vytvoren\u00fdmi embryami a&nbsp;snahy o&nbsp;medzin\u00e1rodn\u00e9 uznanie k\u00fapy die\u0165a\u0165a od n\u00e1hradn\u00fdch matiek s\u00fa novodob\u00fdm otroctvom;<br><br>\u2022 tehotn\u00fdm matk\u00e1m v n\u00fadzi je potrebn\u00e9 poskytn\u00fa\u0165 pomocn\u00fa ruku a&nbsp;oporu;<br><br>\u2022 starostlivos\u0165 o deti a ich v\u00fdchova je pr\u00e1vom a zodpovednos\u0165ou rodi\u010dov, otca a&nbsp;mamy; deti maj\u00fa pr\u00e1vo na rodi\u010dovsk\u00fa ochranu, v\u00fdchovu a&nbsp;starostlivos\u0165;<br><br>\u2022 osobitn\u00fdm sp\u00f4sobom m\u00e1 by\u0165 chr\u00e1nen\u00e1 a podporovan\u00e1 rodina zalo\u017een\u00e1 man\u017eelstvom mu\u017ea a&nbsp;\u017eeny, nako\u013eko v takejto rodine sa vytv\u00e1raj\u00fa ide\u00e1lne podmienky na vznik a rozvoj \u017eivota \u010dloveka;<br><br>\u2022 star\u0161\u00ed a&nbsp;chor\u00ed \u013eudia s\u00fa plnohodnotn\u00fdmi \u010dlenmi na\u0161ej spolo\u010dnosti, nesm\u00fa by\u0165 vytl\u00e1\u010dan\u00ed na jej okraj, ani pova\u017eovan\u00ed za bremeno, maj\u00fa pr\u00e1vo na zdravotn\u00fa a&nbsp;soci\u00e1lnu starostlivos\u0165.<br><br>Ako \u010dlenovia tejto spolo\u010dnosti sme si vedom\u00ed na\u0161ej spoluviny za s\u00fa\u010dasn\u00fd stav, kedy sme pri\u010dasto ako s\u00fa\u010das\u0165 ml\u010diacej v\u00e4\u010d\u0161iny nebr\u00e1nili pr\u00e1vo na \u017eivot a nevytv\u00e1rali vhodn\u00e9 podmienky na jeho rozvoj. S\u00fa\u010dasn\u00fd stav n\u00e1s vyz\u00fdva ku konkr\u00e9tnym \u010dinom; vyz\u00fdva n\u00e1s postavi\u0165 sa za ochranu ka\u017ed\u00e9ho jedn\u00e9ho \u010dloveka, vr\u00e1tane ka\u017ed\u00e9ho nenaroden\u00e9ho die\u0165a\u0165a.<br><br>Vyz\u00fdvame preto v\u0161etk\u00fdch \u013eud\u00ed dobrej v\u00f4le, aby sa konkr\u00e9tne zasadili za:<br><br>1. zru\u0161enie diskrimin\u00e1cie nenaroden\u00fdch, lebo \u013eudsk\u00e9 pr\u00e1va patria v\u0161etk\u00fdm \u013eu\u010fom, vr\u00e1tane t\u00fdch nenaroden\u00fdch;<br><br>2. ukon\u010denie zlo\u010dinov na nevinn\u00fdch nenaroden\u00fdch de\u0165och a n\u00e1silia p\u00e1chan\u00e9ho na matk\u00e1ch v mene \u201emo\u017enosti vo\u013eby\u201c a \u201epr\u00e1va na s\u00fakromie\u201c;<br><br>3. ochranu a \u00factu ku ka\u017ed\u00e9mu \u010dloveku od jeho po\u010datia po prirodzen\u00fa smr\u0165 a \u0161\u00edrenie t\u00fdchto hodn\u00f4t v na\u0161ej spolo\u010dnosti;<br><br>4. re\u0161pektovanie d\u00f4stojnosti ka\u017ed\u00e9ho \u010dloveka;<br><br>5. pomoc \u013eu\u010fom v n\u00fadzi, osobitne tehotn\u00fdm matk\u00e1m, mnohopo\u010detn\u00fdm rodin\u00e1m a rodin\u00e1m v \u0165a\u017ekej \u017eivotnej situ\u00e1cii, ako aj uznanie a podporu organiz\u00e1ci\u00e1m, ktor\u00e9 tak\u00fato pomoc poskytuj\u00fa;<br><br>6. ochranu man\u017eelstva mu\u017ea a \u017eeny ako kol\u00edsky \u017eivota a z\u00e1kladnej bunky spolo\u010dnosti;<br><br>7. re\u0161pekt a garanciu osobitn\u00e9ho pr\u00e1va rodi\u010dov na v\u00fdchovu svojich det\u00ed.<br><br>Osobitne vyz\u00fdvame v\u0161etk\u00fdch verejn\u00fdch \u010dinite\u013eov, zvl\u00e1\u0161\u0165 poslancov NR SR, vl\u00e1du SR, prezidentku SR a v\u0161etky \u0161t\u00e1tne in\u0161tit\u00facie, aby:<br><br>1. zru\u0161ili z\u00e1konom zaveden\u00e9 rozde\u013eovanie \u013eud\u00ed na hodn\u00fdch \u017eivota a&nbsp;nehodn\u00fdch \u017eivota hranicou 12 t\u00fd\u017ed\u0148ov tehotenstva a&nbsp;t\u00fdm absol\u00fatne chr\u00e1nili \u013eudsk\u00fd \u017eivot od po\u010datia po prirodzen\u00fa smr\u0165;<br><br>2. chr\u00e1nili jedine\u010dn\u00e9 postavenie man\u017eelstva mu\u017ea a \u017eeny ako nenahradite\u013en\u00e9ho zv\u00e4zku, ktor\u00fd je vyjadren\u00edm prirodzen\u00e9ho z\u00e1kona rozpoznate\u013en\u00e9ho rozumom, lebo man\u017eelstvo mu\u017ea a&nbsp;\u017eeny v&nbsp;spolo\u010dnosti nem\u00e1 alternat\u00edvu;<br><br>3. sa zaviazali neust\u00e1le zlep\u0161ova\u0165 z\u00e1kony smerom k&nbsp;tak\u00e9mu ekonomick\u00e9mu a&nbsp;soci\u00e1lnemu stavu, ktor\u00fd vyzdvihne spolo\u010densky zodpovedn\u00e9 rodiny otvoren\u00e9 ma\u0165 viac det\u00ed, lebo Slovensko potrebuje \u00fa\u010dinn\u00fa rodinn\u00fa a&nbsp;demografick\u00fa politiku;<br><br>4. akt\u00edvne podporili in\u0161tit\u00facie, ktor\u00e9 s\u00fa zameran\u00e9 na pomoc rodin\u00e1m v n\u00fadzi a tehotn\u00fdm matk\u00e1m a ich de\u0165om a prispeli k vytvoreniu \u00fa\u010dinnej siete pomoci;<br><br>5. vyjadrili nes\u00fahlas s&nbsp;tak\u00fdmi dokumentmi medzin\u00e1rodn\u00fdch organiz\u00e1ci\u00ed, ktor\u00e9 v&nbsp;Slovenskej republike zasahuj\u00fa do \u00fastavn\u00fdch hodn\u00f4t man\u017eelstva, rodiny, rovnosti medzi mu\u017emi a&nbsp;\u017eenami a&nbsp;pr\u00e1va rodi\u010dov na v\u00fdchovu svojich det\u00ed.<br><br>Vedom\u00ed si svojej zodpovednosti i za bud\u00facnos\u0165 na\u0161ich det\u00ed a celej spolo\u010dnosti kr\u00e1\u010dame tu dnes pokojne, ale z\u00e1rove\u0148 odhodlane a jednozna\u010dne. Na\u0161e \u00fasilie nie je jednorazov\u00fdm po\u010dinom, ale pevn\u00fdm rozhodnut\u00edm vytrva\u0165, aby sme spolo\u010dne dosiahli tieto ciele.<br><br>Nech n\u00e1m v tom P\u00e1n Boh pom\u00e1ha!<br><br>\u00fa\u010dastn\u00edci N\u00e1rodn\u00e9ho pochodu za \u017eivot 2019, Bratislava 22. septembra 2019<\/p>\n","protected":false},"excerpt":{"rendered":"<p>Evanjelick\u00e1 cirkev a. v. na Slovensku sa stoto\u017e\u0148uje s manifestom N\u00e1rodn\u00e9ho pochodu za \u017eivot 2019. \u00da\u010das\u0165ou tajomn\u00edka gener\u00e1lneho biskupa Borisa Mi\u0161inu na podujat\u00ed, vyjadrila ECAV s\u00fahlas s n\u00e1zormi a po\u017eiadavkami, ktor\u00e9 pochod inicioval. Manifest prin\u00e1\u0161ame v plnom znen\u00ed. (zdroj: TK KBS) Manifest N\u00e1rodn\u00e9ho pochodu za \u017eivot 2019 My, \u00fa\u010dastn\u00edci N\u00e1rodn\u00e9ho pochodu za \u017eivot, vych\u00e1dzaj\u00fac z&nbsp;manifestov &#8230; <a title=\"N\u00e1rodn\u00fd pochod za \u017eivot 2019\" class=\"read-more\" href=\"https:\/\/www.e-anjelik.sk\/index.php\/2019\/09\/23\/narodny-pochod-za-zivot-2019\/\" aria-label=\"Pre\u010d\u00edtajte si viac o N\u00e1rodn\u00fd pochod za \u017eivot 2019\">\u010c\u00edta\u0165 viac<\/a><\/p>\n","protected":false},"author":1,"featured_media":0,"comment_status":"open","ping_status":"open","sticky":false,"template":"","format":"standard","meta":{"footnotes":""},"categories":[1],"tags":[],"class_list":["post-32809","post","type-post","status-publish","format-standard","hentry","category-adventna-modlitba"],"_links":{"self":[{"href":"https:\/\/www.e-anjelik.sk\/index.php\/wp-json\/wp\/v2\/posts\/32809","targetHints":{"allow":["GET"]}}],"collection":[{"href":"https:\/\/www.e-anjelik.sk\/index.php\/wp-json\/wp\/v2\/posts"}],"about":[{"href":"https:\/\/www.e-anjelik.sk\/index.php\/wp-json\/wp\/v2\/types\/post"}],"author":[{"embeddable":true,"href":"https:\/\/www.e-anjelik.sk\/index.php\/wp-json\/wp\/v2\/users\/1"}],"replies":[{"embeddable":true,"href":"https:\/\/www.e-anjelik.sk\/index.php\/wp-json\/wp\/v2\/comments?post=32809"}],"version-history":[{"count":1,"href":"https:\/\/www.e-anjelik.sk\/index.php\/wp-json\/wp\/v2\/posts\/32809\/revisions"}],"predecessor-version":[{"id":32810,"href":"https:\/\/www.e-anjelik.sk\/index.php\/wp-json\/wp\/v2\/posts\/32809\/revisions\/32810"}],"wp:attachment":[{"href":"https:\/\/www.e-anjelik.sk\/index.php\/wp-json\/wp\/v2\/media?parent=32809"}],"wp:term":[{"taxonomy":"category","embeddable":true,"href":"https:\/\/www.e-anjelik.sk\/index.php\/wp-json\/wp\/v2\/categories?post=32809"},{"taxonomy":"post_tag","embeddable":true,"href":"https:\/\/www.e-anjelik.sk\/index.php\/wp-json\/wp\/v2\/tags?post=32809"}],"curies":[{"name":"wp","href":"https:\/\/api.w.org\/{rel}","templated":true}]}}