{"id":32812,"date":"2019-09-27T17:36:23","date_gmt":"2019-09-27T15:36:23","guid":{"rendered":"http:\/\/e-anjelik.sk\/?p=32812"},"modified":"2019-09-27T17:36:23","modified_gmt":"2019-09-27T15:36:23","slug":"stretnutie-zien-mys-na-myjave","status":"publish","type":"post","link":"https:\/\/www.e-anjelik.sk\/index.php\/2019\/09\/27\/stretnutie-zien-mys-na-myjave\/","title":{"rendered":"Stretnutie \u017eien MyS na Myjave"},"content":{"rendered":"\n<p><em>\t\tO\u013ega Zlochov\u00e1, CZ ECAV Senica<\/em><\/p>\n\n\n\n<p><em>\t\t<\/em><a href=\"https:\/\/www.ecav.sk\/aktuality\/spravodajstvo\"><em>Spravodajstvo<\/em><\/a><\/p>\n\n\n\n<p>V nede\u013eu 22. septembra sa v evanjelickom kostole v Myjave zi\u0161li \u017eeny Myjavsk\u00e9ho senior\u00e1tu na svojom ka\u017edoro\u010dnom stretnut\u00ed. Treba poveda\u0165, \u017ee pri\u0161li aj viacer\u00ed mu\u017ei. V\u0161etk\u00fdch host\u00ed priv\u00edtali dom\u00e1ce far\u00e1rky Jaroslava Mi\u0161iakov\u00e1 a Monika \u010cernekov\u00e1 a z\u00e1rove\u0148 vyzvali aj ku kr\u00e1tkemu \u00favodn\u00e9mu duchovn\u00e9mu st\u00ed\u0161eniu.<\/p>\n\n\n\n<p>So zauj\u00edmavou predn\u00e1\u0161kou o \u017een\u00e1ch Starej Zmluvy pri\u0161la sestra far\u00e1rka Jana Il\u010diskov\u00e1 zo \u0160t\u00edtnika.V \u00favode pou\u017eila cit\u00e1t z Talmundu: \u201e\u017dena poch\u00e1dza z mu\u017eovho rebra. Nie z chodidla, aby sa po nej \u0161liapalo. Nie z jeho hlavy, aby bola dokonalej\u0161ia, ale z boku, aby bola rovnocenn\u00e1. Spod ramena, aby bola chr\u00e1nen\u00e1. A bl\u00edzko srdca, aby bola milovan\u00e1.\u201c &nbsp;Za\u010dala priamo od pramatky Evy, pokra\u010dovala d\u00e1vnou minulos\u0165ou, kde n\u00e1m pribl\u00ed\u017eila \u0165a\u017ek\u00fd a zneva\u017eovan\u00fd \u017eivot \u017eien. Nie\u010do, \u010do si v dne\u0161nej dobe v\u00f4bec nedok\u00e1\u017eeme predstavi\u0165. Rozpr\u00e1vala i o nov\u0161\u00edch dob\u00e1ch, o s\u00fa\u010dasnosti &nbsp;a vyslovila mnoho podnetn\u00fdch my\u0161lienok.<\/p>\n\n\n\n<p>Po skon\u010den\u00ed predn\u00e1\u0161ky koordin\u00e1torka SE\u017d MyS a konseniorka Iveta Vachulov\u00e1 po\u010fakovala sestre Il\u010diskovej za jej p\u00fatav\u00fa, nev\u0161edn\u00fa a naozaj zauj\u00edmav\u00fa predn\u00e1\u0161ku. Potom si prizvala aj n\u00e1\u0161ho druh\u00e9ho hos\u0165a: sestru Em\u00edliu Veleb\u00edrov\u00fa z Koce\u013eoviec a po\u017eiadala ich, aby sa na\u0161im \u017een\u00e1m predstavili. Obidve n\u00e1m porozpr\u00e1vali svoje \u017eivotn\u00e9 pr\u00edbehy o tom, ako a pre\u010do sa dali na far\u00e1rsku dr\u00e1hu a stali evanjelick\u00fdmi far\u00e1rkami. S ve\u013ek\u00fdm z\u00e1ujmom sme si vypo\u010duli ich svedectv\u00e1. Pr\u00edjemn\u00e9 popoludnie v chr\u00e1me Bo\u017eom spestrili deti z dom\u00e1ceho cirkevn\u00e9ho zboru poetick\u00fdm slovom a pies\u0148ami.<\/p>\n\n\n\n<p>Ako posledn\u00fd sa prihovoril senior MyS Miroslav Hvo\u017e\u010fara, ktor\u00fd vysoko vyzdvihol &nbsp;\u017eeny ako matky a man\u017eelky a vyslovil im ve\u013ek\u00fa v\u010faku za ich pr\u00e1cu doma, v rodin\u00e1ch, ale i za pr\u00e1cu v cirkevn\u00fdch zboroch. Jeho z\u00e1vere\u010dnou modlitbou a po\u017eehnan\u00edm skon\u010dilo pekn\u00e9, pr\u00edjemn\u00e9 popoludnie v chr\u00e1me Bo\u017eom v Myjave. &nbsp; &nbsp; &nbsp; &nbsp; &nbsp; &nbsp; &nbsp; &nbsp; &nbsp; &nbsp; &nbsp; &nbsp; &nbsp; &nbsp; &nbsp; &nbsp; &nbsp; &nbsp; &nbsp; &nbsp; &nbsp; &nbsp; &nbsp; &nbsp; &nbsp; &nbsp; &nbsp; &nbsp; &nbsp; &nbsp; &nbsp; &nbsp; &nbsp; &nbsp; &nbsp;<\/p>\n","protected":false},"excerpt":{"rendered":"<p>O\u013ega Zlochov\u00e1, CZ ECAV Senica Spravodajstvo V nede\u013eu 22. septembra sa v evanjelickom kostole v Myjave zi\u0161li \u017eeny Myjavsk\u00e9ho senior\u00e1tu na svojom ka\u017edoro\u010dnom stretnut\u00ed. Treba poveda\u0165, \u017ee pri\u0161li aj viacer\u00ed mu\u017ei. V\u0161etk\u00fdch host\u00ed priv\u00edtali dom\u00e1ce far\u00e1rky Jaroslava Mi\u0161iakov\u00e1 a Monika \u010cernekov\u00e1 a z\u00e1rove\u0148 vyzvali aj ku kr\u00e1tkemu \u00favodn\u00e9mu duchovn\u00e9mu st\u00ed\u0161eniu. So zauj\u00edmavou predn\u00e1\u0161kou o \u017een\u00e1ch &#8230; <a title=\"Stretnutie \u017eien MyS na Myjave\" class=\"read-more\" href=\"https:\/\/www.e-anjelik.sk\/index.php\/2019\/09\/27\/stretnutie-zien-mys-na-myjave\/\" aria-label=\"Pre\u010d\u00edtajte si viac o Stretnutie \u017eien MyS na Myjave\">\u010c\u00edta\u0165 viac<\/a><\/p>\n","protected":false},"author":4,"featured_media":0,"comment_status":"open","ping_status":"open","sticky":false,"template":"","format":"standard","meta":{"footnotes":""},"categories":[1],"tags":[],"class_list":["post-32812","post","type-post","status-publish","format-standard","hentry","category-adventna-modlitba"],"_links":{"self":[{"href":"https:\/\/www.e-anjelik.sk\/index.php\/wp-json\/wp\/v2\/posts\/32812","targetHints":{"allow":["GET"]}}],"collection":[{"href":"https:\/\/www.e-anjelik.sk\/index.php\/wp-json\/wp\/v2\/posts"}],"about":[{"href":"https:\/\/www.e-anjelik.sk\/index.php\/wp-json\/wp\/v2\/types\/post"}],"author":[{"embeddable":true,"href":"https:\/\/www.e-anjelik.sk\/index.php\/wp-json\/wp\/v2\/users\/4"}],"replies":[{"embeddable":true,"href":"https:\/\/www.e-anjelik.sk\/index.php\/wp-json\/wp\/v2\/comments?post=32812"}],"version-history":[{"count":1,"href":"https:\/\/www.e-anjelik.sk\/index.php\/wp-json\/wp\/v2\/posts\/32812\/revisions"}],"predecessor-version":[{"id":32813,"href":"https:\/\/www.e-anjelik.sk\/index.php\/wp-json\/wp\/v2\/posts\/32812\/revisions\/32813"}],"wp:attachment":[{"href":"https:\/\/www.e-anjelik.sk\/index.php\/wp-json\/wp\/v2\/media?parent=32812"}],"wp:term":[{"taxonomy":"category","embeddable":true,"href":"https:\/\/www.e-anjelik.sk\/index.php\/wp-json\/wp\/v2\/categories?post=32812"},{"taxonomy":"post_tag","embeddable":true,"href":"https:\/\/www.e-anjelik.sk\/index.php\/wp-json\/wp\/v2\/tags?post=32812"}],"curies":[{"name":"wp","href":"https:\/\/api.w.org\/{rel}","templated":true}]}}