{"id":32819,"date":"2019-09-30T09:48:43","date_gmt":"2019-09-30T07:48:43","guid":{"rendered":"http:\/\/e-anjelik.sk\/?p=32819"},"modified":"2019-09-30T09:48:43","modified_gmt":"2019-09-30T07:48:43","slug":"martin-razus-za-urody","status":"publish","type":"post","link":"https:\/\/www.e-anjelik.sk\/index.php\/2019\/09\/30\/martin-razus-za-urody\/","title":{"rendered":"Martin R\u00e1zus &#8211; Za \u00farody"},"content":{"rendered":"\n<p>Orali sme\n\u2013 siali <br>\npolia v \u0161\u00edr i diali, <br>\n-\u00d3, h\u013ea\u010f, Bo\u017ee, na ne <br>\na \u017ei\u010d po\u017eehnane: <br>\nnech sa zbo\u017eie zvln\u00ed <br>\nmorom na \u00fasln\u00ed, <br>\no\u0165a\u017eej\u00fa stromy <br>\npoza na\u0161e domy, <br>\nl\u00faky zdvihn\u00fa, rosou \u2013 <br>\nprv, ne\u017e padn\u00fa kosou&#8230;! <\/p>\n\n\n\n<p>Chr\u00e1\u0148\nich, Hospod\u00e1ru, <br>\nod skazy a zmaru, <br>\nda\u017e\u010fom pozalievaj, <br>\nslnkom poohrievaj. <br>\nNech by chleb\u00edk r\u00e1stol, <br>\nvonn\u00fd chleb\u00edk \u2013 na st\u00f4l, <br>\na \u013eud v dobrej v\u00f4li <br>\nzv\u00e1\u017eal do stodoly <br>\ndary, \u010do \u0164a sl\u00e1via&#8230;! <\/p>\n\n\n\n<p>K tomu \u2013\ndaj n\u00e1m zdravia, <br>\npokoja a mieru, <br>\nutvr\u010f na\u0161u vieru <br>\nv ducha ve\u013ek\u00e9 statky! <br>\nNa slovensk\u00e9 chatky <br>\nzasvie\u0165 l\u00e1skou svojou, <br>\nspros\u0165 n\u00e1s trpk\u00fdch bojov, <br>\na stoj, Bo\u017ee, s nami <br>\ntu i nad hviezdami! <\/p>\n","protected":false},"excerpt":{"rendered":"<p>Orali sme \u2013 siali polia v \u0161\u00edr i diali, -\u00d3, h\u013ea\u010f, Bo\u017ee, na ne a \u017ei\u010d po\u017eehnane: nech sa zbo\u017eie zvln\u00ed morom na \u00fasln\u00ed, o\u0165a\u017eej\u00fa stromy poza na\u0161e domy, l\u00faky zdvihn\u00fa, rosou \u2013 prv, ne\u017e padn\u00fa kosou&#8230;! Chr\u00e1\u0148 ich, Hospod\u00e1ru, od skazy a zmaru, da\u017e\u010fom pozalievaj, slnkom poohrievaj. Nech by chleb\u00edk r\u00e1stol, vonn\u00fd chleb\u00edk \u2013 &#8230; <a title=\"Martin R\u00e1zus &#8211; Za \u00farody\" class=\"read-more\" href=\"https:\/\/www.e-anjelik.sk\/index.php\/2019\/09\/30\/martin-razus-za-urody\/\" aria-label=\"Pre\u010d\u00edtajte si viac o Martin R\u00e1zus &#8211; Za \u00farody\">\u010c\u00edta\u0165 viac<\/a><\/p>\n","protected":false},"author":3,"featured_media":0,"comment_status":"open","ping_status":"open","sticky":false,"template":"","format":"standard","meta":{"footnotes":""},"categories":[119,165],"tags":[],"class_list":["post-32819","post","type-post","status-publish","format-standard","hentry","category-obdobie-po-sv-trojici","category-poezia-2"],"_links":{"self":[{"href":"https:\/\/www.e-anjelik.sk\/index.php\/wp-json\/wp\/v2\/posts\/32819","targetHints":{"allow":["GET"]}}],"collection":[{"href":"https:\/\/www.e-anjelik.sk\/index.php\/wp-json\/wp\/v2\/posts"}],"about":[{"href":"https:\/\/www.e-anjelik.sk\/index.php\/wp-json\/wp\/v2\/types\/post"}],"author":[{"embeddable":true,"href":"https:\/\/www.e-anjelik.sk\/index.php\/wp-json\/wp\/v2\/users\/3"}],"replies":[{"embeddable":true,"href":"https:\/\/www.e-anjelik.sk\/index.php\/wp-json\/wp\/v2\/comments?post=32819"}],"version-history":[{"count":1,"href":"https:\/\/www.e-anjelik.sk\/index.php\/wp-json\/wp\/v2\/posts\/32819\/revisions"}],"predecessor-version":[{"id":32820,"href":"https:\/\/www.e-anjelik.sk\/index.php\/wp-json\/wp\/v2\/posts\/32819\/revisions\/32820"}],"wp:attachment":[{"href":"https:\/\/www.e-anjelik.sk\/index.php\/wp-json\/wp\/v2\/media?parent=32819"}],"wp:term":[{"taxonomy":"category","embeddable":true,"href":"https:\/\/www.e-anjelik.sk\/index.php\/wp-json\/wp\/v2\/categories?post=32819"},{"taxonomy":"post_tag","embeddable":true,"href":"https:\/\/www.e-anjelik.sk\/index.php\/wp-json\/wp\/v2\/tags?post=32819"}],"curies":[{"name":"wp","href":"https:\/\/api.w.org\/{rel}","templated":true}]}}