{"id":3282,"date":"2011-01-03T10:37:44","date_gmt":"2011-01-03T10:37:44","guid":{"rendered":"http:\/\/e-anjelik.sk\/?p=3282"},"modified":"2011-01-03T10:37:44","modified_gmt":"2011-01-03T10:37:44","slug":"z-vykladu-zalmov-od-svateho-biskupa-augustina-ps-33-29-ccl-38-272-273","status":"publish","type":"post","link":"https:\/\/www.e-anjelik.sk\/index.php\/2011\/01\/03\/z-vykladu-zalmov-od-svateho-biskupa-augustina-ps-33-29-ccl-38-272-273\/","title":{"rendered":"Z V\u00fdkladu \u017ealmov od sv\u00e4t\u00e9ho biskupa August\u00edna (Ps 33, 29: CCL 38, 272-273)"},"content":{"rendered":"<p>&nbsp;Bratia, ve\u013emi v&aacute;s povzbudzujeme k l&aacute;ske, nielen medzi vami navz&aacute;jom, ale aj k t&yacute;m, \u010do s&uacute; mimo, \u010di s&uacute; to pohania, \u010do e&scaron;te neveria v Krista, alebo t&iacute;, \u010do s&uacute; od n&aacute;s odl&uacute;\u010den&iacute;, a vyzn&aacute;vaj&uacute; s nami Hlavu, ale od tela sa oddelili. \u017dia\u013eme za nimi, bratia, ako za svojimi bratmi. \u010ci chc&uacute;, alebo nechc&uacute;, s&uacute; na&scaron;imi bratmi. A\u017e vtedy by prestali by\u0165 na&scaron;imi bratmi, keby prestali hovori\u0165: &bdquo;Ot\u010de n&aacute;&scaron;.&ldquo;<\/p>\n<p>\n<meta http-equiv=\"content-type\" content=\"text\/html; charset=utf-8\">O ktor&yacute;chsi povedal Prorok: &bdquo;T&yacute;m, \u010do v&aacute;m hovoria: Nie ste na&scaron;i bratia, povedzte: Ste na&scaron;i bratia.&ldquo; Uva\u017eujte, o kom to mohol poveda\u0165. O pohanoch? Nie, lebo ich nenaz&yacute;vame na&scaron;imi bratmi ani pod\u013ea P&iacute;sma ani pod\u013ea toho, ako sa hovor&iacute; v Cirkvi. Alebo o \u017didoch, ktor&iacute; neuverili v Krista?<br \/>\n\u010c&iacute;tajte Apo&scaron;tola a uvid&iacute;te, \u017ee ke\u010f Apo&scaron;tol hovor&iacute; &bdquo;bratia&ldquo; bez nejak&eacute;ho pr&iacute;davku, rozumie iba kres\u0165anov: &bdquo;Pre\u010do teda s&uacute;di&scaron; svojho brata? A ty pre\u010do svoj&iacute;m bratom poh\u0155da&scaron;?&ldquo; A na inom mieste hovor&iacute;: &bdquo;Vy krivd&iacute;te a &scaron;kod&iacute;te, a to bratom.&ldquo;<br \/>\nTeda t&iacute;, \u010do hovoria: &bdquo;Nie ste na&scaron;i bratia,&ldquo; naz&yacute;vaj&uacute; n&aacute;s pohanmi. A preto n&aacute;s chc&uacute; aj prekrsti\u0165 a hovoria, \u017ee my nem&aacute;me, \u010do d&aacute;vaj&uacute; oni. Preto je ich blud d&ocirc;sledn&yacute;, ke\u010f popieraj&uacute;, \u017ee sme ich bratmi. Ale pre\u010do n&aacute;m hovor&iacute; Prorok: &bdquo;Vy im povedzte: Ste na&scaron;i bratia,&ldquo; ak nie iba preto, \u017ee v nich uzn&aacute;vame to, \u010do neopakujeme? Oni neuzn&aacute;vaj&uacute; n&aacute;&scaron; krst a t&yacute;m popieraj&uacute;, \u017ee sme ich bratmi. My neopakujeme ich krst, ale uzn&aacute;vame ho ako n&aacute;&scaron; a hovor&iacute;me im: &bdquo;Ste na&scaron;i bratia.&ldquo;<br \/>\nOni povedia: &bdquo;Pre\u010do n&aacute;s vyh\u013ead&aacute;vate, \u010do s nami chcete?&ldquo; Odpovedzme: &bdquo;Ste na&scaron;i bratia.&ldquo; Povedia: &bdquo;Cho\u010fte pre\u010d od n&aacute;s, my nem&aacute;me s vami ni\u010d spolo\u010dn&eacute;.&ldquo; Ale my s vami m&aacute;me: vyzn&aacute;vame jedn&eacute;ho Krista, mus&iacute;me by\u0165 v jednom tele, pod jednou hlavou.<br \/>\nZaprisah&aacute;vame v&aacute;s teda, bratia, pre milosrdn&uacute; l&aacute;sku, ktorej mliekom sa \u017eiv&iacute;me, ktorej chlebom sa posil\u0148ujeme, pre Krista, n&aacute;&scaron;ho P&aacute;na, pre jeho miernos\u0165, zaprisah&aacute;vame v&aacute;s (lebo je na\u010dase, aby sme ich zahrnuli ve\u013ekou l&aacute;skou a prekypuj&uacute;cim milosrdenstvom a prosili Boha za nich, aby im raz udelil zdrav&eacute; zm&yacute;&scaron;\u013eanie, aby sa spam&auml;tali a zbadali, \u017ee nemaj&uacute; absol&uacute;tne \u010do poveda\u0165 proti pravde; lebo im nezostalo ni\u010d in&eacute; iba chorobn&aacute; srdnatos\u0165, ktor&aacute; je t&yacute;m slab&scaron;ia, \u010d&iacute;m viac si nam&yacute;&scaron;\u013ea, \u017ee m&aacute; silu), zaprisah&aacute;vame v&aacute;s za slab&yacute;ch, za t&yacute;ch, \u010do zm&yacute;&scaron;\u013eaj&uacute; pod\u013ea tela, za \u017eivo\u010d&iacute;&scaron;nych a telesn&yacute;ch, a predsa na&scaron;ich bratov, ktor&iacute; sl&aacute;via tie ist&eacute; tajomstv&aacute;, aj ke\u010f nie s nami, ale tie ist&eacute;, ktor&iacute; odpovedaj&uacute; to ist&eacute; &bdquo;Amen&ldquo;, hoci nie s nami, ale to ist&eacute;; modlite sa za nich k Bohu z h\u013abky svojej l&aacute;sky.<\/meta><\/p>\n","protected":false},"excerpt":{"rendered":"<p>&nbsp;Bratia, ve\u013emi v&aacute;s povzbudzujeme k l&aacute;ske, nielen medzi vami navz&aacute;jom, ale aj k t&yacute;m, \u010do s&uacute; mimo, \u010di s&uacute; to pohania, \u010do e&scaron;te neveria v Krista, alebo t&iacute;, \u010do s&uacute; od n&aacute;s odl&uacute;\u010den&iacute;, a vyzn&aacute;vaj&uacute; s nami Hlavu, ale od tela sa oddelili. \u017dia\u013eme za nimi, bratia, ako za svojimi bratmi. \u010ci chc&uacute;, alebo nechc&uacute;, &#8230; <a title=\"Z V\u00fdkladu \u017ealmov od sv\u00e4t\u00e9ho biskupa August\u00edna (Ps 33, 29: CCL 38, 272-273)\" class=\"read-more\" href=\"https:\/\/www.e-anjelik.sk\/index.php\/2011\/01\/03\/z-vykladu-zalmov-od-svateho-biskupa-augustina-ps-33-29-ccl-38-272-273\/\" aria-label=\"Pre\u010d\u00edtajte si viac o Z V\u00fdkladu \u017ealmov od sv\u00e4t\u00e9ho biskupa August\u00edna (Ps 33, 29: CCL 38, 272-273)\">\u010c\u00edta\u0165 viac<\/a><\/p>\n","protected":false},"author":17,"featured_media":0,"comment_status":"open","ping_status":"open","sticky":false,"template":"","format":"standard","meta":{"footnotes":""},"categories":[2,40,121],"tags":[],"class_list":["post-3282","post","type-post","status-publish","format-standard","hentry","category-ekumena","category-historia","category-kazne"],"_links":{"self":[{"href":"https:\/\/www.e-anjelik.sk\/index.php\/wp-json\/wp\/v2\/posts\/3282","targetHints":{"allow":["GET"]}}],"collection":[{"href":"https:\/\/www.e-anjelik.sk\/index.php\/wp-json\/wp\/v2\/posts"}],"about":[{"href":"https:\/\/www.e-anjelik.sk\/index.php\/wp-json\/wp\/v2\/types\/post"}],"author":[{"embeddable":true,"href":"https:\/\/www.e-anjelik.sk\/index.php\/wp-json\/wp\/v2\/users\/17"}],"replies":[{"embeddable":true,"href":"https:\/\/www.e-anjelik.sk\/index.php\/wp-json\/wp\/v2\/comments?post=3282"}],"version-history":[{"count":0,"href":"https:\/\/www.e-anjelik.sk\/index.php\/wp-json\/wp\/v2\/posts\/3282\/revisions"}],"wp:attachment":[{"href":"https:\/\/www.e-anjelik.sk\/index.php\/wp-json\/wp\/v2\/media?parent=3282"}],"wp:term":[{"taxonomy":"category","embeddable":true,"href":"https:\/\/www.e-anjelik.sk\/index.php\/wp-json\/wp\/v2\/categories?post=3282"},{"taxonomy":"post_tag","embeddable":true,"href":"https:\/\/www.e-anjelik.sk\/index.php\/wp-json\/wp\/v2\/tags?post=3282"}],"curies":[{"name":"wp","href":"https:\/\/api.w.org\/{rel}","templated":true}]}}