{"id":32830,"date":"2019-09-30T22:30:22","date_gmt":"2019-09-30T20:30:22","guid":{"rendered":"http:\/\/e-anjelik.sk\/?p=32830"},"modified":"2019-10-07T16:18:17","modified_gmt":"2019-10-07T14:18:17","slug":"hajna-nova-ves","status":"publish","type":"post","link":"https:\/\/www.e-anjelik.sk\/index.php\/2019\/09\/30\/hajna-nova-ves\/","title":{"rendered":"Hajn\u00e1 Nov\u00e1 Ves"},"content":{"rendered":"\n<ul class=\"wp-block-list\"><li>Mgr. Martin Bob\u00e1k, n\u00e1mestn\u00fd far\u00e1r v CZ Nitrianska Streda<\/li><li>&nbsp;<a href=\"https:\/\/www.ecav.sk\/aktuality\/spravodajstvo\">&nbsp;Spravodajstvo<\/a><\/li><\/ul>\n\n\n\n<figure class=\"wp-block-image\"><a href=\"https:\/\/www.ecav.sk\/rails\/active_storage\/blobs\/eyJfcmFpbHMiOnsibWVzc2FnZSI6IkJBaHBBZ1IvIiwiZXhwIjpudWxsLCJwdXIiOiJibG9iX2lkIn19--bc49e4a3c4215de517796932dcf5b79bb66cd101\/20190924_091545.jpg\"><img decoding=\"async\" src=\"https:\/\/www.ecav.sk\/rails\/active_storage\/representations\/eyJfcmFpbHMiOnsibWVzc2FnZSI6IkJBaHBBZ1IvIiwiZXhwIjpudWxsLCJwdXIiOiJibG9iX2lkIn19--bc49e4a3c4215de517796932dcf5b79bb66cd101\/eyJfcmFpbHMiOnsibWVzc2FnZSI6IkJBaDdCam9MY21WemFYcGxTU0lJT1RBd0Jqb0dSVlE9IiwiZXhwIjpudWxsLCJwdXIiOiJ2YXJpYXRpb24ifX0=--f83398908a42570f1be2d2870fc3e62f317d893b\/20190924_091545.jpg\" alt=\"V Hajnej Novej Vsi oslavovali v\u00fdro\u010die posv\u00e4tenia chr\u00e1mu\"\/><\/a><\/figure>\n\n\n\n<p>Nede\u013ea 22. 9. 2019 bola sl\u00e1vnostn\u00fdm d\u0148om pre evanjelikov v cirkevnom zbore Nitrianska Streda, zvl\u00e1\u0161\u0165 pre f\u00edliu Hajn\u00e1 Nov\u00e1 Ves. Dom\u00e1ci viery aj pozvan\u00ed hostia si sl\u00e1vnostn\u00fdmi Slu\u017ebami Bo\u017e\u00edmi pripomenuli 80. v\u00fdro\u010die Pamiatky posv\u00e4tenia chr\u00e1mu.<\/p>\n\n\n\n<p>Sl\u00e1vnostn\u00fdm kazate\u013eom Slova Bo\u017eieho bol d\u00f4stojn\u00fd brat emeritn\u00fd biskup Dr.h.c. prof. ThDr. J\u00falius Filo. Vo svojej k\u00e1zni zd\u00f4raznil, \u017ee cirkvi m\u00e1 z\u00e1le\u017ea\u0165 na tom, aby v\u0161etci \u013eudia boli spasen\u00ed. Chr\u00e1m m\u00e1 by\u0165 nielen miestom stret\u00e1vania sa, ale aj slu\u017eby. Brat far\u00e1r Mgr. Martin Bob\u00e1k potom v\u0161etk\u00fdm \u00fa\u010dastn\u00edkom pripomenul hist\u00f3riu stavby chr\u00e1mu a z\u00e1rove\u0148 po\u010fakoval bratom a sestr\u00e1m cirkevn\u00e9ho zboru sa obetav\u00fa pr\u00e1cu a zve\u013ea\u010fovanie chr\u00e1mu za posledn\u00e9 obdobie. Sl\u00e1vnostn\u00e9 Slu\u017eby Bo\u017eie obohatili svojim vyst\u00fapen\u00edm spevokoly z matkocirkvi Nitrianska Streda i z f\u00edlie Krn\u010da. Pre\u017eili sme naozaj po\u017eehnan\u00fd de\u0148 v dome P\u00e1novom.<\/p>\n","protected":false},"excerpt":{"rendered":"<p>Mgr. Martin Bob\u00e1k, n\u00e1mestn\u00fd far\u00e1r v CZ Nitrianska Streda &nbsp;&nbsp;Spravodajstvo Nede\u013ea 22. 9. 2019 bola sl\u00e1vnostn\u00fdm d\u0148om pre evanjelikov v cirkevnom zbore Nitrianska Streda, zvl\u00e1\u0161\u0165 pre f\u00edliu Hajn\u00e1 Nov\u00e1 Ves. Dom\u00e1ci viery aj pozvan\u00ed hostia si sl\u00e1vnostn\u00fdmi Slu\u017ebami Bo\u017e\u00edmi pripomenuli 80. v\u00fdro\u010die Pamiatky posv\u00e4tenia chr\u00e1mu. Sl\u00e1vnostn\u00fdm kazate\u013eom Slova Bo\u017eieho bol d\u00f4stojn\u00fd brat emeritn\u00fd biskup Dr.h.c. &#8230; <a title=\"Hajn\u00e1 Nov\u00e1 Ves\" class=\"read-more\" href=\"https:\/\/www.e-anjelik.sk\/index.php\/2019\/09\/30\/hajna-nova-ves\/\" aria-label=\"Pre\u010d\u00edtajte si viac o Hajn\u00e1 Nov\u00e1 Ves\">\u010c\u00edta\u0165 viac<\/a><\/p>\n","protected":false},"author":4,"featured_media":0,"comment_status":"open","ping_status":"open","sticky":false,"template":"","format":"standard","meta":{"footnotes":""},"categories":[1,530,531],"tags":[],"class_list":["post-32830","post","type-post","status-publish","format-standard","hentry","category-adventna-modlitba","category-hajna-nova-ves","category-nitrianska-streda"],"_links":{"self":[{"href":"https:\/\/www.e-anjelik.sk\/index.php\/wp-json\/wp\/v2\/posts\/32830","targetHints":{"allow":["GET"]}}],"collection":[{"href":"https:\/\/www.e-anjelik.sk\/index.php\/wp-json\/wp\/v2\/posts"}],"about":[{"href":"https:\/\/www.e-anjelik.sk\/index.php\/wp-json\/wp\/v2\/types\/post"}],"author":[{"embeddable":true,"href":"https:\/\/www.e-anjelik.sk\/index.php\/wp-json\/wp\/v2\/users\/4"}],"replies":[{"embeddable":true,"href":"https:\/\/www.e-anjelik.sk\/index.php\/wp-json\/wp\/v2\/comments?post=32830"}],"version-history":[{"count":1,"href":"https:\/\/www.e-anjelik.sk\/index.php\/wp-json\/wp\/v2\/posts\/32830\/revisions"}],"predecessor-version":[{"id":32831,"href":"https:\/\/www.e-anjelik.sk\/index.php\/wp-json\/wp\/v2\/posts\/32830\/revisions\/32831"}],"wp:attachment":[{"href":"https:\/\/www.e-anjelik.sk\/index.php\/wp-json\/wp\/v2\/media?parent=32830"}],"wp:term":[{"taxonomy":"category","embeddable":true,"href":"https:\/\/www.e-anjelik.sk\/index.php\/wp-json\/wp\/v2\/categories?post=32830"},{"taxonomy":"post_tag","embeddable":true,"href":"https:\/\/www.e-anjelik.sk\/index.php\/wp-json\/wp\/v2\/tags?post=32830"}],"curies":[{"name":"wp","href":"https:\/\/api.w.org\/{rel}","templated":true}]}}