{"id":32832,"date":"2019-10-04T13:21:13","date_gmt":"2019-10-04T11:21:13","guid":{"rendered":"http:\/\/e-anjelik.sk\/?p=32832"},"modified":"2019-10-04T13:21:13","modified_gmt":"2019-10-04T11:21:13","slug":"vyrocna-sprava-predsednictva-ecav-za-r-2018","status":"publish","type":"post","link":"https:\/\/www.e-anjelik.sk\/index.php\/2019\/10\/04\/vyrocna-sprava-predsednictva-ecav-za-r-2018\/","title":{"rendered":"V\u00fdro\u010dn\u00e1 spr\u00e1va predsedn\u00edctva ECAV- za r.2018"},"content":{"rendered":"\n<h1 class=\"wp-block-heading\">V\u00fdro\u010dn\u00e1 spr\u00e1va Predsedn\u00edctva ECAV na Slovensku<\/h1>\n\n\n\n<ul class=\"wp-block-list\"><li>&nbsp;30.09.19<\/li><li>&nbsp;&nbsp;Jana Nunv\u00e1\u0159ov\u00e1, tla\u010dov\u00e1 tajomn\u00ed\u010dka<\/li><li>&nbsp;<a href=\"https:\/\/www.ecav.sk\/aktuality\/oznamy\/z-gbu\">&nbsp;Z GB\u00da<\/a><\/li><\/ul>\n\n\n\n<figure class=\"wp-block-image\"><a href=\"https:\/\/www.ecav.sk\/rails\/active_storage\/blobs\/eyJfcmFpbHMiOnsibWVzc2FnZSI6IkJBaHBBbUIvIiwiZXhwIjpudWxsLCJwdXIiOiJibG9iX2lkIn19--869a5d5b700043f508b17e460c226a936cb415f0\/Screenshot_2.jpg\"><img decoding=\"async\" src=\"https:\/\/www.ecav.sk\/rails\/active_storage\/representations\/eyJfcmFpbHMiOnsibWVzc2FnZSI6IkJBaHBBbUIvIiwiZXhwIjpudWxsLCJwdXIiOiJibG9iX2lkIn19--869a5d5b700043f508b17e460c226a936cb415f0\/eyJfcmFpbHMiOnsibWVzc2FnZSI6IkJBaDdCam9MY21WemFYcGxTU0lJT1RBd0Jqb0dSVlE9IiwiZXhwIjpudWxsLCJwdXIiOiJ2YXJpYXRpb24ifX0=--f83398908a42570f1be2d2870fc3e62f317d893b\/Screenshot_2.jpg\" alt=\"V\u00fdro\u010dn\u00e1 spr\u00e1va Predsedn\u00edctva ECAV na Slovensku\"\/><\/a><\/figure>\n\n\n\n<p>Synoda ECAV na Slovensku za rok 2018<br>Pre\u0161ov, 21. &#8211; 22. j\u00fan 2019<\/p>\n\n\n\n<p><a href=\"https:\/\/www.ecav.sk\/rails\/active_storage\/blobs\/eyJfcmFpbHMiOnsibWVzc2FnZSI6IkJBaHBBbDkvIiwiZXhwIjpudWxsLCJwdXIiOiJibG9iX2lkIn19--78a4f8f7f7f4aa2cd689998db0d27fe651121d3b\/Spr%C3%A1va%20predsedn%C3%ADctva%20SYNODA.pdf\" target=\"_blank\" rel=\"noreferrer noopener\">Spr\u00e1va predsedn\u00edctva SYNODA.pdf<\/a><\/p>\n\n\n\n<ul class=\"wp-block-list\"><li><\/li><\/ul>\n","protected":false},"excerpt":{"rendered":"<p>V\u00fdro\u010dn\u00e1 spr\u00e1va Predsedn\u00edctva ECAV na Slovensku &nbsp;30.09.19 &nbsp;&nbsp;Jana Nunv\u00e1\u0159ov\u00e1, tla\u010dov\u00e1 tajomn\u00ed\u010dka &nbsp;&nbsp;Z GB\u00da Synoda ECAV na Slovensku za rok 2018Pre\u0161ov, 21. &#8211; 22. j\u00fan 2019 Spr\u00e1va predsedn\u00edctva SYNODA.pdf<\/p>\n","protected":false},"author":4,"featured_media":0,"comment_status":"open","ping_status":"open","sticky":false,"template":"","format":"standard","meta":{"footnotes":""},"categories":[73,177,104],"tags":[],"class_list":["post-32832","post","type-post","status-publish","format-standard","hentry","category-ecav","category-gbu","category-synoda"],"_links":{"self":[{"href":"https:\/\/www.e-anjelik.sk\/index.php\/wp-json\/wp\/v2\/posts\/32832","targetHints":{"allow":["GET"]}}],"collection":[{"href":"https:\/\/www.e-anjelik.sk\/index.php\/wp-json\/wp\/v2\/posts"}],"about":[{"href":"https:\/\/www.e-anjelik.sk\/index.php\/wp-json\/wp\/v2\/types\/post"}],"author":[{"embeddable":true,"href":"https:\/\/www.e-anjelik.sk\/index.php\/wp-json\/wp\/v2\/users\/4"}],"replies":[{"embeddable":true,"href":"https:\/\/www.e-anjelik.sk\/index.php\/wp-json\/wp\/v2\/comments?post=32832"}],"version-history":[{"count":1,"href":"https:\/\/www.e-anjelik.sk\/index.php\/wp-json\/wp\/v2\/posts\/32832\/revisions"}],"predecessor-version":[{"id":32833,"href":"https:\/\/www.e-anjelik.sk\/index.php\/wp-json\/wp\/v2\/posts\/32832\/revisions\/32833"}],"wp:attachment":[{"href":"https:\/\/www.e-anjelik.sk\/index.php\/wp-json\/wp\/v2\/media?parent=32832"}],"wp:term":[{"taxonomy":"category","embeddable":true,"href":"https:\/\/www.e-anjelik.sk\/index.php\/wp-json\/wp\/v2\/categories?post=32832"},{"taxonomy":"post_tag","embeddable":true,"href":"https:\/\/www.e-anjelik.sk\/index.php\/wp-json\/wp\/v2\/tags?post=32832"}],"curies":[{"name":"wp","href":"https:\/\/api.w.org\/{rel}","templated":true}]}}