{"id":3285,"date":"2011-01-04T11:32:35","date_gmt":"2011-01-04T11:32:35","guid":{"rendered":"http:\/\/e-anjelik.sk\/?p=3285"},"modified":"2011-01-04T11:32:35","modified_gmt":"2011-01-04T11:32:35","slug":"biskupska-vysviacka-v-turku-finsko-na-sviatok-zjavenia-pana","status":"publish","type":"post","link":"https:\/\/www.e-anjelik.sk\/index.php\/2011\/01\/04\/biskupska-vysviacka-v-turku-finsko-na-sviatok-zjavenia-pana\/","title":{"rendered":"Biskupsk\u00e1 vysviacka v Turku -F\u00ednsko  na sviatok Zjavenia P\u00e1na"},"content":{"rendered":"<p>D\u0148a 6.janu&aacute;ra 2011 na sviatok Zjavenia P&aacute;na bude v katedr&aacute;le v Turku,F&iacute;nsko, vysviacka novozvolen&eacute;ho biskupa pre t&uacute;to arcidiec&eacute;zu. Je n&iacute;m Kaarlo Kalliala. Ordin&aacute;ciu vykon&aacute; arcibiskup ELC F&iacute;nska Kari M&auml;kinen. Pr&iacute;tomn&iacute; bud&uacute; viacer&iacute; dom&aacute;ci a seversk&iacute; biskupi, biskup anglik&aacute;nskej cirkvi David Hamid, biskup Arri Kugappi z Ruskej luter&aacute;nskej cirkvi Ingrie a arcibiskup ELC Est&oacute;nska Anders Poeder. Zo z&aacute;moria to bude Medardo E.Gomes Soto ,biskup ELC z El Salvadoru. Pri vysviacke dostane nov&yacute; biskup biskupsk&eacute; ins&iacute;gnie: mitru, berlu, pl&aacute;&scaron;\u0165,kr&iacute;\u017e. Sl&aacute;vnos\u0165&nbsp; je spojen&aacute; s vysluhovan&iacute;m Ve\u010dere P&aacute;novej. Bohoslu\u017eby bude v priamom vysielan&iacute; o 10.00 hodine vysiela\u0165 telev&iacute;zia YLE&nbsp;TV 1 a YLE&nbsp;RADIO 1 .<\/p>\n<p>(evl.fi)<\/p>\n","protected":false},"excerpt":{"rendered":"<p>D\u0148a 6.janu&aacute;ra 2011 na sviatok Zjavenia P&aacute;na bude v katedr&aacute;le v Turku,F&iacute;nsko, vysviacka novozvolen&eacute;ho biskupa pre t&uacute;to arcidiec&eacute;zu. Je n&iacute;m Kaarlo Kalliala. Ordin&aacute;ciu vykon&aacute; arcibiskup ELC F&iacute;nska Kari M&auml;kinen. Pr&iacute;tomn&iacute; bud&uacute; viacer&iacute; dom&aacute;ci a seversk&iacute; biskupi, biskup anglik&aacute;nskej cirkvi David Hamid, biskup Arri Kugappi z Ruskej luter&aacute;nskej cirkvi Ingrie a arcibiskup ELC Est&oacute;nska Anders Poeder. &#8230; <a title=\"Biskupsk\u00e1 vysviacka v Turku -F\u00ednsko  na sviatok Zjavenia P\u00e1na\" class=\"read-more\" href=\"https:\/\/www.e-anjelik.sk\/index.php\/2011\/01\/04\/biskupska-vysviacka-v-turku-finsko-na-sviatok-zjavenia-pana\/\" aria-label=\"Pre\u010d\u00edtajte si viac o Biskupsk\u00e1 vysviacka v Turku -F\u00ednsko  na sviatok Zjavenia P\u00e1na\">\u010c\u00edta\u0165 viac<\/a><\/p>\n","protected":false},"author":22,"featured_media":0,"comment_status":"open","ping_status":"open","sticky":false,"template":"","format":"standard","meta":{"footnotes":""},"categories":[9,10],"tags":[],"class_list":["post-3285","post","type-post","status-publish","format-standard","hentry","category-europa","category-zo-sveta"],"_links":{"self":[{"href":"https:\/\/www.e-anjelik.sk\/index.php\/wp-json\/wp\/v2\/posts\/3285","targetHints":{"allow":["GET"]}}],"collection":[{"href":"https:\/\/www.e-anjelik.sk\/index.php\/wp-json\/wp\/v2\/posts"}],"about":[{"href":"https:\/\/www.e-anjelik.sk\/index.php\/wp-json\/wp\/v2\/types\/post"}],"author":[{"embeddable":true,"href":"https:\/\/www.e-anjelik.sk\/index.php\/wp-json\/wp\/v2\/users\/22"}],"replies":[{"embeddable":true,"href":"https:\/\/www.e-anjelik.sk\/index.php\/wp-json\/wp\/v2\/comments?post=3285"}],"version-history":[{"count":0,"href":"https:\/\/www.e-anjelik.sk\/index.php\/wp-json\/wp\/v2\/posts\/3285\/revisions"}],"wp:attachment":[{"href":"https:\/\/www.e-anjelik.sk\/index.php\/wp-json\/wp\/v2\/media?parent=3285"}],"wp:term":[{"taxonomy":"category","embeddable":true,"href":"https:\/\/www.e-anjelik.sk\/index.php\/wp-json\/wp\/v2\/categories?post=3285"},{"taxonomy":"post_tag","embeddable":true,"href":"https:\/\/www.e-anjelik.sk\/index.php\/wp-json\/wp\/v2\/tags?post=3285"}],"curies":[{"name":"wp","href":"https:\/\/api.w.org\/{rel}","templated":true}]}}