{"id":32853,"date":"2019-10-09T13:44:38","date_gmt":"2019-10-09T11:44:38","guid":{"rendered":"http:\/\/e-anjelik.sk\/?p=32853"},"modified":"2019-10-09T13:44:38","modified_gmt":"2019-10-09T11:44:38","slug":"rim-katolik-i-gazda-prednasal-evanjelikom","status":"publish","type":"post","link":"https:\/\/www.e-anjelik.sk\/index.php\/2019\/10\/09\/rim-katolik-i-gazda-prednasal-evanjelikom\/","title":{"rendered":"R\u00edm.katol\u00edk I.Gazda predn\u00e1\u0161al evanjelikom"},"content":{"rendered":"\n<p>&nbsp; R\u00edm.katol\u00edk I.Gazda predn\u00e1\u0161al evanjelikom<\/p>\n\n\n\n<p>&nbsp; &nbsp; Konferencia M\u00e9di\u00e1 a cirkev, ktor\u00e1 sa konala 1.-3.10. v Poprade mala na programe aktu\u00e1lne t\u00e9my t\u00fdkaj\u00face sa komunik\u00e1cie cirkv\u00ed s dne\u0161n\u00fdm \u010dlovekom. Mala obsa\u017en\u00fd a bohat\u00fd program, ale aj pestr\u00fa paletu predn\u00e1\u0161ate\u013eov na r\u00f4zne t\u00e9my s\u00favisiace so zdie\u013ean\u00edm inform\u00e1ci\u00ed z prostredia cirkvi veriacim i neveriacim. \u00davodn\u00fa predn\u00e1\u0161ku mala nov\u00e1 tla\u010dov\u00e1 tajomn\u00ed\u010dka ECAV <strong>Jana Nunv\u00e1\u0159ov\u00e1,<\/strong> ktor\u00e1 sa predn\u00e1\u0161kou na t\u00e9mu: \u201c<em>ECAV a m\u00e9di\u00e1\u201d <\/em>bli\u017e\u0161ie predstavila duchovn\u00fdm ECAV a uviedla \u00fa\u010dastn\u00edkov do tejto d\u00f4le\u017eitej problematiky.&nbsp;<\/p>\n\n\n\n<p>&nbsp;&nbsp; Do oblasti telev\u00edznej tvorby s duchovn\u00fdm obsahom zasv\u00e4tene uviedol \u00fa\u010dastn\u00edkov <strong>Miloslav Gdovin<\/strong> prdn\u00e1\u0161kou: <em>\u201cM\u00e9di\u00e1 a cirkev &#8211; v telev\u00edznej tvorbe\u201d<\/em>. Ve\u010der doplnil pren\u00e1\u0161ku v pracovnej skupine praktick\u00fdmi uk\u00e1\u017ekami a radami na t\u00e9mu:<em> \u201cAko vytvori\u0165 kr\u00e1tku report\u00e1\u017e\u201d.<\/em><\/p>\n\n\n\n<p>&nbsp; &nbsp; Prekvapen\u00edm, ale aj cenn\u00fdmi inform\u00e1ciami bola nabit\u00e1 predn\u00e1\u0161ka novin\u00e1ra <strong>Imricha Gazdu:<\/strong> <em>\u201c Cirkev v m\u00e9diach, m\u00e9di\u00e1 v cirkvi\u201d<\/em>. Tie\u017e bola doplnen\u00e1 ve\u010der praktick\u00fdm \u0161kolen\u00edm: <em>\u201cAko p\u00edsa\u0165?<\/em>\u201d Zasv\u00e4ten\u00e9 inform\u00e1cie z prostredia profesion\u00e1lnych novin\u00e1rov a s\u00fa\u010dasne aj sk\u00fasenos\u0165ami z prostredia RKC na Slovensku bolo skuto\u010dn\u00fdm obohaten\u00edm v\u0161etk\u00fdch \u00fa\u010dastn\u00edkov konferencie.<\/p>\n\n\n\n<p>&nbsp; &nbsp; &nbsp; Aktu\u00e1lnu situ\u00e1ciu s dvomi Poslami spod Tatier v priestore ECAV pribl\u00ed\u017eila ses.<strong>Em\u00edlia Miho\u010dov\u00e1 &#8211; Kmecov\u00e1:<\/strong> <em>\u201cEvanjelick\u00fd posol spod Tatier\u201d. <\/em>Na z\u00e1ver prv\u00e9ho d\u0148a konferncie predn\u00e1\u0161al <strong>Slavom\u00edr Sl\u00e1vik<\/strong> z EVS na t\u00e9mu: <em>\u201dMedi\u00e1lna revol\u00facia a cirkevn\u00fd zbor\u201d<\/em>.<\/p>\n\n\n\n<p>&nbsp; &nbsp; Druh\u00fd de\u0148 pokra\u010doval marat\u00f3n predn\u00e1\u0161ate\u013eov obsa\u017enou predn\u00e1\u0161kou <strong>prof.Dr.Hansa Jurgena Luibl<\/strong> z Erlangenu:<em>\u201d Od sv\u00e4t\u00e9ho P\u00edsma ku Youtube &#8211; Evanjelium v dobe m\u00e9di\u00ed\u201d<\/em>. Osobne ma naviac oslovila prv\u00e1 \u010das\u0165 predn\u00e1\u0161ky. &#8211; Nasledovala pr\u00e1ca v skupin\u00e1ch, ktor\u00fdch \u00falohou bolo premyslie\u0165 a poda\u0165 v jednej vete charakteristiku, alebo podstatu modern\u00fdch evanjelick\u00fdch m\u00e9di\u00ed. Moju osobn\u00fa charakteristiku pop\u00ed\u0161em na inom mieste.<\/p>\n\n\n\n<p>&nbsp;&nbsp; Ve\u010der druh\u00e9ho d\u0148a bol venovan\u00fd r\u00f4znym jubilantom cirkvi, ktor\u00ed si pripom\u00ednali 45-te, 50-te, ba dokonca ja 60-v\u00fdro\u010die ordin\u00e1cie a tak aj svoju slu\u017ebu v prostred\u00ed ECAV.<\/p>\n\n\n\n<p>&nbsp; &nbsp; Tret\u00ed de\u0148 konferencie predpoludn\u00edm odzneli dve obsa\u017en\u00e9 a zauj\u00edmav\u00e9 predn\u00e1\u0161ky hos\u0165ou z \u010ceska. Najsk\u00f4r <strong>Ji\u0159\u00ed Hofman z \u010cCE<\/strong> predn\u00e1\u0161al na t\u00e9mu: <em>\u201c\u010cCE a m\u00e9di\u00e1\u201d<\/em> a po prest\u00e1vke br. <strong>Tom\u00e1\u0161 Samiec <\/strong>pon\u00fakol zauj\u00edmav\u00e9 : <em>\u201cInspir\u00e1cie zo Sliezka &#8211; SCEAV na webu\u201d.&nbsp; <\/em>Konferencia sa konala za \u00fa\u010dasti Zboru biskupov ECAV. &nbsp; &#8211; Za najdlh\u0161ie p\u00f4sobiacu web.str\u00e1nku v ECAV: <a href=\"http:\/\/www.evanjelik.sk\">www.evanjelik.sk<\/a> &#8211; \u013d.Batka st.<\/p>\n","protected":false},"excerpt":{"rendered":"<p>&nbsp; R\u00edm.katol\u00edk I.Gazda predn\u00e1\u0161al evanjelikom &nbsp; &nbsp; Konferencia M\u00e9di\u00e1 a cirkev, ktor\u00e1 sa konala 1.-3.10. v Poprade mala na programe aktu\u00e1lne t\u00e9my t\u00fdkaj\u00face sa komunik\u00e1cie cirkv\u00ed s dne\u0161n\u00fdm \u010dlovekom. Mala obsa\u017en\u00fd a bohat\u00fd program, ale aj pestr\u00fa paletu predn\u00e1\u0161ate\u013eov na r\u00f4zne t\u00e9my s\u00favisiace so zdie\u013ean\u00edm inform\u00e1ci\u00ed z prostredia cirkvi veriacim i neveriacim. \u00davodn\u00fa predn\u00e1\u0161ku mala &#8230; <a title=\"R\u00edm.katol\u00edk I.Gazda predn\u00e1\u0161al evanjelikom\" class=\"read-more\" href=\"https:\/\/www.e-anjelik.sk\/index.php\/2019\/10\/09\/rim-katolik-i-gazda-prednasal-evanjelikom\/\" aria-label=\"Pre\u010d\u00edtajte si viac o R\u00edm.katol\u00edk I.Gazda predn\u00e1\u0161al evanjelikom\">\u010c\u00edta\u0165 viac<\/a><\/p>\n","protected":false},"author":4,"featured_media":0,"comment_status":"open","ping_status":"open","sticky":false,"template":"","format":"standard","meta":{"footnotes":""},"categories":[4,73,62],"tags":[],"class_list":["post-32853","post","type-post","status-publish","format-standard","hentry","category-akcie","category-ecav","category-sceav"],"_links":{"self":[{"href":"https:\/\/www.e-anjelik.sk\/index.php\/wp-json\/wp\/v2\/posts\/32853","targetHints":{"allow":["GET"]}}],"collection":[{"href":"https:\/\/www.e-anjelik.sk\/index.php\/wp-json\/wp\/v2\/posts"}],"about":[{"href":"https:\/\/www.e-anjelik.sk\/index.php\/wp-json\/wp\/v2\/types\/post"}],"author":[{"embeddable":true,"href":"https:\/\/www.e-anjelik.sk\/index.php\/wp-json\/wp\/v2\/users\/4"}],"replies":[{"embeddable":true,"href":"https:\/\/www.e-anjelik.sk\/index.php\/wp-json\/wp\/v2\/comments?post=32853"}],"version-history":[{"count":1,"href":"https:\/\/www.e-anjelik.sk\/index.php\/wp-json\/wp\/v2\/posts\/32853\/revisions"}],"predecessor-version":[{"id":32854,"href":"https:\/\/www.e-anjelik.sk\/index.php\/wp-json\/wp\/v2\/posts\/32853\/revisions\/32854"}],"wp:attachment":[{"href":"https:\/\/www.e-anjelik.sk\/index.php\/wp-json\/wp\/v2\/media?parent=32853"}],"wp:term":[{"taxonomy":"category","embeddable":true,"href":"https:\/\/www.e-anjelik.sk\/index.php\/wp-json\/wp\/v2\/categories?post=32853"},{"taxonomy":"post_tag","embeddable":true,"href":"https:\/\/www.e-anjelik.sk\/index.php\/wp-json\/wp\/v2\/tags?post=32853"}],"curies":[{"name":"wp","href":"https:\/\/api.w.org\/{rel}","templated":true}]}}