{"id":32885,"date":"2019-10-23T12:09:00","date_gmt":"2019-10-23T10:09:00","guid":{"rendered":"http:\/\/e-anjelik.sk\/?p=32885"},"modified":"2019-10-23T19:00:37","modified_gmt":"2019-10-23T17:00:37","slug":"pastiersky-list-zboru-biskupov-k-pamiatke-reformacie-2019","status":"publish","type":"post","link":"https:\/\/www.e-anjelik.sk\/index.php\/2019\/10\/23\/pastiersky-list-zboru-biskupov-k-pamiatke-reformacie-2019\/","title":{"rendered":"Pastiersky list Zboru biskupov k Pamiatke reform\u00e1cie 2019"},"content":{"rendered":"\n<p><strong>Pastiersky list Zboru biskupov ECAV na Slovensku k Pamiatke reform\u00e1cie 2019<\/strong><\/p>\n\n\n\n<p><em>\t\t<\/em><em>21.10.19<\/em><\/p>\n\n\n\n<p><em>\t\tZbor biskupov ECAV na <\/em>Slovensku<\/p>\n\n\n\n<p><em>\t\t<\/em><a href=\"https:\/\/www.ecav.sk\/aktuality\/stanoviska-a-vyjadrenia\"><em>Stanovisk\u00e1 a vyjadrenia<\/em><\/a><\/p>\n\n\n\n<p>Drah\u00ed bratia a sestry v P\u00e1novi Je\u017ei\u0161ovi Kristovi, mil\u00e9 cirkevn\u00e9 zbory! Prijmite od n\u00e1s \u00faprimn\u00e9 bratsk\u00e9 pozdravy pri tohtoro\u010dnej Pamiatke reform\u00e1cie. 31. okt\u00f3ber, v\u00fdro\u010die Lutherovho zverejnenia 95. t\u00e9z proti zneu\u017e\u00edvaniu odpustkovej praxe, je navonok mo\u017eno nen\u00e1padn\u00fdm, no sviato\u010dn\u00fdm d\u0148om pre ka\u017ed\u00e9ho \u00faprimne veriaceho evanjelika.<\/p>\n\n\n\n<p>Hovor\u00ed mu, \u017ee cirkev, ktorej je \u010dlenom, nevznikla z nejak\u00e9ho \u013eudsk\u00e9ho rozmaru, \u0161pekul\u00e1cie, n\u00e1hody, \u010di dokonca omylu, ale zrodila sa z radik\u00e1lneho pouk\u00e1zania na tri k\u013e\u00fa\u010dov\u00e9 sk\u00fasenosti viery, ktor\u00e9 v ka\u017edej gener\u00e1cii kres\u0165anov maj\u00fa absol\u00fatnu platnos\u0165, ale rovnako s\u00fa v ka\u017edej gener\u00e1cii kres\u0165anov prekr\u00fdvan\u00e9 hriechom p\u00fdchy, sebavedomia, \u010di povrchnosti. 31. okt\u00f3ber sa zrodil zo sk\u00fasenosti, \u017ee najrozhoduj\u00facej\u0161\u00edm pre z\u00e1chranu \u010dloveka je Je\u017ei\u0161ovo dielo sp\u00e1sy. Zo sk\u00fasenosti, \u017ee \u010dlovek je na toto dielo \u00faplne odk\u00e1zan\u00fd. A zo sk\u00fasenosti, \u017ee \u010dlovek nem\u00f4\u017ee Je\u017ei\u0161ovo dielo nahradi\u0165 ni\u010d\u00edm vlastn\u00fdm, nech by to malo punc akejko\u013evek n\u00e1bo\u017eenskej, alebo mor\u00e1lnej kvality. Takto Pamiatke reform\u00e1cie rozumieme, pre toto je n\u00e1m vz\u00e1cna a v tomto duchu si jej odkaz chceme spr\u00edtom\u0148ova\u0165 aj dnes. Drah\u00ed na\u0161i, bratia a sestry, pre\u017e\u00edvajme rados\u0165, chv\u00e1lu a v\u010faku, ale majme tie\u017e otvoren\u00e9 u\u0161i, slobodn\u00e9 srdcia a citliv\u00e9 svedomie, aby n\u00e1m neuniklo ni\u010d podstatn\u00e9 z toho, \u010do bolo podstatn\u00e9 pre Luthera a otcov reform\u00e1cie, pre mu\u010den\u00edkov a obrancov luter\u00e1nskej pravovernosti v na\u0161ich dejin\u00e1ch, \u010di pre t\u00fdch, ktor\u00ed n\u00e1s vychovali v evanjelickej viere a boli n\u00e1m pr\u00edkladom!<\/p>\n\n\n\n<p>&nbsp; &nbsp; &nbsp;Zaostrujeme svoj poh\u013ead v\u0161ak aj bli\u017e\u0161ie, aby sme uvideli nie\u010do konkr\u00e9tne v \u017eivotnom pr\u00edbehu n\u00e1\u0161ho reform\u00e1tora a evanjelick\u00e9ho hnutia, \u010do by bolo pre n\u00e1s konkr\u00e9tnym povzbuden\u00edm na na\u0161ej \u010fal\u0161ej osobnej i spolo\u010dnej ceste. Najd\u00f4le\u017eitej\u0161ou udalos\u0165ou pr\u00e1ve spred 500 rokov, z leta 1519, bolo konanie Lipskej di\u0161puty, intelektu\u00e1lneho a slovn\u00e9ho s\u00faboja medzi r\u00edmskokatol\u00edckym u\u010dencom Johannom Eckom a profesormi wittenberskej univerzity, predov\u0161etk\u00fdm Martinom Lutherom. Luther &nbsp;s Eckom diskutoval o ot\u00e1zke prim\u00e1tu p\u00e1pe\u017ea, jeho pr\u00e1vomoc\u00ed a zdrojoch pravej jednoty cirkvi. Pr\u00e1ve v Lipsku z\u00edskal &nbsp;poves\u0165 nov\u00e9ho Husa, ktor\u00e9ho treba uml\u010da\u0165. Jedna vec v\u0161ak bola na Lutherovom po\u010d\u00ednan\u00ed si po\u010das di\u0161puty zrejm\u00e1 a z jeho strany programov\u00e1: neust\u00e1le sa odvol\u00e1val k autorite P\u00edsma Sv\u00e4t\u00e9ho. Tento jeho probiblick\u00fd postoj potom vyvrcholil v roku 1521, &nbsp;ke\u010f pred wormsk\u00fdm snemom odmietol odvola\u0165 svoje u\u010denie, postaven\u00e9 na P\u00edsme. Toto bolo impulzom pre vznik evanjelick\u00fdch spolo\u010denstiev v Sasku, v Nemecku, ale aj na \u00fazem\u00ed Slovenska.<\/p>\n\n\n\n<p>Sestry a bratia, toto vi\u010fme, a nech je pr\u00e1ve t\u00e1to \u010das\u0165 Lutherovho z\u00e1pasu tak\u00fdm ist\u00fdm mocn\u00fdm impulzom pre n\u00e1s dnes, po 500 rokoch: jednozna\u010dn\u00e9 spo\u013eahnutie sa na pravdu, v\u00fdznam, dosah a autoritu Bo\u017eieho Slova! Zau\u017e\u00edvali sme si menova\u0165 sa \u201ecirkvou Bo\u017eieho Slova\u201c. Nech toto pomenovanie nie je iba fr\u00e1zou bez skuto\u010dn\u00e9ho obsahu. Ako biskupi v\u00e1s povzbudzujeme a povzbudzujte sa i vy navz\u00e1jom k \u0161t\u00fadiu Bo\u017eieho Slova v na\u0161ich cirkevnozborov\u00fdch spolo\u010denstv\u00e1ch. Poctivo Bo\u017eie Slovo vykladajme, ochotne z neho \u010derpajme a prakticky ho \u017eime! Otv\u00e1rajme Bibliu v na\u0161ich rodin\u00e1ch. Rodi\u010dia, ve\u010fte svoje deti k l\u00e1ske a k b\u00e1zni vo\u010di Bo\u017eiemu Slovu. Star\u0161\u00ed, bu\u010fme sprievodcami Bo\u017e\u00edm Slovom mlad\u0161\u00edm. Ka\u017ed\u00fd osobne si dajme predsavzatie, \u017ee Bo\u017eie Slovo urob\u00edme vidite\u013enej\u0161\u00edm a autoritat\u00edvnej\u0161\u00edm sprievodcom na\u0161im vlastn\u00fdm \u017eivotom a re\u0161pektovanej\u0161\u00edm smerovn\u00edkom na ka\u017edodenn\u00fdch \u017eivotn\u00fdch kri\u017eovatk\u00e1ch. Povzbudzuje n\u00e1s k tomu samotn\u00e9 Bo\u017eie Slovo z 2. Timoteovi 3, 15 \u2013 17: \u201e&#8230; od detstva pozn\u00e1\u0161 sv\u00e4t\u00e9 P\u00edsma, ktor\u00e9 \u0165a m\u00f4\u017eu urobi\u0165 m\u00fadrym na spasenie vierou v Krista Je\u017ei\u0161a. Ka\u017ed\u00e9 p\u00edsmo, vd\u00fdchnut\u00e9 od Boha, je aj u\u017eito\u010dn\u00e9 u\u010di\u0165, karha\u0165, napravova\u0165 a vychov\u00e1va\u0165 v spravodlivosti, aby bol \u010dlovek Bo\u017e\u00ed dokonal\u00fd a sp\u00f4sobn\u00fd na v\u0161etko dobr\u00e9.\u201c<\/p>\n\n\n\n<p>Po\u017eehnan\u00fa Pamiatku reform\u00e1cie 2019, a po\u017eehnan\u00fd \u017eivot s Bo\u017e\u00edm Slovom a pod mocou Bo\u017eieho Slova v\u00e1m v bratskej l\u00e1ske \u017eelaj\u00fa,&nbsp;<\/p>\n\n\n\n<p>J\u00e1n Hrobo\u0148 &nbsp; &nbsp; &nbsp; &nbsp; &nbsp; &nbsp; &nbsp; &nbsp; &nbsp; &nbsp; &nbsp; &nbsp; &nbsp; &nbsp; &nbsp; &nbsp;Ivan E\u013eko &nbsp; &nbsp; &nbsp; &nbsp; &nbsp; &nbsp; &nbsp; &nbsp; &nbsp; &nbsp; &nbsp; &nbsp; &nbsp; &nbsp; &nbsp; &nbsp; &nbsp; &nbsp; &nbsp; &nbsp; &nbsp;Slavom\u00edr Sabol<\/p>\n\n\n\n<p>biskup ZD ECAV &nbsp; &nbsp; &nbsp; &nbsp; &nbsp; &nbsp; &nbsp; &nbsp; &nbsp; &nbsp; &nbsp; &nbsp;gen. biskup ECAV &nbsp; &nbsp; &nbsp; &nbsp; &nbsp; &nbsp; &nbsp; &nbsp; &nbsp; &nbsp; &nbsp; &nbsp; &nbsp; &nbsp; biskup VD ECAV<\/p>\n","protected":false},"excerpt":{"rendered":"<p>Pastiersky list Zboru biskupov ECAV na Slovensku k Pamiatke reform\u00e1cie 2019 21.10.19 Zbor biskupov ECAV na Slovensku Stanovisk\u00e1 a vyjadrenia Drah\u00ed bratia a sestry v P\u00e1novi Je\u017ei\u0161ovi Kristovi, mil\u00e9 cirkevn\u00e9 zbory! Prijmite od n\u00e1s \u00faprimn\u00e9 bratsk\u00e9 pozdravy pri tohtoro\u010dnej Pamiatke reform\u00e1cie. 31. okt\u00f3ber, v\u00fdro\u010die Lutherovho zverejnenia 95. t\u00e9z proti zneu\u017e\u00edvaniu odpustkovej praxe, je navonok mo\u017eno &#8230; <a title=\"Pastiersky list Zboru biskupov k Pamiatke reform\u00e1cie 2019\" class=\"read-more\" href=\"https:\/\/www.e-anjelik.sk\/index.php\/2019\/10\/23\/pastiersky-list-zboru-biskupov-k-pamiatke-reformacie-2019\/\" aria-label=\"Pre\u010d\u00edtajte si viac o Pastiersky list Zboru biskupov k Pamiatke reform\u00e1cie 2019\">\u010c\u00edta\u0165 viac<\/a><\/p>\n","protected":false},"author":4,"featured_media":0,"comment_status":"open","ping_status":"open","sticky":false,"template":"","format":"standard","meta":{"footnotes":""},"categories":[26,78],"tags":[],"class_list":["post-32885","post","type-post","status-publish","format-standard","hentry","category-pamiatka-reformacie","category-zbor-biskupov-ecav"],"_links":{"self":[{"href":"https:\/\/www.e-anjelik.sk\/index.php\/wp-json\/wp\/v2\/posts\/32885","targetHints":{"allow":["GET"]}}],"collection":[{"href":"https:\/\/www.e-anjelik.sk\/index.php\/wp-json\/wp\/v2\/posts"}],"about":[{"href":"https:\/\/www.e-anjelik.sk\/index.php\/wp-json\/wp\/v2\/types\/post"}],"author":[{"embeddable":true,"href":"https:\/\/www.e-anjelik.sk\/index.php\/wp-json\/wp\/v2\/users\/4"}],"replies":[{"embeddable":true,"href":"https:\/\/www.e-anjelik.sk\/index.php\/wp-json\/wp\/v2\/comments?post=32885"}],"version-history":[{"count":1,"href":"https:\/\/www.e-anjelik.sk\/index.php\/wp-json\/wp\/v2\/posts\/32885\/revisions"}],"predecessor-version":[{"id":32886,"href":"https:\/\/www.e-anjelik.sk\/index.php\/wp-json\/wp\/v2\/posts\/32885\/revisions\/32886"}],"wp:attachment":[{"href":"https:\/\/www.e-anjelik.sk\/index.php\/wp-json\/wp\/v2\/media?parent=32885"}],"wp:term":[{"taxonomy":"category","embeddable":true,"href":"https:\/\/www.e-anjelik.sk\/index.php\/wp-json\/wp\/v2\/categories?post=32885"},{"taxonomy":"post_tag","embeddable":true,"href":"https:\/\/www.e-anjelik.sk\/index.php\/wp-json\/wp\/v2\/tags?post=32885"}],"curies":[{"name":"wp","href":"https:\/\/api.w.org\/{rel}","templated":true}]}}