{"id":32887,"date":"2019-10-25T10:15:19","date_gmt":"2019-10-25T08:15:19","guid":{"rendered":"http:\/\/e-anjelik.sk\/?p=32887"},"modified":"2019-10-25T10:15:19","modified_gmt":"2019-10-25T08:15:19","slug":"po-bohosluzbach-vyzvali-farara-aby-skocil-z-5-metrovej-veze","status":"publish","type":"post","link":"https:\/\/www.e-anjelik.sk\/index.php\/2019\/10\/25\/po-bohosluzbach-vyzvali-farara-aby-skocil-z-5-metrovej-veze\/","title":{"rendered":"Po bohoslu\u017eb\u00e1ch vyzvali far\u00e1ra, aby sko\u010dil z 5 metrovej ve\u017ee"},"content":{"rendered":"\n<p>&nbsp;&nbsp; &nbsp; &nbsp; V nede\u013eu 21.10.som sa s rodinou z\u00fa\u010dastnil skuto\u010dne mimoriadnych evanjelick\u00fdch bohoslu\u017eieb pln\u00fdch prekvapen\u00ed v Brucku\/Leitha v Rak\u00fasku. Po ich skon\u010den\u00ed toti\u017e pokra\u010dovala pobo\u017enos\u0165 &#8211; spolo\u010dn\u00e9 modlitby a spev piesne ( v na\u0161om Ev.spevn\u00edku \u010d. 607) v miestnom parku, spojen\u00e1 s charitat\u00edvnym behom cirkevn\u00edkov i necirkevn\u00edkov v\u0161etk\u00fdch vekov\u00fdch kateg\u00f3ri\u00ed. V\u00fdnos z tejto netradi\u010dnej akcie bol ur\u010den\u00fd rovn\u00fdm dielom pre dom\u00e1ci cirkevn\u00fd zbor &#8211; ako spl\u00e1tka novostavby evanj.kostola v ne\u010falekom Heinburgu a pre podporu miestneho Detsk\u00e9ho domova. \u00da\u010dasn\u00edkom u\u017e tretieho ro\u010dn\u00edka tak\u00e9hoto behu spojen\u00e9ho s finan\u010dnou zbierkou bol aj z\u00e1stupca mesta a niektor\u00ed miestni sponzori, ako aj skupina det\u00ed so \u0161portov\u00e9ho odielu spolu so svoj\u00edm tr\u00e9nerom. Pr\u00e1ve on vyzval dom\u00e1ceho k\u0148aza J\u00e1na Magyara, Slov\u00e1ka z Nitry, aby dok\u00e1zal \u0161portov\u00e9ho ducha a sko\u010dil do baz\u00e9na so studenou vodou. B\u0155\u0155\u2026<\/p>\n\n\n\n<p>&nbsp;&nbsp; &nbsp; Na prv\u00e9 po\u010dutie to vyznelo ako v\u00fdzva poku\u0161ite\u013ea Je\u017ei\u0161ovi, aby sko\u010dil z n\u00e1stre\u0161ia chr\u00e1mu, aby tak dok\u00e1zal, \u017ee je Syn Bo\u017e\u00ed. P\u00e1n Je\u017ei\u0161 odmietol. Tu to nebolo tak\u00e9 jednozna\u010dn\u00e9 &#8211; a iste st\u0155pol aj pr\u00edtomn\u00fd p\u00e1n senior, ktor\u00fd sa behu tie\u017e z\u00fa\u010dastnil a dal si riadne do tela.&nbsp;<\/p>\n\n\n\n<p>&nbsp;&nbsp; &nbsp; Ja som sa za\u010dal ob\u00e1va\u0165, \u017ee odznie aj v\u00fdzva poku\u0161ite\u013ea: <em>\u201cToto v\u0161etko ti d\u00e1m (kr\u00e1\u013eovstv\u00e1 sveta a ich sl\u00e1vu) &#8211;&nbsp; ak padne\u0161 a bude\u0161 sa mi kla\u0148a\u0165\u201d<\/em>. Bola by to s\u00edce \u0161anca nie\u010do z\u00edska\u0165 od skrytej mocnosti, ked sme u\u017e prijali aj nov\u00fd z\u00e1kon o financovan\u00ed cirkv\u00ed od \u0161t\u00e1tu\u2026 Navy\u0161e ma boleli kr\u00ed\u017ee a neviem, neviem, \u010di by som sa sklonil dostato\u010dne hlboko\u2026<\/p>\n\n\n\n<p>&nbsp; &nbsp; Je\u017ei\u0161 odmietol splni\u0165 v\u0161etky tri po\u017eiadavky poku\u0161ite\u013ea. Pri inej pr\u00edle\u017eitosti, ako d\u00f4kaz svojej bo\u017eskosti rozmno\u017eil 5 chlebov a dve rybi\u010dky. To by som sice tie\u017e nedok\u00e1zal, lebo tak\u00fa moc nem\u00e1m. Ale mohol by som azda rozdeli\u0165 nejak\u00fd cirkevn\u00fd zbor, alebo aj cel\u00fa na\u0161u cirkev na dve skupiny! Ke\u010f to dok\u00e1zali in\u00ed, dok\u00e1zal by som to aj ja. Hor\u0161ie by bolo, ak by pri\u0161la po \u017eiadavka ECAV spoji\u0165\u2026<\/p>\n\n\n\n<p>&nbsp; &nbsp; Brat J\u00e1n nev\u00e1hal pre dobr\u00fa vec v\u00fdjs\u0165 z kostola a pripravil super podujatie, na ktorom spojil mnoh\u00fdch, r\u00f4zne veriacich, pre dobr\u00fa vec.<\/p>\n\n\n\n<p>Evanjelici to nemaj\u00fa v Rak\u00fasku \u013eahk\u00e9, iba mal\u00e1 men\u0161ina pre\u017eila za Habsburgovcov podobn\u00fd \u00fadel ako aj na\u0161a cirkev. S man\u017eelkou sme \u201cdali\u201d 4 kol\u00e1 a vo svojej kateg\u00f3rii z\u00edskala \u201cstrieborn\u00fa\u201d medailu, ale najm\u00e4 dobr\u00fd pocit a nie\u010do sme urobili aj pre na\u0161e \u201cmdl\u00e9 telo\u201d. Ako to cel\u00e9 vyzeralo a prebehlo hovor\u00ed u\u017e pripojen\u00e1 zpr\u00e1va brata far\u00e1ra ( ktor\u00ed viete nemecky, \u010d\u00edtajte).<\/p>\n\n\n\n<p>&nbsp;&nbsp; Sehr geehrte Damen und Herren, liebe L\u00e4uferinnen, liebe L\u00e4ufer,<\/p>\n\n\n\n<p>die Evangelische Pfarrgemeinde A.B. Bruck\/Leitha-Hainburg\/Donau&nbsp;<\/p>\n\n\n\n<p>veranstaltete gemeinsam mit dem HSV Bruck Kaisersteinbruch einen Charity-Lauf am 20. Oktober 2019 im Harrachpark in Bruck\/Leitha. <br>\n<br>\nInsgesamt sind 60 L\u00e4uferInnen im Einsatz gewesen. In 60 Minuten erreichten sie zusammen das hervorragende Ergebnis von 475 Runden.&nbsp;<\/p>\n\n\n\n<p>Pro Runde 600 m ergeben sich daraus stolze 285 km! <br>\nWie viel ist doch m\u00f6glich, wenn Menschen zusammenhelfen. <br>\n<br>\nBeim heurigen Lauf wurde insgesamt <strong>\u20ac&nbsp;2693,50&nbsp;<\/strong>gesammelt. <br>\nDamit wurden 2 Projekte finanziell unterst\u00fctzt:<br>\n&#8211; Pro Juventute Bruck mit einem Betrag in der H\u00f6he von <strong>\u20ac 468<\/strong>.<br>\n&#8211; Martin Luther Kirche in Hainburg\/Donau mit einem Betrag in der H\u00f6he von <strong>\u20ac 2225,50<\/strong>.<br>\n<br>\nWir bedanken uns bei allen, die gelaufen\/gegangen sind und damit gespendet haben und f\u00fcr den guten Zweck geholfen haben.<br>\nEin herzliches Dankesch\u00f6n allen ehrenamtlichen MitarbeiterInnen die den Lauf und die Agape organisiert haben.<br>\n<br>\nDie Fotos von der Veranstaltung k\u00f6nnen Sie unter folgendem Link anschauen\/herunterladen:<br>\n<a href=\"https:\/\/flic.kr\/s\/aHsmHQQqGf\"><strong>https:\/\/flic.kr\/s\/aHsmHQQqGf<\/strong><\/a><\/p>\n\n\n\n<p>Im Namen des Organisationsteams<\/p>\n\n\n\n<p>Liselotte Altmann, Ernst Jurkovic und Jan Magyar<\/p>\n","protected":false},"excerpt":{"rendered":"<p>&nbsp;&nbsp; &nbsp; &nbsp; V nede\u013eu 21.10.som sa s rodinou z\u00fa\u010dastnil skuto\u010dne mimoriadnych evanjelick\u00fdch bohoslu\u017eieb pln\u00fdch prekvapen\u00ed v Brucku\/Leitha v Rak\u00fasku. Po ich skon\u010den\u00ed toti\u017e pokra\u010dovala pobo\u017enos\u0165 &#8211; spolo\u010dn\u00e9 modlitby a spev piesne ( v na\u0161om Ev.spevn\u00edku \u010d. 607) v miestnom parku, spojen\u00e1 s charitat\u00edvnym behom cirkevn\u00edkov i necirkevn\u00edkov v\u0161etk\u00fdch vekov\u00fdch kateg\u00f3ri\u00ed. V\u00fdnos z tejto netradi\u010dnej &#8230; <a title=\"Po bohoslu\u017eb\u00e1ch vyzvali far\u00e1ra, aby sko\u010dil z 5 metrovej ve\u017ee\" class=\"read-more\" href=\"https:\/\/www.e-anjelik.sk\/index.php\/2019\/10\/25\/po-bohosluzbach-vyzvali-farara-aby-skocil-z-5-metrovej-veze\/\" aria-label=\"Pre\u010d\u00edtajte si viac o Po bohoslu\u017eb\u00e1ch vyzvali far\u00e1ra, aby sko\u010dil z 5 metrovej ve\u017ee\">\u010c\u00edta\u0165 viac<\/a><\/p>\n","protected":false},"author":4,"featured_media":0,"comment_status":"open","ping_status":"open","sticky":false,"template":"","format":"standard","meta":{"footnotes":""},"categories":[4,519],"tags":[],"class_list":["post-32887","post","type-post","status-publish","format-standard","hentry","category-akcie","category-evanjelicky-svet"],"_links":{"self":[{"href":"https:\/\/www.e-anjelik.sk\/index.php\/wp-json\/wp\/v2\/posts\/32887","targetHints":{"allow":["GET"]}}],"collection":[{"href":"https:\/\/www.e-anjelik.sk\/index.php\/wp-json\/wp\/v2\/posts"}],"about":[{"href":"https:\/\/www.e-anjelik.sk\/index.php\/wp-json\/wp\/v2\/types\/post"}],"author":[{"embeddable":true,"href":"https:\/\/www.e-anjelik.sk\/index.php\/wp-json\/wp\/v2\/users\/4"}],"replies":[{"embeddable":true,"href":"https:\/\/www.e-anjelik.sk\/index.php\/wp-json\/wp\/v2\/comments?post=32887"}],"version-history":[{"count":1,"href":"https:\/\/www.e-anjelik.sk\/index.php\/wp-json\/wp\/v2\/posts\/32887\/revisions"}],"predecessor-version":[{"id":32888,"href":"https:\/\/www.e-anjelik.sk\/index.php\/wp-json\/wp\/v2\/posts\/32887\/revisions\/32888"}],"wp:attachment":[{"href":"https:\/\/www.e-anjelik.sk\/index.php\/wp-json\/wp\/v2\/media?parent=32887"}],"wp:term":[{"taxonomy":"category","embeddable":true,"href":"https:\/\/www.e-anjelik.sk\/index.php\/wp-json\/wp\/v2\/categories?post=32887"},{"taxonomy":"post_tag","embeddable":true,"href":"https:\/\/www.e-anjelik.sk\/index.php\/wp-json\/wp\/v2\/tags?post=32887"}],"curies":[{"name":"wp","href":"https:\/\/api.w.org\/{rel}","templated":true}]}}