{"id":3289,"date":"2011-01-05T14:39:44","date_gmt":"2011-01-05T14:39:44","guid":{"rendered":"http:\/\/e-anjelik.sk\/?p=3289"},"modified":"2011-01-05T14:39:44","modified_gmt":"2011-01-05T14:39:44","slug":"koledy-vo-wislepolsko","status":"publish","type":"post","link":"https:\/\/www.e-anjelik.sk\/index.php\/2011\/01\/05\/koledy-vo-wislepolsko\/","title":{"rendered":"Koledy vo Wisle,Po\u013esko"},"content":{"rendered":"<p>Na juhu Po\u013eska , ne\u010faleko \u010desk&yacute;ch a slovensk&yacute;ch hran&iacute;c, nach&aacute;dza sa zn&aacute;me meste\u010dko Wisla, ktor&eacute; je zn&aacute;me ako klimatick&eacute; a rekrea\u010dn&eacute; stredisko pre obyvate\u013eov Po\u013eska. V meste &#8211; centre akt&iacute;vne pracuje ev. lut. cirkevn&yacute; z&yacute;bor. Po\u010das tohoro\u010dn&yacute;ch sviatkov konal sa v tamoj&scaron;om ev. chr&aacute;me sv. Petra a Pavla trojd\u0148ov&yacute; koncert kolied. V posledn&yacute; de\u0148 cyklu koncert nav&scaron;t&iacute;vil aj prezident Po\u013eska Bronislaw Komorowski s man\u017eelkou a so svojim doprovodom.Prezident sa v tom \u010dase nach&aacute;dzal vo Wisle. Koncert sa skladal z vok&aacute;lneho spevu zboru a tie\u017e z dychovej&nbsp;hudby zn&aacute;mych po\u013esk&yacute;ch a svetov&yacute;ch kolied.&nbsp;Do spevu sa pridalo cel&eacute; zhroma\u017edenie. Po koncerte boli novoro\u010dn&eacute; priania: biskupa te&scaron;&iacute;nskej diec&eacute;zy Pawla Anweilera a miestneho k\u0148aza&nbsp;&nbsp;Waldemara Szajthauera.Obaja odovzdali prezidentovi kni\u017en&eacute; dar\u010deky. Pr&iacute;hovor predniesol aj prezident.<\/p>\n<p>(<a href=\"http:\/\/www.luteranie.pl\">www.luteranie.pl<\/a>)<\/p>\n","protected":false},"excerpt":{"rendered":"<p>Na juhu Po\u013eska , ne\u010faleko \u010desk&yacute;ch a slovensk&yacute;ch hran&iacute;c, nach&aacute;dza sa zn&aacute;me meste\u010dko Wisla, ktor&eacute; je zn&aacute;me ako klimatick&eacute; a rekrea\u010dn&eacute; stredisko pre obyvate\u013eov Po\u013eska. V meste &#8211; centre akt&iacute;vne pracuje ev. lut. cirkevn&yacute; z&yacute;bor. Po\u010das tohoro\u010dn&yacute;ch sviatkov konal sa v tamoj&scaron;om ev. chr&aacute;me sv. Petra a Pavla trojd\u0148ov&yacute; koncert kolied. V posledn&yacute; de\u0148 cyklu &#8230; <a title=\"Koledy vo Wisle,Po\u013esko\" class=\"read-more\" href=\"https:\/\/www.e-anjelik.sk\/index.php\/2011\/01\/05\/koledy-vo-wislepolsko\/\" aria-label=\"Pre\u010d\u00edtajte si viac o Koledy vo Wisle,Po\u013esko\">\u010c\u00edta\u0165 viac<\/a><\/p>\n","protected":false},"author":22,"featured_media":0,"comment_status":"open","ping_status":"open","sticky":false,"template":"","format":"standard","meta":{"footnotes":""},"categories":[24,159],"tags":[247],"class_list":["post-3289","post","type-post","status-publish","format-standard","hentry","category-cirkevna-hudba","category-vianoce","tag-spevokol-2"],"_links":{"self":[{"href":"https:\/\/www.e-anjelik.sk\/index.php\/wp-json\/wp\/v2\/posts\/3289","targetHints":{"allow":["GET"]}}],"collection":[{"href":"https:\/\/www.e-anjelik.sk\/index.php\/wp-json\/wp\/v2\/posts"}],"about":[{"href":"https:\/\/www.e-anjelik.sk\/index.php\/wp-json\/wp\/v2\/types\/post"}],"author":[{"embeddable":true,"href":"https:\/\/www.e-anjelik.sk\/index.php\/wp-json\/wp\/v2\/users\/22"}],"replies":[{"embeddable":true,"href":"https:\/\/www.e-anjelik.sk\/index.php\/wp-json\/wp\/v2\/comments?post=3289"}],"version-history":[{"count":0,"href":"https:\/\/www.e-anjelik.sk\/index.php\/wp-json\/wp\/v2\/posts\/3289\/revisions"}],"wp:attachment":[{"href":"https:\/\/www.e-anjelik.sk\/index.php\/wp-json\/wp\/v2\/media?parent=3289"}],"wp:term":[{"taxonomy":"category","embeddable":true,"href":"https:\/\/www.e-anjelik.sk\/index.php\/wp-json\/wp\/v2\/categories?post=3289"},{"taxonomy":"post_tag","embeddable":true,"href":"https:\/\/www.e-anjelik.sk\/index.php\/wp-json\/wp\/v2\/tags?post=3289"}],"curies":[{"name":"wp","href":"https:\/\/api.w.org\/{rel}","templated":true}]}}