{"id":32901,"date":"2019-10-27T08:07:36","date_gmt":"2019-10-27T07:07:36","guid":{"rendered":"http:\/\/e-anjelik.sk\/?p=32901"},"modified":"2019-10-28T10:43:57","modified_gmt":"2019-10-28T09:43:57","slug":"na-pamiatku-reformacie","status":"publish","type":"post","link":"https:\/\/www.e-anjelik.sk\/index.php\/2019\/10\/27\/na-pamiatku-reformacie\/","title":{"rendered":"Na pamiatku reform\u00e1cie"},"content":{"rendered":"\n<p>Na dver\u00e1ch chr\u00e1mu, pribit\u00e1 pravda<br>\n   rukami mn\u00edcha zbo\u017en\u00e9ho mu\u017ea,<br>\n   ktor\u00e9ho doteraz pripom\u00edna n\u00e1m<br>\n   znak viery na\u0161ej \u2013 Lutherova ru\u017ea.<\/p>\n\n\n\n<p>Martin Luther, ktor\u00fd \u017eil v kl\u00e1\u0161tore<br>\n   videl zle nar\u00e1ba\u0165 s Bo\u017e\u00edm slovom,<br>\n   i st\u00e1le prem\u00fd\u0161\u013eal ako o\u010disti\u0165 ho<br>\n   a nie vyklada\u0165 si ho po svojom.<\/p>\n\n\n\n<p>Za\u010diatkom jeho reform\u00e1cie bolo<br>\n   o to sa zasl\u00fa\u017eil ve\u013ekou mierou,<br>\n   \u017ee ka\u017ed\u00fd za svoje skutky je<br>\n   ospravedlnen\u00fd jedine a iba vierou.<\/p>\n\n\n\n<p>Odpustky, poplatky, to v\u0161etko falo\u0161<br>\n   verejne \u013eu\u010fom odk\u00e1zal ve\u013ek\u00e9 nie,<br>\n   plati\u0165 peniazmi za hriechy nem\u00e1 sa<br>\n   ve\u010f Kristus u\u010dil \u2013 \u010di\u0148 prav\u00e9 pok\u00e1nie.<\/p>\n\n\n\n<p>Nepla\u0165 p\u00e1pe\u017eovi ani nikomu in\u00e9mu<br>\n   z v\u00fdpoved\u00ed znie mohutn\u00e9 mocn\u00e9 dos\u0165,<br>\n   nie \u010dlovek \u010dloveka s\u00fadi\u0165 raz bude<br>\n   le\u017e najvy\u0161\u0161ia Bo\u017eia spravodlivos\u0165.<\/p>\n\n\n\n<p>Z hrobu vsta\u0148 reform\u00e1tor Luther<br>\n   v srdci n\u00e1m svoje dielo pripome\u0148,<br>\n   nech zavl\u00e1dne v na\u0161ej cirkvi po rokoch<br>\n   \u017eiariv\u00fd, jasav\u00fd, reforma\u010dn\u00fd plame\u0148.<\/p>\n\n\n\n<p>Ten sp\u00e1li v zboroch \u010do zl\u00e9 je \u2013 chor\u00e9 <br>\n   i neprav\u00e9 u\u010denie \u010do sem tam sa rozm\u00e1ha,<br>\n   jedine Kristus na\u0161im P\u00e1nom je <br>\n   t\u00e1 viera v neho v\u0161etko prem\u00e1ha.<\/p>\n\n\n\n<p>A hoc v\u00e1bi n\u00e1s \u010dasto svet pln\u00fd kr\u00e1s<br>\n   pekn\u00fdmi, sladk\u00fdmi, zvodn\u00fdmi re\u010dami,<br>\n   my v\u017edy v\u0161ade pri sebe v srdci majme<br>\n   istotu ist\u00f4t, P\u00e1n s nami &#8211; nad nami.<\/p>\n\n\n\n<p>Tak teda pravdu evanjelia si chr\u00e1\u0148me<br>\n   oddan\u00ed bu\u010fme v\u017edy jeho slovu,<br>\n   nedaj n\u00e1m Pane pobl\u00fadi\u0165 v \u017eivote<br>\n   by \u010dist\u00ed sme pri\u0161li, raz pred tv\u00e1r Tvoju.<\/p>\n\n\n\n<p>\n\nDu\u0161an Miko\n\n<\/p>\n","protected":false},"excerpt":{"rendered":"<p>Na dver\u00e1ch chr\u00e1mu, pribit\u00e1 pravda rukami mn\u00edcha zbo\u017en\u00e9ho mu\u017ea, ktor\u00e9ho doteraz pripom\u00edna n\u00e1m znak viery na\u0161ej \u2013 Lutherova ru\u017ea. Martin Luther, ktor\u00fd \u017eil v kl\u00e1\u0161tore videl zle nar\u00e1ba\u0165 s Bo\u017e\u00edm slovom, i st\u00e1le prem\u00fd\u0161\u013eal ako o\u010disti\u0165 ho a nie vyklada\u0165 si ho po svojom. Za\u010diatkom jeho reform\u00e1cie bolo o to sa zasl\u00fa\u017eil ve\u013ekou mierou, \u017ee &#8230; <a title=\"Na pamiatku reform\u00e1cie\" class=\"read-more\" href=\"https:\/\/www.e-anjelik.sk\/index.php\/2019\/10\/27\/na-pamiatku-reformacie\/\" aria-label=\"Pre\u010d\u00edtajte si viac o Na pamiatku reform\u00e1cie\">\u010c\u00edta\u0165 viac<\/a><\/p>\n","protected":false},"author":1,"featured_media":0,"comment_status":"open","ping_status":"open","sticky":false,"template":"","format":"standard","meta":{"footnotes":""},"categories":[1,26],"tags":[],"class_list":["post-32901","post","type-post","status-publish","format-standard","hentry","category-adventna-modlitba","category-pamiatka-reformacie"],"_links":{"self":[{"href":"https:\/\/www.e-anjelik.sk\/index.php\/wp-json\/wp\/v2\/posts\/32901","targetHints":{"allow":["GET"]}}],"collection":[{"href":"https:\/\/www.e-anjelik.sk\/index.php\/wp-json\/wp\/v2\/posts"}],"about":[{"href":"https:\/\/www.e-anjelik.sk\/index.php\/wp-json\/wp\/v2\/types\/post"}],"author":[{"embeddable":true,"href":"https:\/\/www.e-anjelik.sk\/index.php\/wp-json\/wp\/v2\/users\/1"}],"replies":[{"embeddable":true,"href":"https:\/\/www.e-anjelik.sk\/index.php\/wp-json\/wp\/v2\/comments?post=32901"}],"version-history":[{"count":2,"href":"https:\/\/www.e-anjelik.sk\/index.php\/wp-json\/wp\/v2\/posts\/32901\/revisions"}],"predecessor-version":[{"id":32904,"href":"https:\/\/www.e-anjelik.sk\/index.php\/wp-json\/wp\/v2\/posts\/32901\/revisions\/32904"}],"wp:attachment":[{"href":"https:\/\/www.e-anjelik.sk\/index.php\/wp-json\/wp\/v2\/media?parent=32901"}],"wp:term":[{"taxonomy":"category","embeddable":true,"href":"https:\/\/www.e-anjelik.sk\/index.php\/wp-json\/wp\/v2\/categories?post=32901"},{"taxonomy":"post_tag","embeddable":true,"href":"https:\/\/www.e-anjelik.sk\/index.php\/wp-json\/wp\/v2\/tags?post=32901"}],"curies":[{"name":"wp","href":"https:\/\/api.w.org\/{rel}","templated":true}]}}