{"id":32930,"date":"2019-10-30T19:37:31","date_gmt":"2019-10-30T18:37:31","guid":{"rendered":"http:\/\/e-anjelik.sk\/?p=32930"},"modified":"2019-10-30T19:37:31","modified_gmt":"2019-10-30T18:37:31","slug":"ladislav-fricovsky-ber-faklu-a-sviet","status":"publish","type":"post","link":"https:\/\/www.e-anjelik.sk\/index.php\/2019\/10\/30\/ladislav-fricovsky-ber-faklu-a-sviet\/","title":{"rendered":"Ladislav Fri\u010dovsk\u00fd &#8211; Ber fak\u013eu a svie\u0165 !"},"content":{"rendered":"\n<p><strong>(reforma\u010dn\u00e1)<\/strong><\/p>\n\n\n\n<p>Ako ke\u010f z mora slnko sl\u00e1vne vzchod\u00ed,<br>do dial\u00ed mizne mra\u010dien \u010dier\u0148ava,<br>v z\u00e1hrad\u00e1ch zrej\u00fa plody do \u00farody<br>a rosa ros\u00ed kvety zar\u00e1na,<\/p>\n\n\n\n<p>ako ke\u010f die\u0165a z postie\u013eo\u010dky vst\u00e1va<br>vyzer\u00e1 tepl\u00e9 o\u010di matkine,<br>ako ke\u010f stark\u00fa vzpru\u017e\u00ed dobr\u00e1 spr\u00e1va,<br>\u017ee si zas deti k hrudi privinie,<\/p>\n\n\n\n<p>tak mocne zunia v na\u0161ich u\u0161iach hlasy,<br>ktor\u00e9 chc\u00fa zhora obja\u0165 cel\u00fd svet,<br>\u017ee Boh n\u00e1m dodnes n\u00faka hviezdu sp\u00e1sy,<br>na br\u00e1ne nebies \u017eiadnej z\u00e1mky niet!<\/p>\n\n\n\n<p>Nevr\u010dia zlostn\u00e9 psisk\u00e1 na priedom\u00ed.<br>Neskr\u00fdva dom svoj za hradbami mrie\u017e.<br>Z\u00e1stupy pr\u00fadia: slep\u00ed, hluch\u00ed, chrom\u00ed<br>a s nimi v\u0161etci. Aj ty vkro\u010di\u0165 smie\u0161 !<\/p>\n\n\n\n<p>K modlitb\u00e1m dietok otcovsky sa sklon\u00ed.<br>Ne\u017eiada obe\u0165. Obe\u0165 nesie s\u00e1m,<br>ke\u010f sa Mu k pocte rozozvu\u010dia zvony,<br>P\u00e1n v na\u0161ich srdciach buduje si chr\u00e1m<\/p>\n\n\n\n<p>a dv\u00edha ruku, \u010do kladivom mieri<br>na modly v\u0161ade, kde zavl\u00e1dol blud.<br>Na Jeho povel vstan\u00fa bohatieri,<br>\u010do p\u00f4jdu Pravdu z prachu zodvihn\u00fa\u0165<\/p>\n\n\n\n<p>a povznies\u0165 hore na tr\u00f3n neboj\u00e1cne.<br>I s me\u010dom Ducha, ke\u010f je viera \u0161t\u00edt.<br>V\u0161ak v mene L\u00e1sky \u2013 a nie krvila\u010dne \u2013<br>sa s mocou diabla bi\u0165 a zv\u00ed\u0165azi\u0165!<\/p>\n\n\n\n<p>Zas zneje chor\u00e1l vern\u00fdch nad Wartburgom,<br>Luthera vid\u00edm vo dver\u00e1ch tam st\u00e1\u0165.<br>Len sa zmias\u0165 neda\u0165 hrozbou ani s\u013eubom.<br>Na nebi kr\u00ed\u017e a pod n\u00edm mocn\u00fd hrad!<\/p>\n\n\n\n<p>Ako ke\u010f z mora slnko sl\u00e1vne vzchod\u00ed,<br>tak m\u00e1 by\u0165 svetla pln\u00fd cel\u00fd svet.<br>Nebr\u00e1\u0148me stromu, ke\u010f prin\u00e1\u0161a plody<br>a piesni viery dajme v\u0161ade znie\u0165.<\/p>\n\n\n\n<p>Ve\u010f sa k n\u00e1m z v\u00fd\u0161ky skl\u00e1\u0148a n\u00e1ru\u010d Bo\u017eia.<br>Nad biednym svetom chce sa rozprestrie\u0165.<br>Nech peklo sopt\u00ed, neprajn\u00edci hrozia,<br>Boh zve \u0165a k dielu. Ber fak\u013eu a svie\u0165!<\/p>\n","protected":false},"excerpt":{"rendered":"<p>(reforma\u010dn\u00e1) Ako ke\u010f z mora slnko sl\u00e1vne vzchod\u00ed,do dial\u00ed mizne mra\u010dien \u010dier\u0148ava,v z\u00e1hrad\u00e1ch zrej\u00fa plody do \u00farodya rosa ros\u00ed kvety zar\u00e1na, ako ke\u010f die\u0165a z postie\u013eo\u010dky vst\u00e1vavyzer\u00e1 tepl\u00e9 o\u010di matkine,ako ke\u010f stark\u00fa vzpru\u017e\u00ed dobr\u00e1 spr\u00e1va,\u017ee si zas deti k hrudi privinie, tak mocne zunia v na\u0161ich u\u0161iach hlasy,ktor\u00e9 chc\u00fa zhora obja\u0165 cel\u00fd svet,\u017ee Boh n\u00e1m &#8230; <a title=\"Ladislav Fri\u010dovsk\u00fd &#8211; Ber fak\u013eu a svie\u0165 !\" class=\"read-more\" href=\"https:\/\/www.e-anjelik.sk\/index.php\/2019\/10\/30\/ladislav-fricovsky-ber-faklu-a-sviet\/\" aria-label=\"Pre\u010d\u00edtajte si viac o Ladislav Fri\u010dovsk\u00fd &#8211; Ber fak\u013eu a svie\u0165 !\">\u010c\u00edta\u0165 viac<\/a><\/p>\n","protected":false},"author":3,"featured_media":0,"comment_status":"open","ping_status":"open","sticky":false,"template":"","format":"standard","meta":{"footnotes":""},"categories":[26],"tags":[],"class_list":["post-32930","post","type-post","status-publish","format-standard","hentry","category-pamiatka-reformacie"],"_links":{"self":[{"href":"https:\/\/www.e-anjelik.sk\/index.php\/wp-json\/wp\/v2\/posts\/32930","targetHints":{"allow":["GET"]}}],"collection":[{"href":"https:\/\/www.e-anjelik.sk\/index.php\/wp-json\/wp\/v2\/posts"}],"about":[{"href":"https:\/\/www.e-anjelik.sk\/index.php\/wp-json\/wp\/v2\/types\/post"}],"author":[{"embeddable":true,"href":"https:\/\/www.e-anjelik.sk\/index.php\/wp-json\/wp\/v2\/users\/3"}],"replies":[{"embeddable":true,"href":"https:\/\/www.e-anjelik.sk\/index.php\/wp-json\/wp\/v2\/comments?post=32930"}],"version-history":[{"count":1,"href":"https:\/\/www.e-anjelik.sk\/index.php\/wp-json\/wp\/v2\/posts\/32930\/revisions"}],"predecessor-version":[{"id":32931,"href":"https:\/\/www.e-anjelik.sk\/index.php\/wp-json\/wp\/v2\/posts\/32930\/revisions\/32931"}],"wp:attachment":[{"href":"https:\/\/www.e-anjelik.sk\/index.php\/wp-json\/wp\/v2\/media?parent=32930"}],"wp:term":[{"taxonomy":"category","embeddable":true,"href":"https:\/\/www.e-anjelik.sk\/index.php\/wp-json\/wp\/v2\/categories?post=32930"},{"taxonomy":"post_tag","embeddable":true,"href":"https:\/\/www.e-anjelik.sk\/index.php\/wp-json\/wp\/v2\/tags?post=32930"}],"curies":[{"name":"wp","href":"https:\/\/api.w.org\/{rel}","templated":true}]}}