{"id":32940,"date":"2019-10-30T19:54:53","date_gmt":"2019-10-30T18:54:53","guid":{"rendered":"http:\/\/e-anjelik.sk\/?p=32940"},"modified":"2019-10-30T19:54:53","modified_gmt":"2019-10-30T18:54:53","slug":"pozehnana-reformacia","status":"publish","type":"post","link":"https:\/\/www.e-anjelik.sk\/index.php\/2019\/10\/30\/pozehnana-reformacia\/","title":{"rendered":"Po\u017eehnan\u00e1 reform\u00e1cia"},"content":{"rendered":"\n<p>(K 31. okt\u00f3bru 1517)<\/p>\n\n\n\n<p>De\u0148 31. okt\u00f3bra 1517 je a bude v\u017edy pam\u00e4tn\u00fdm a po\u017eehnan\u00fdm d\u0148om nielen pre evanjelictvo, ale v svojej h\u013abke a pravde aj pre cel\u00fd svet. Vtedy sa za\u010dala reform\u00e1cia, \u201eobnovenie\u201c cirkvi kres\u0165anskej. Jej bol vr\u00e1ten\u00fd Kristus s Jeho ve\u010dn\u00fdmi pravdami a Jemu bola vr\u00e1ten\u00e1 cirkev i ka\u017ed\u00e1 du\u0161a s jej ve\u013ek\u00fdmi \u00falohami pre \u010dasn\u00e9 i ve\u010dn\u00e9 spasenie.<br>Medzi mnoh\u00fdmi obrazmi o v\u00fdzname reform\u00e1cie m\u00e1me jeden aj od sam\u00e9ho Dr. Martina Luthera. P\u00ed\u0161e: \u201eMy nechceme evanjelium z platnosti vyzdvihn\u00fa\u0165, ako n\u00e1s obvi\u0148uj\u00fa, ale naopak: to star\u00e9 evanjelium pre\u010disti\u0165, ako \u010dist\u00ed \u010dlovek zrkadlo, ke\u010f je po\u0161pinen\u00e9, tak\u017ee ke\u010f do neho pozrie, ni\u010d v \u0148om nevid\u00ed.\u201c <br>A to zrkadlo, \u2013 slovo Bo\u017eie, \u2013 bolo veru\u017ee hodne zanedban\u00e9! Na jasn\u00e9 sklo nasadala cel\u00e1 vrstva prachu a ne\u010distoty, tak\u017ee sa stalo nepou\u017eite\u013en\u00fdm, neoso\u017en\u00fdm. Ba boli \u010dasy, ke\u010f to \u201ezrkadlo slova Bo\u017eieho\u201c bolo zo steny celkom vzat\u00e9, tak\u017ee \u010dlovek nemohol v \u0148om uvidie\u0165 svoj obli\u010daj, \u2013 presved\u010di\u0165 sa, ak\u00fd je, \u010do mu ch\u00fdba, kde m\u00e1 ak\u00fd nedostatok, ak\u00e9 hriechy ho za\u0165a\u017euj\u00fa. A evanjelium Kristovo v prvom rade to rob\u00ed: Pouk\u00e1\u017ee na \u010dloveka, ak\u00fd m\u00e1 by\u0165, ale ak\u00fd nie je. Do ostr\u00e9ho svetla postav\u00ed jeho du\u0161u so v\u0161etk\u00fdmi hriechmi, boles\u0165ami, aby sa jej s\u00e1m na\u013eakal a zat\u00fa\u017eil po o\u010disten\u00ed, vyk\u00fapen\u00ed a uk\u00e1\u017ee mu na Toho, u koho je jedin\u00e1 pomoc a sp\u00e1sa: na Je\u017ei\u0161a Krista.<br>Toto \u201ezrkadlo\u201c pre\u010distil Luther svoj\u00edm vyst\u00fapen\u00edm a celou reform\u00e1ciou. Odstr\u00e1nil z neho hrub\u00e9 vrstvy prachu, \u013eudsk\u00fdch mienok, omylov, nariaden\u00ed, pokleskov, zatemnen\u00ed, prevr\u00e1tenost\u00ed, nepr\u00e1vd&#8230;, aby ho dal \u010dist\u00e9 do r\u00fak ka\u017ed\u00e9ho. Tak robil, ako sved\u010dil: Cel\u00e1 na\u0161a pr\u00e1ca v cirkvi m\u00e1 by\u0165 v tom, aby ja \u201eako kazate\u013e, ty ako posluch\u00e1\u010d jedine Krista sme sa nau\u010dili pozn\u00e1va\u0165!\u201c<br>A prv\u00e9, na \u010do upozor\u0148oval, bolo slovo: Pozri a presved\u010d sa, ak\u00fd si hrie\u0161ny! A druh\u00e9, \u010do hl\u00e1sal, bolo slovo: \u017diadna \u013eudsk\u00e1 voda \u2013 z\u00e1sluhy \u2013 nezmyj\u00fa z teba tvoje hriechy. Zmyje ich jedine Je\u017ei\u0161 Kristus svojou, za n\u00e1s vyliatou, krvou, ke\u010f sa ho chop\u00edme \u010distou, \u017eivou vierou, a potom ke\u010f budeme obcova\u0165 pod\u013ea Jeho sv\u00e4t\u00e9ho slova! Na tom mu z\u00e1le\u017ealo, aby bol \u010dlovek skuto\u010dn\u00fdm, opravdiv\u00fdm kres\u0165anom. Ak\u00e9 ostr\u00e9 s\u00fa jeho slov\u00e1, ke\u010f p\u00ed\u0161e: \u201eAk by to tak bolo v Nemecku, \u017ee by nepanovala \u017eiadna b\u00e1ze\u0148 Bo\u017eia a \u017eiadna t\u00fa\u017eba a l\u00e1ska ku Je\u017ei\u0161u Kristu, n\u00e1\u0161mu Spasite\u013eovi, tak by som zo srdca \u013eutoval, \u017ee som sa ako Nemec narodil a ako tak\u00fd p\u00edsal i hovoril!\u201c <br>Prv\u00e1 b\u00e1ze\u0148 Bo\u017eia a l\u00e1ska k evanjeliu Kristovmu! Kto by si in\u00e9 \u017eelal i dnes? A preto, kto by si zo srdca ne\u017eiadal st\u00e1lu, \u010fal\u0161iu reform\u00e1ciu? \u00c1no: reform\u00e1cia je potrebn\u00e1 svetu aj dnes, \u2014 hlbok\u00e1, opravdiv\u00e1, z\u00e1kladn\u00e1 reform\u00e1cia! Nie je na\u010dase i dnes sa v\u00e1\u017ene zah\u013eadie\u0165 na svoju tv\u00e1r, \u2013 do svojho svedomia, na cel\u00e9 svoje obcovanie, zm\u00fd\u0161\u013eanie, c\u00edtenie, konanie? A ke\u010f tak urob\u00edme, nevid\u00edme, \u017ee mnoho, oh, ve\u013emi mnoho bolo by treba z neho odstr\u00e1ni\u0165, o\u010disti\u0165, zmeni\u0165, z mnoh\u00e9ho sa kaja\u0165, v prsia sa bi\u0165, hrie\u0161nym sa c\u00edti\u0165&#8230;?! <br>Zase sa spytuje Luther v svojich spisoch: \u201ePre\u010do je to\u013eko hriechov na svete? Preto, lebo ka\u017ed\u00fd chce by\u0165 s\u00e1m sebe cis\u00e1rom, p\u00e1nom, na nikoho ni\u010d ned\u00e1 a rob\u00ed, \u010do sa mu \u013e\u00fabi!\u201c Ak\u00e1 hlbok\u00e1 pravda i pre dne\u0161n\u00e9 \u010dasy! A preto n\u00e1m odkazuje: \u201ePravda evanjelia Kristovho nech panuje ako kr\u00e1\u013eovn\u00e1 a v\u0161etko ostatn\u00e9 nech jej je podroben\u00e9! Nik nech nie je jej majstrom a sudcom, ale len vyzn\u00e1va\u010dom, \u017eiakom, svedkom, \u010di je p\u00e1pe\u017e, \u010di cis\u00e1r, \u010di August\u00edn, Pavol, Luther, alebo s\u00e1m anjel z neba!\u201c<br>V tom je reform\u00e1cia Lutherova: Evanjelium Kristovo nech je ve\u010dn\u00fdm platn\u00fdm z\u00e1konom, svetlom, vodcom, radcom pre \u010dloveka! Potom nebude ani hriechu, ani biedy, ani vr\u00e1\u017ed, ani nevernosti, lebo budeme nov\u00e9 stvorenie v Kristu! <br>Kto by si ne\u017eelal nov\u00fa Lutherovu reform\u00e1ciu? Kto by net\u00fa\u017eil, aby o\u017eil duch tohto mocn\u00e9ho svedka Bo\u017eieho a znovu znel jeho hlas, volaj\u00faci svet ku prav\u00e9mu pok\u00e1niu a h\u013eadaniu milosti Bo\u017eej?!<br>Ale my evanjelici pri Lutherovej pamiatke nehl\u00e1same Luthera, ako by n\u00e1m to chceli z neevanjelickej strany nahovori\u0165. Nie! Hl\u00e1same Je\u017ei\u0161a Krista a Jeho ve\u010dn\u00e9 evanjelium. Luther n\u00e1s k nemu len znovu priviedol. Nie seba chcel, ale Krista! \u201e\u010cert nech vezme Luthera, len nech \u017eije Kristus!\u201c nap\u00edsal svoj\u00edm svojr\u00e1znym sp\u00f4sobom. A inde odkazuje: \u201eNa svoje \u010dist\u00e9 svedomie hovor\u00edm, \u017ee ni\u010d by som si tak vr\u00facne ne\u017eelal, ako keby sa stratili v\u0161etky moje knihy. P\u00edsal som ich preto, aby som \u013eud\u00ed chr\u00e1nil pred falo\u0161n\u00fdm u\u010den\u00edm a priviedol k Biblii. Ke\u010f u\u017e m\u00e1 \u010dlovek Bibliu, m\u00f4\u017eu zmizn\u00fa\u0165 moje spisy!\u201c Ak\u00e1 pokora a odmietnutie svojich z\u00e1sluh! Ak\u00e9 st\u00e1le poukazovanie na toho Jedn\u00e9ho a Jedin\u00e9ho: Je\u017ei\u0161a Krista a Jeho slovo! Pr\u00ed\u010f k n\u00e1m zase po\u017eehnan\u00e1 reform\u00e1cia! <br>Pr\u00ed\u010f k cel\u00e9mu svetu, ku ka\u017ed\u00e9mu \u010dloveku, aby svoju sp\u00e1su, pokoj du\u0161e i sveta, cestu \u017eivota i svetlo krokov svojich h\u013eadal a na\u0161iel jedine v Kristu a Jeho ve\u010dnej pravde!<\/p>\n\n\n\n<p><strong><em>(Str\u00e1\u017e na Sione, 1943\/19)<\/em><\/strong><\/p>\n","protected":false},"excerpt":{"rendered":"<p>(K 31. okt\u00f3bru 1517) De\u0148 31. okt\u00f3bra 1517 je a bude v\u017edy pam\u00e4tn\u00fdm a po\u017eehnan\u00fdm d\u0148om nielen pre evanjelictvo, ale v svojej h\u013abke a pravde aj pre cel\u00fd svet. Vtedy sa za\u010dala reform\u00e1cia, \u201eobnovenie\u201c cirkvi kres\u0165anskej. Jej bol vr\u00e1ten\u00fd Kristus s Jeho ve\u010dn\u00fdmi pravdami a Jemu bola vr\u00e1ten\u00e1 cirkev i ka\u017ed\u00e1 du\u0161a s jej ve\u013ek\u00fdmi &#8230; <a title=\"Po\u017eehnan\u00e1 reform\u00e1cia\" class=\"read-more\" href=\"https:\/\/www.e-anjelik.sk\/index.php\/2019\/10\/30\/pozehnana-reformacia\/\" aria-label=\"Pre\u010d\u00edtajte si viac o Po\u017eehnan\u00e1 reform\u00e1cia\">\u010c\u00edta\u0165 viac<\/a><\/p>\n","protected":false},"author":3,"featured_media":0,"comment_status":"open","ping_status":"open","sticky":false,"template":"","format":"standard","meta":{"footnotes":""},"categories":[193,26],"tags":[],"class_list":["post-32940","post","type-post","status-publish","format-standard","hentry","category-co-pisu-ini","category-pamiatka-reformacie"],"_links":{"self":[{"href":"https:\/\/www.e-anjelik.sk\/index.php\/wp-json\/wp\/v2\/posts\/32940","targetHints":{"allow":["GET"]}}],"collection":[{"href":"https:\/\/www.e-anjelik.sk\/index.php\/wp-json\/wp\/v2\/posts"}],"about":[{"href":"https:\/\/www.e-anjelik.sk\/index.php\/wp-json\/wp\/v2\/types\/post"}],"author":[{"embeddable":true,"href":"https:\/\/www.e-anjelik.sk\/index.php\/wp-json\/wp\/v2\/users\/3"}],"replies":[{"embeddable":true,"href":"https:\/\/www.e-anjelik.sk\/index.php\/wp-json\/wp\/v2\/comments?post=32940"}],"version-history":[{"count":1,"href":"https:\/\/www.e-anjelik.sk\/index.php\/wp-json\/wp\/v2\/posts\/32940\/revisions"}],"predecessor-version":[{"id":32941,"href":"https:\/\/www.e-anjelik.sk\/index.php\/wp-json\/wp\/v2\/posts\/32940\/revisions\/32941"}],"wp:attachment":[{"href":"https:\/\/www.e-anjelik.sk\/index.php\/wp-json\/wp\/v2\/media?parent=32940"}],"wp:term":[{"taxonomy":"category","embeddable":true,"href":"https:\/\/www.e-anjelik.sk\/index.php\/wp-json\/wp\/v2\/categories?post=32940"},{"taxonomy":"post_tag","embeddable":true,"href":"https:\/\/www.e-anjelik.sk\/index.php\/wp-json\/wp\/v2\/tags?post=32940"}],"curies":[{"name":"wp","href":"https:\/\/api.w.org\/{rel}","templated":true}]}}