{"id":3295,"date":"2011-01-07T10:43:22","date_gmt":"2011-01-07T10:43:22","guid":{"rendered":"http:\/\/e-anjelik.sk\/?p=3295"},"modified":"2011-01-07T10:43:22","modified_gmt":"2011-01-07T10:43:22","slug":"rozpis-evanjelickych-sluzieb-bozich-v-madarskom-rozhlase-na-rok-2011","status":"publish","type":"post","link":"https:\/\/www.e-anjelik.sk\/index.php\/2011\/01\/07\/rozpis-evanjelickych-sluzieb-bozich-v-madarskom-rozhlase-na-rok-2011\/","title":{"rendered":"Rozpis evanjelick\u00fdch slu\u017eieb Bo\u017e\u00edch v Ma\u010farskom rozhlase na rok 2011"},"content":{"rendered":"<p>Port&aacute;l ECAV v MR prin&aacute;&scaron;a spr&aacute;vu o tom, \u017ee 5. janu&aacute;ra 2011 bolo stretnutie kazate\u013eov z cirkevn&yacute;ch zborov, kde bud&uacute; v roku 2011 ev. slu\u017eby Bo\u017eie v MR1, na biskuposkom &uacute;rade Sevewrn&eacute;ho di&scaron;triktu v Budape&scaron;ti. Pr&iacute;pravn&eacute; inform&aacute;cie im podal biskup Fab&iacute;ny Tam&aacute;s a dvaja pracovn&iacute;ci m&eacute;di&iacute;. Pre z&aacute;ujemcov o tieto bohoslu\u017eby prin&aacute;&scaron;ame preh\u013ead rozpisu na cel&yacute; rok.<\/p>\n<p>16. janu&aacute;r zo Star&eacute;ho Bud&iacute;na-&nbsp;&Oacute;budy, 13.febru&aacute;r z Budape&scaron;ti-Alejov&aacute; ulica -Fasor, 22. apr&iacute;la z Bakonycsernye, 12.j&uacute;na z De&aacute;kovho n&aacute;m. Budape&scaron;\u0165, 24.j&uacute;la zo Soprone, 28.augusta z Nire\u010fh&aacute;zy,9.okt. z Gy&ouml;nku, 31.ok. z Gy&ouml;ru -Star&eacute;ho chr&aacute;mu,25. dec. z Bud&iacute;nskeho hradu-Budape&scaron;\u0165.<\/p>\n<p>(<a href=\"http:\/\/www.evangelikus.hu\">www.evangelikus.hu<\/a>)<\/p>\n","protected":false},"excerpt":{"rendered":"<p>Port&aacute;l ECAV v MR prin&aacute;&scaron;a spr&aacute;vu o tom, \u017ee 5. janu&aacute;ra 2011 bolo stretnutie kazate\u013eov z cirkevn&yacute;ch zborov, kde bud&uacute; v roku 2011 ev. slu\u017eby Bo\u017eie v MR1, na biskuposkom &uacute;rade Sevewrn&eacute;ho di&scaron;triktu v Budape&scaron;ti. Pr&iacute;pravn&eacute; inform&aacute;cie im podal biskup Fab&iacute;ny Tam&aacute;s a dvaja pracovn&iacute;ci m&eacute;di&iacute;. Pre z&aacute;ujemcov o tieto bohoslu\u017eby prin&aacute;&scaron;ame preh\u013ead rozpisu na &#8230; <a title=\"Rozpis evanjelick\u00fdch slu\u017eieb Bo\u017e\u00edch v Ma\u010farskom rozhlase na rok 2011\" class=\"read-more\" href=\"https:\/\/www.e-anjelik.sk\/index.php\/2011\/01\/07\/rozpis-evanjelickych-sluzieb-bozich-v-madarskom-rozhlase-na-rok-2011\/\" aria-label=\"Pre\u010d\u00edtajte si viac o Rozpis evanjelick\u00fdch slu\u017eieb Bo\u017e\u00edch v Ma\u010farskom rozhlase na rok 2011\">\u010c\u00edta\u0165 viac<\/a><\/p>\n","protected":false},"author":22,"featured_media":0,"comment_status":"open","ping_status":"open","sticky":false,"template":"","format":"standard","meta":{"footnotes":""},"categories":[1],"tags":[249],"class_list":["post-3295","post","type-post","status-publish","format-standard","hentry","category-adventna-modlitba","tag-bohosluzby"],"_links":{"self":[{"href":"https:\/\/www.e-anjelik.sk\/index.php\/wp-json\/wp\/v2\/posts\/3295","targetHints":{"allow":["GET"]}}],"collection":[{"href":"https:\/\/www.e-anjelik.sk\/index.php\/wp-json\/wp\/v2\/posts"}],"about":[{"href":"https:\/\/www.e-anjelik.sk\/index.php\/wp-json\/wp\/v2\/types\/post"}],"author":[{"embeddable":true,"href":"https:\/\/www.e-anjelik.sk\/index.php\/wp-json\/wp\/v2\/users\/22"}],"replies":[{"embeddable":true,"href":"https:\/\/www.e-anjelik.sk\/index.php\/wp-json\/wp\/v2\/comments?post=3295"}],"version-history":[{"count":0,"href":"https:\/\/www.e-anjelik.sk\/index.php\/wp-json\/wp\/v2\/posts\/3295\/revisions"}],"wp:attachment":[{"href":"https:\/\/www.e-anjelik.sk\/index.php\/wp-json\/wp\/v2\/media?parent=3295"}],"wp:term":[{"taxonomy":"category","embeddable":true,"href":"https:\/\/www.e-anjelik.sk\/index.php\/wp-json\/wp\/v2\/categories?post=3295"},{"taxonomy":"post_tag","embeddable":true,"href":"https:\/\/www.e-anjelik.sk\/index.php\/wp-json\/wp\/v2\/tags?post=3295"}],"curies":[{"name":"wp","href":"https:\/\/api.w.org\/{rel}","templated":true}]}}