{"id":32958,"date":"2019-11-01T12:36:27","date_gmt":"2019-11-01T11:36:27","guid":{"rendered":"http:\/\/e-anjelik.sk\/?p=32958"},"modified":"2019-11-01T12:36:27","modified_gmt":"2019-11-01T11:36:27","slug":"pamiatka-zosnulych","status":"publish","type":"post","link":"https:\/\/www.e-anjelik.sk\/index.php\/2019\/11\/01\/pamiatka-zosnulych\/","title":{"rendered":"Pamiatka zosnul\u00fdch"},"content":{"rendered":"\n<p>&nbsp;&nbsp; &nbsp; &nbsp; &nbsp; &nbsp; &nbsp; &nbsp; &nbsp; Pamiatka zosnul\u00fdch&nbsp;<\/p>\n\n\n\n<p><em>Pr\u00ed\u010f Pane a stvor n\u00e1s nov\u00fdch<\/em><\/p>\n\n\n\n<p><em>nie z prachu hl\u00edn a zeminy<\/em><\/p>\n\n\n\n<p><em>pr\u00ed\u010f Pane a stvor n\u00e1s \u010dist\u00fdch<\/em><\/p>\n\n\n\n<p><em>n\u00e1dhern\u00fdch \u013eud\u00ed bez viny.&nbsp;<\/em><\/p>\n\n\n\n<p><em>(I. Hricov\u00e1: Hlasn\u00e9 tich\u00e1 &#8211; The Second Arrival, 2 v.)<\/em><\/p>\n\n\n\n<p><strong>\u017dalm 3:<\/strong><\/p>\n\n\n\n<p><em>(2) \u201cHospodine, ako mnoho je mojich nepriate\u013eov. Mnoh\u00ed povst\u00e1vaj\u00fa proti mne! (3) Mnoh\u00ed o mne hovoria: Pre neho niet pomoci u Boha! Sela. -(4) Ale Ty, Hospodine, si moj\u00edm \u0161t\u00edtom, si mojou sl\u00e1vou, Ty mi dv\u00edha\u0161 hlavu. (5) Ke\u010f hlasite vol\u00e1m k Hospodinu, On mi odpoved\u00e1 zo svojho sv\u00e4t\u00e9ho vrchu. Sela.&nbsp;<\/em><\/p>\n\n\n\n<p><em>(6) \u013dahol som si a zaspal som; prebudil som sa, lebo Hospodin ma podopiera. (7) Nebj\u00edm sa desiatok tis\u00edcov \u013eud\u00ed; \u010do stavaj\u00fa sa v\u00f4kol proti mne. (8) \u00d3, povsta\u0148, Hospodine! Pom\u00f4\u017e mi, \u00f3 Bo\u017ee m\u00f4j! Ve\u010f v\u0161etk\u00fdch mojich nepriate\u013eov zbil si po tv\u00e1ri a bezbo\u017en\u00edkom vyl\u00e1mal si zuby. (9) U Hospodina je z\u00e1chran, a nad Tvoj\u00edm \u013eudom Tvoje po\u017eehnanie. Sela\u201d. Amen<\/em><\/p>\n\n\n\n<p>Bratia a sestry v P\u00e1novi Je\u017ei\u0161ovi Kristovi!&nbsp;<\/p>\n\n\n\n<p>&nbsp; &nbsp; Spomienkam na zosnul\u00fdch sa neubr\u00e1ni nikto z n\u00e1s. \u010ci s\u00fa dobr\u00e9, alebo niekdy aj menej dobr\u00e9. \u010ci s\u00fa \u010derstv\u00e9, alebo vybledli letami, ktor\u00e9 ubehli. Za spomienkami na t\u00fdch, ktor\u00ed n\u00e1s predi\u0161li je v\u017edy aj k\u00fasok n\u00e1\u0161ho vlastn\u00e9ho \u017eivota, ktor\u00fd odi\u0161el s nimi. Preto v t\u00fdchto d\u0148och spom\u00ednaj\u00fa naozaj v\u0161etci. V\u00e4\u010d\u0161ina \u013eud\u00ed sa vyberie priamo na cintor\u00edny, alebo rozptylov\u00e9 l\u00faky s kvetmi, ven\u010dekmi. Posledn\u00e9 roky sme si u\u017e zvykli, \u017ee aj evanjelici zapa\u013euj\u00fa na hroboch svie\u010dky a kahance&#8230; Ak je za t\u00fdm zves\u0165 a viera, \u017ee <em>Je\u017ei\u0161 je prav\u00fdm svetlom sveta, ktor\u00e9 pri\u0161lo na svet<\/em> &#8211; ni\u010d proti tomu. Pravda, vieme aj o in\u00fdch n\u00e1dejach a z\u00e1meroch&#8230;<\/p>\n\n\n\n<p>Ale aj t\u00ed, ktor\u00ed nepodliehaj\u00fa celon\u00e1rodnej \u201ecestovnej hor\u00fa\u010dke\u201c a na pietne miesta nejd\u00fa, neubr\u00e1nia sa pocitom nostalgie, sm\u00fatku a akoby v\u0161adepr\u00edtomnej upomienky na koniec \u010dasn\u00e9ho \u017eivota. V\u00e4dn\u00face kvety, padaj\u00face l\u00edstie zo stromov ned\u00e1vno e\u0161te zelen\u00fdch, dozret\u00e9 ovocie pod stromami &#8211; v\u0161etko to m\u00f4\u017ee pripomen\u00fa\u0165 \u010dloveku ono zn\u00e1me:<em> \u201csi prach a do prachu a vr\u00e1ti\u0161\u201d <\/em>&#8211; si ako ten kvet a tr\u00e1va, ako l\u00edstie ticho \u0161u\u0161tiace pod nohami.&nbsp; Aj \u010dlovek dozreje ako klas, alebo ako ovocie a \u2013 budeme podobne zobrat\u00ed z po\u013ea tohto sveta.<\/p>\n\n\n\n<p>&nbsp;&nbsp; &nbsp; V srdci a v du\u0161i \u010dloveka sa v\u0161ak oz\u00fdva v\u00fdkrik, ako ho vyjadril b\u00e1snik:<em> \u201c\u017di\u0165 chceme, \u017ei\u0165, Bo\u017ee \u017eiv\u00fd\u201d<\/em>! Smr\u0165 vn\u00edmame ako \u010d\u00edhaj\u00faceho, nemilosrdn\u00e9ho nepriate\u013ea. Najm\u00e4 vtedy, ke\u010f n\u00e1m berie bytos\u0165 vz\u00e1cnu a drah\u00fa, bl\u00edzku n\u00e1\u0161mu srdcu, neraz i v mladosti a v rozkvete s\u00edl. Ale aj vtedy, ke\u010f sa zhor\u0161\u00ed n\u00e1\u0161 zdravotn\u00fd stav a ke\u010f zrazu poc\u00edtime, ak\u00fd sme slab\u00ed, ohrozen\u00ed a nest\u00e1li. <em>\u201eSme ako para<\/em>\u201c- hovor\u00ed aj apo\u0161tol Jakub, <em>\u201ektor\u00e1 sa nakr\u00e1tko uk\u00e1\u017ee a potom zmizne\u201c.<\/em><\/p>\n\n\n\n<p>Mnoh\u00ed \u013eudia urobili kr\u00e1tky z\u00e1ver zo skuto\u010dnosti a faktu smrti hovoriac: \u201c<em>Proti smrti nieto lieku, ani byliny z\u00e1hrad\u00e1ch\u201d!<\/em> Jedni podliehaj\u00fa fatalizmu, in\u00ed skepse, preto sa chc\u00fa zariadi\u0165 pod\u013ea pr\u00edkladu star\u00fdch pohanov: <em>Carpe diem! Vyu\u017ei de\u0148! <\/em>Vyu\u017ei v\u0161etko, \u010do sa v \u0148om vyu\u017ei\u0165 d\u00e1&#8230;<\/p>\n\n\n\n<p>Veriaci \u013eud SZ, ktor\u00fd poznal Hospodina a Jeho moc a za n\u00edm aj \u013eud NZ m\u00e1 in\u00fd poh\u013ead, in\u00e9 poznanie a in\u00fa n\u00e1dej, ktor\u00e1 n\u00e1s rob\u00ed pokojn\u00fdmi, a iste aj bla\u017eenej\u0161\u00edmi, ke\u010f stoj\u00edme zo\u010di-vo\u010di \u201cveli\u010denstvu menom smr\u0165\u201c.<\/p>\n\n\n\n<p>\u017dalmista v tre\u0165om \u017ealme a spolu s n\u00edm aj veriaci kres\u0165an vyzn\u00e1va:&nbsp;<\/p>\n\n\n\n<p><strong>U HOSPODINA JE Z\u00c1CHRANA!<\/strong><\/p>\n\n\n\n<p>Preto sa:<\/p>\n\n\n\n<p><em>1. nijak\u00fdch nepriate\u013eov neboj\u00edme<\/em><\/p>\n\n\n\n<p><em>2. nov\u00fd de\u0148 v pokoji o\u010dak\u00e1vame<\/em><\/p>\n\n\n\n<p><em>3. o Jeho po\u017eehnan\u00ed nepochybujeme<\/em><\/p>\n\n\n\n<p>&nbsp;&nbsp; &nbsp; Mil\u00ed bratia a sestry v P\u00e1novi Je\u017ei\u0161ovi Kristovi!<\/p>\n\n\n\n<p>&nbsp; &nbsp; Viera, ktor\u00e1 je vysk\u00fa\u0161an\u00e1 a prav\u00e1 &#8211; vie, \u017ee u Hospodina je pomoc v ka\u017edom \u010dase a z\u00e1chrana v ka\u017edej situ\u00e1cii. \u017dalmista, kr\u00e1\u013e D\u00e1vid mal s Bo\u017eou pomocou svoje dlhodob\u00e9 sk\u00fasenosti. Bol e\u0161te ml\u00e1den\u010dek, ke\u010f zo\u010di-vo\u010di Goli\u00e1\u0161ovi vyznal, \u017ee ide do boja s n\u00edm <em>\u201ev mene Hospodinovom\u201c <\/em>a vieme, \u017ee nebol zahanben\u00fd. Bo\u017eiu pomoc a ochranu poznal aj na \u00fateku pred nepriaz\u0148ou kr\u00e1\u013ea Saula. Ale s\u00fa aj hor\u0161\u00ed a v\u00e4\u010d\u0161\u00ed nepriatelia, ako t\u00ed \u201evonkaj\u0161\u00ed\u201c. Ove\u013ea viac bol\u00ed a ohrozuje \u010dloveka zrada a zloba v kruhu vlastn\u00fdch. D\u00e1vid v istej chv\u00edli musel uteka\u0165 aj pred vlastn\u00fdm synom Absol\u00f3nom, ktor\u00fd povstal proti nemu. Zat\u00fa\u017eil po kr\u00e1\u013eovskom \u00farade a naverbolal si skupinu vlastn\u00fdch prisluhova\u010dov. D\u00e1vid vtedy v \u00fadese a ohrozen\u00ed volal: <em>\u201cHospodine, ako mnoho je mojich nepriate\u013eov. Mnoh\u00ed povst\u00e1vaj\u00fa proti mne! Mnoh\u00ed o mne hovoria: Pre neho niet pomoci u Boha\u201c!<\/em><\/p>\n\n\n\n<p>D\u00e1vidov \u00fadel je predobrazm \u00fadelu P\u00e1na Je\u017ei\u0161a Krista na ceste k sp\u00e1se sveta a \u010dloveka. Ohrozovali ho nepriatelia zvonku, zradil Ho i vlastn\u00fd u\u010den\u00edk, mnoh\u00ed a mu posmievali na kr\u00ed\u017ei v duchu&nbsp; \u017ealmistov\u00fdch prorock\u00fdch slov: <em>\u201ePre neho niet pomoci u Boha\u201c!<\/em> Ale pravica Hospodinova tu, aj tam dok\u00e1zala silu. D\u00e1vidovi i svojmu Synovi stal sa Otec nebesk\u00fd z\u00e1chranou.&nbsp;<\/p>\n\n\n\n<p>Na\u0161imi nepriate\u013emi, kotr\u00ed ohrozuj\u00fa kvalitu n\u00e1\u0161ho \u017eivota i \u017eivot samotn\u00fd s\u00fa nielen \u013eudia, podliehaj\u00faci diabolskej moci a zvodom, ale najm\u00e4 trojica najv\u00e4\u010d\u0161\u00edch nepriate\u013eov: hriech, smr\u0165 a diabol. Proti tejto nesv\u00e4tej a zlej trojici stoj\u00ed v\u0161ak Trojica dobr\u00e1 a sv\u00e4t\u00e1! Hospodin, ako P\u00e1n a l\u00e1skav\u00fd Stvorite\u013e a Otec, Syn Bo\u017e\u00ed Je\u017ei\u0161 Kristus a Duch Sv\u00e4t\u00fd, ktor\u00fd posv\u00e4cuje \u010dloveka a tvor\u00ed nov\u00fd \u017eivot.<\/p>\n\n\n\n<p>Dnes, v s\u00favise s poh\u013eadom upret\u00fdm na hrobov\u00e9 miesta, ktor\u00e9&nbsp; zdanlivo ohlasuj\u00fa v\u00ed\u0165aztvo&nbsp; a nadvl\u00e1du smrti, chceme sa povzbudi\u0165 a posilni\u0165 aj pri stretnut\u00ed a stretan\u00ed sa s nepriate\u013eom, ktor\u00fdm je smr\u0165. Ako \u017dalmista poznal a vyznal:<em>\u201cAle Ty, Hospodine, si moj\u00edm \u0161t\u00edtom\u201c<\/em>, tak aj my sa m\u00f4\u017eeme posi\u0148ova\u0165 a povzbudi\u0165 aj nad prachom a hrobmi zomret\u00fdch, i zo\u010di-vo\u010di vlastnej smrti. Hospodin sa n\u00e1s zaujme, je na\u0161ou obranou, na\u0161ou z\u00e1chranou. On m\u00e1 mocn\u00fd liek i bylinu, ktor\u00fa v plnosti \u010dasu zasadil ako<em> \u201estrom \u017eivota\u201c<\/em> a <em>\u201ev\u00ednny kme\u0148\u201c <\/em>do tejto zeme. N\u00edm je Kristus P\u00e1n. Jeho<em> \u201eplody\u201c<\/em>, i <em>\u201el\u00edstie zo stromu \u017eivota\u201c<\/em> sl\u00fa\u017ei <em>\u201ena udravenie n\u00e1rodov \u201e<\/em> &#8211; ako sved\u010d\u00ed apo\u0161tol J\u00e1n v Zjaven\u00ed.<\/p>\n\n\n\n<p>Preto sa \u010dasnej smrti nemus\u00edme desi\u0165, ak pozn\u00e1me V\u00ed\u0165aza, ktor\u00fd si ju podmanil a urobil z panovn\u00ed\u010dky slu\u017eobnicu. Slu\u017eobnicu, ktor\u00e1 m\u00e1 na starosti na\u0161e tel\u00e1, ale na\u0161e du\u0161e a n\u00e1\u0161 duch nemus\u00ed by\u0165 v jej moci a podru\u010d\u00ed.<\/p>\n\n\n\n<p>2.<\/p>\n\n\n\n<p>Rovnako pre n\u00e1s plat\u00ed sl\u00e1vospev v\u00ed\u0165azstva aj zo\u010di-vo\u010di moci hriechu, ale i ka\u017edej diabolskej lsti a zlej v\u00f4le, \u010di moci. Pr\u00e1ve Kristovo dielo vyk\u00fapenia a Jeho Slovo o tomto vyk\u00fapen\u00ed z moci smrti a ka\u017edej zlej mocnosti, vedie veriaceho kres\u0165ana kpokoju. K pokoju,<em> \u201cktor\u00fd prevy\u0161uje ka\u017ed\u00fd rozum\u201d<\/em>, ktor\u00fd je darom Vzkriesen\u00e9ho P\u00e1na a darom aj celej Sv\u00e4tej Trojice.<\/p>\n\n\n\n<p>&nbsp; &nbsp; <em>\u201eSi mojou sl\u00e1vou\u201c<\/em>&#8211; vyznal \u017ealmista a takto vyzn\u00e1va aj prav\u00e1 viera v Je\u017ei\u0161a Krista ,ako P\u00e1na, ukri\u017eovan\u00e9ho, ale aj osl\u00e1ven\u00e9ho a sediaceho na pravici moci Bo\u017eej. Ten, ktor\u00fd vst\u00fapil na nebes\u00e1 po dokonanom diele sp\u00e1sy a osobnom v\u00ed\u0165aztv , s\u00e1m sa prihov\u00e1ra za n\u00e1s &#8211; v obav\u00e1ch a v t\u00f4ni smrti chodiacich. Tak, ako u\u010den\u00edkm priniesol po vzkriesen\u00ed zves\u0165 pokoja, tak isto chce da\u0165 pokoj i n\u00e1m do s\u0155dc a du\u0161\u00ed. <em>\u201eSvoj pokoj v\u00e1m d\u00e1vam\u201c <\/em>&#8211; hovor\u00ed ma inom mieste P\u00e1n Je\u017ei\u0161 &#8211;<em>\u201cnie ako svet d\u00e1va, v\u00e1m ja d\u00e1vam. Nech sa v\u00e1m nerm\u00fati srdce a nestrachuje\u201c!<\/em><\/p>\n\n\n\n<p>\u017dalmistova sk\u00fasenos\u0165 pri modlitbe je aj na\u0161ou sk\u00fasenos\u0165ou. U\u017e vtedy , ke\u010f sa modl\u00edme, P\u00e1n n\u00e1m odpoved\u00e1, ba \u010dasto sk\u00f4r, ako m\u00e1me my\u0161lienku na jazyku, On kon\u00e1 v n\u00e1\u0161 prospech. <em>\u201eKe\u010f vol\u00e1m k Hospodinu, On mi odpoved\u00e1\u201c.(3,3)&nbsp;<\/em><\/p>\n\n\n\n<p>Tel\u00e1 zosnul\u00fdch, hovor\u00edme obrazne,: spia v prachu zeme, ale \u010do je nemenej d\u00f4le\u017eit\u00e9, je pr\u00e1ve pokojn\u00fd sp\u00e1nok pre n\u00e1s, ktor\u00ed sme \u010dasto znepokojen\u00ed mnoh\u00fdmi z\u00e1pasmi viery, ale aj ot\u00e1zkami: \u010do bude po smrti s nami? S \u010dlovekom, s na\u0161\u00edm telom, alebou du\u0161ou? To, \u010do n\u00e1m P\u00e1n Je\u017ei\u0161 vyjavil o na\u0161ej bud\u00facnosti a to, \u010do n\u00e1m vydobil na kr\u00ed\u017ei, je dobr\u00fdm d\u00f4vodom k pokojn\u00e9mu sp\u00e1nku.<em>\u201cLahol som si a zaspal som, prebudil som sa, lebo Hospodin ma podopiera\u201c(3,6).<\/em><\/p>\n\n\n\n<p>3.<\/p>\n\n\n\n<p>\u00a0\u00a0 <em> \u201cU Hospodina je z\u00e1chrana\u201d<\/em>, vyznajme aj dnes v plnej d\u00f4vere! To v kone\u010dnom d\u00f4sledku znamen\u00e1: O Jeho po\u017eehnan\u00ed nepochybujme! <em>\u201cP\u00e1n Boh je Bohom \u017eiv\u00fdch a nie m\u0155tvych\u201d<\/em>, dal pozna\u0165 u\u017e Moj\u017ei\u0161ovi pri horiacom kr\u00edku na p\u00fa\u0161ti. A v diele vyk\u00fapenia P\u00e1na Je\u017ei\u0161a je obsiahnut\u00e9 aj kone\u010dn\u00e9 v\u00ed\u0165aztvo nad diablom a smr\u0165ou. T\u00fdchto posledn\u00fdch nepriate\u013eov odstr\u00e1ni. \u017dalmista to predv\u00edda prorock\u00fdm slovom takto: <em>\u201cVe\u010f v\u0161etk\u00fdch mojich nepriate\u013eov zbil si po tv\u00e1ri. U Hospodina je z\u00e1chrana, a nad Tvoj\u00edm \u013eudom Tvoje po\u017eehanie\u201c.<\/em><\/p>\n\n\n\n<p>&nbsp; &nbsp; &nbsp; Preto stojac nad hrobmi mil\u00fdch, pri na\u0161ich spomienkach, m\u00e1me slovami apo\u0161tolsk\u00e9ho kr\u00e9da vyzna\u0165: <em>\u201cVer\u00edm v tela z m\u0155tvych vzkriesenie a v \u017eivot ve\u010dn\u00fd\u201d!<\/em> T\u00e1to viera stoj\u00ed naJe\u017ei\u0161ovom vzkriesen\u00ed&nbsp; azas\u013e\u00faben\u00ed, ktor\u00e9 m\u00e1me od n\u00e1\u0161ho Neho ako P\u00e1na a Spasite\u013ea. V \u0147om je zaru\u010den\u00fd n\u00e1\u0161 \u00faspech &#8211; \u010di\u017ee pln\u00e9 po\u017eehnanie \u017eivota. Tento zdar, v\u00ed\u0165aztvo \u017eivota nad smr\u0165ou v Je\u017ei\u0161ovi Kristovi, je nov\u00fdm, dokonal\u00fdm darom milosti n\u00e1\u0161honebesk\u00e9ho Otca. Nedajme si zobra\u0165, ani oslabi\u0165 t\u00fato na\u0161u d\u00f4veru nijakej moci, \u010di mocnosti tohto sveta.<\/p>\n\n\n\n<p>&nbsp; &nbsp; S apo\u0161tolom Pavlom vyznajme aj my: <em>\u201eLebo som presved\u010den\u00fd, \u017ee ani smr\u0165, ani \u017eivot ani anjeli ani knie\u017eatstv\u00e1 ani pr\u00edtomnos\u0165 ani bud\u00facnos\u0165 nebud\u00fa n\u00e1s m\u00f4c\u0165 odl\u00fa\u010di\u0165 od l\u00e1sky Bo\u017eej, ktor\u00e1 je v Kristu Je\u017ei\u0161i, na\u0161om P\u00e1novi\u201c (R 8,38-39). Amen<\/em>.<\/p>\n\n\n\n<p>&nbsp; &nbsp; &nbsp; &nbsp; &nbsp; &nbsp; &nbsp; &nbsp; &nbsp; &nbsp; &nbsp; &nbsp; Mgr. \u013dubom\u00edr Batka, ev. far\u00e1r&nbsp; &#8211; v Soboti\u0161ti &#8211; 2008<\/p>\n","protected":false},"excerpt":{"rendered":"<p>&nbsp;&nbsp; &nbsp; &nbsp; &nbsp; &nbsp; &nbsp; &nbsp; &nbsp; Pamiatka zosnul\u00fdch&nbsp; Pr\u00ed\u010f Pane a stvor n\u00e1s nov\u00fdch nie z prachu hl\u00edn a zeminy pr\u00ed\u010f Pane a stvor n\u00e1s \u010dist\u00fdch n\u00e1dhern\u00fdch \u013eud\u00ed bez viny.&nbsp; (I. Hricov\u00e1: Hlasn\u00e9 tich\u00e1 &#8211; The Second Arrival, 2 v.) \u017dalm 3: (2) \u201cHospodine, ako mnoho je mojich nepriate\u013eov. Mnoh\u00ed povst\u00e1vaj\u00fa proti mne! &#8230; <a title=\"Pamiatka zosnul\u00fdch\" class=\"read-more\" href=\"https:\/\/www.e-anjelik.sk\/index.php\/2019\/11\/01\/pamiatka-zosnulych\/\" aria-label=\"Pre\u010d\u00edtajte si viac o Pamiatka zosnul\u00fdch\">\u010c\u00edta\u0165 viac<\/a><\/p>\n","protected":false},"author":4,"featured_media":0,"comment_status":"open","ping_status":"open","sticky":false,"template":"","format":"standard","meta":{"footnotes":""},"categories":[121,281,95],"tags":[],"class_list":["post-32958","post","type-post","status-publish","format-standard","hentry","category-kazne","category-pamiatka-zosnulych","category-sobotiste"],"_links":{"self":[{"href":"https:\/\/www.e-anjelik.sk\/index.php\/wp-json\/wp\/v2\/posts\/32958","targetHints":{"allow":["GET"]}}],"collection":[{"href":"https:\/\/www.e-anjelik.sk\/index.php\/wp-json\/wp\/v2\/posts"}],"about":[{"href":"https:\/\/www.e-anjelik.sk\/index.php\/wp-json\/wp\/v2\/types\/post"}],"author":[{"embeddable":true,"href":"https:\/\/www.e-anjelik.sk\/index.php\/wp-json\/wp\/v2\/users\/4"}],"replies":[{"embeddable":true,"href":"https:\/\/www.e-anjelik.sk\/index.php\/wp-json\/wp\/v2\/comments?post=32958"}],"version-history":[{"count":1,"href":"https:\/\/www.e-anjelik.sk\/index.php\/wp-json\/wp\/v2\/posts\/32958\/revisions"}],"predecessor-version":[{"id":32959,"href":"https:\/\/www.e-anjelik.sk\/index.php\/wp-json\/wp\/v2\/posts\/32958\/revisions\/32959"}],"wp:attachment":[{"href":"https:\/\/www.e-anjelik.sk\/index.php\/wp-json\/wp\/v2\/media?parent=32958"}],"wp:term":[{"taxonomy":"category","embeddable":true,"href":"https:\/\/www.e-anjelik.sk\/index.php\/wp-json\/wp\/v2\/categories?post=32958"},{"taxonomy":"post_tag","embeddable":true,"href":"https:\/\/www.e-anjelik.sk\/index.php\/wp-json\/wp\/v2\/tags?post=32958"}],"curies":[{"name":"wp","href":"https:\/\/api.w.org\/{rel}","templated":true}]}}