{"id":3296,"date":"2011-01-07T11:34:34","date_gmt":"2011-01-07T11:34:34","guid":{"rendered":"http:\/\/e-anjelik.sk\/?p=3296"},"modified":"2011-01-07T11:34:34","modified_gmt":"2011-01-07T11:34:34","slug":"sobasit-princa-wiliama-bude-arcibiskup-rowan-williams","status":"publish","type":"post","link":"https:\/\/www.e-anjelik.sk\/index.php\/2011\/01\/07\/sobasit-princa-wiliama-bude-arcibiskup-rowan-williams\/","title":{"rendered":"Sob\u00e1\u0161i\u0165 princa Wiliama bude arcibiskup Rowan Williams"},"content":{"rendered":"<p>T&uacute;to stredu 5. janu&aacute;ra 2011 ozn&aacute;mil britsk&yacute; kr&aacute;\u013eovsk&yacute; dvor, \u017ee sob&aacute;&scaron; 29. apr&iacute;la 2011 &nbsp;princa Williama a Kate Middletonovej vykon&aacute; arcibiskup anglik&aacute;nskej cirkvi Rowan Williams vo Westminsterskom op&aacute;tstve. Okrem arcibiskupa bude pr&iacute;tomn&yacute; biskup Lond&yacute;na a dekan op&aacute;tstva.&nbsp; Pred sob&aacute;&scaron;om Kate vykon&aacute; sl&aacute;vnostn&yacute; sprievod &#8211; jazdu&nbsp;na ko\u010di po centre Lond&yacute;na .Po sob&aacute;&scaron;i bude prijatie u kr&aacute;\u013eovnej Al\u017ebete II. v Buckinghamskom pal&aacute;ci a ve\u010der tanec v r&eacute;\u017eii princa Charlesa.<\/p>\n<p>(<a href=\"http:\/\/www.dagen.se\">www.dagen.se<\/a>)<\/p>\n","protected":false},"excerpt":{"rendered":"<p>T&uacute;to stredu 5. janu&aacute;ra 2011 ozn&aacute;mil britsk&yacute; kr&aacute;\u013eovsk&yacute; dvor, \u017ee sob&aacute;&scaron; 29. apr&iacute;la 2011 &nbsp;princa Williama a Kate Middletonovej vykon&aacute; arcibiskup anglik&aacute;nskej cirkvi Rowan Williams vo Westminsterskom op&aacute;tstve. Okrem arcibiskupa bude pr&iacute;tomn&yacute; biskup Lond&yacute;na a dekan op&aacute;tstva.&nbsp; Pred sob&aacute;&scaron;om Kate vykon&aacute; sl&aacute;vnostn&yacute; sprievod &#8211; jazdu&nbsp;na ko\u010di po centre Lond&yacute;na .Po sob&aacute;&scaron;i bude prijatie u kr&aacute;\u013eovnej &#8230; <a title=\"Sob\u00e1\u0161i\u0165 princa Wiliama bude arcibiskup Rowan Williams\" class=\"read-more\" href=\"https:\/\/www.e-anjelik.sk\/index.php\/2011\/01\/07\/sobasit-princa-wiliama-bude-arcibiskup-rowan-williams\/\" aria-label=\"Pre\u010d\u00edtajte si viac o Sob\u00e1\u0161i\u0165 princa Wiliama bude arcibiskup Rowan Williams\">\u010c\u00edta\u0165 viac<\/a><\/p>\n","protected":false},"author":22,"featured_media":0,"comment_status":"open","ping_status":"open","sticky":false,"template":"","format":"standard","meta":{"footnotes":""},"categories":[9,10],"tags":[],"class_list":["post-3296","post","type-post","status-publish","format-standard","hentry","category-europa","category-zo-sveta"],"_links":{"self":[{"href":"https:\/\/www.e-anjelik.sk\/index.php\/wp-json\/wp\/v2\/posts\/3296","targetHints":{"allow":["GET"]}}],"collection":[{"href":"https:\/\/www.e-anjelik.sk\/index.php\/wp-json\/wp\/v2\/posts"}],"about":[{"href":"https:\/\/www.e-anjelik.sk\/index.php\/wp-json\/wp\/v2\/types\/post"}],"author":[{"embeddable":true,"href":"https:\/\/www.e-anjelik.sk\/index.php\/wp-json\/wp\/v2\/users\/22"}],"replies":[{"embeddable":true,"href":"https:\/\/www.e-anjelik.sk\/index.php\/wp-json\/wp\/v2\/comments?post=3296"}],"version-history":[{"count":0,"href":"https:\/\/www.e-anjelik.sk\/index.php\/wp-json\/wp\/v2\/posts\/3296\/revisions"}],"wp:attachment":[{"href":"https:\/\/www.e-anjelik.sk\/index.php\/wp-json\/wp\/v2\/media?parent=3296"}],"wp:term":[{"taxonomy":"category","embeddable":true,"href":"https:\/\/www.e-anjelik.sk\/index.php\/wp-json\/wp\/v2\/categories?post=3296"},{"taxonomy":"post_tag","embeddable":true,"href":"https:\/\/www.e-anjelik.sk\/index.php\/wp-json\/wp\/v2\/tags?post=3296"}],"curies":[{"name":"wp","href":"https:\/\/api.w.org\/{rel}","templated":true}]}}