{"id":32963,"date":"2019-11-01T13:48:02","date_gmt":"2019-11-01T11:48:02","guid":{"rendered":"http:\/\/e-anjelik.sk\/?p=32963"},"modified":"2019-11-18T16:06:07","modified_gmt":"2019-11-18T15:06:07","slug":"kristina-royova-verne-kracaj","status":"publish","type":"post","link":"https:\/\/www.e-anjelik.sk\/index.php\/2019\/11\/01\/kristina-royova-verne-kracaj\/","title":{"rendered":"Krist\u00edna Royov\u00e1 &#8211; Verne kr\u00e1\u010daj"},"content":{"rendered":"\n<p>Nieto vody,\nnieto oh\u0148a,<br>\n\u010do by silou zni\u010dil n\u00e1s,<br>\nk\u00fdm nepr\u00edde Bo\u017eia chv\u00ed\u013ea,<br>\nOn n\u00e1s pozve k sebe zas.<\/p>\n\n\n\n<p>Nieto \u017eia\u013eu,\nnieto krivdy,<br>\nktor\u00fa by n\u00e1m nes\u0148al Boh,<br>\nke\u010f pr\u00eddeme v sl\u00e1vny domov,<br>\nku podno\u017eiam Jeho n\u00f4h.<\/p>\n\n\n\n<p>Uschn\u00fa slzy,\npla\u010d zanemie<br>\na hriech zmizne ako sen,<br>\nke\u010f uzrieme zabronieva\u0165<br>\nve\u010dnej sl\u00e1vy nov\u00fd de\u0148.<\/p>\n\n\n\n<p>Ke\u010f zvuk\ntr\u00faby svetom zavznie,<br>\nmilosti \u017ee nastal \u010das<br>\na ke\u010f du\u0161e v nebies sl\u00e1ve<br>\nzdvihn\u00fa k chv\u00e1le Bo\u017eej hlas.<\/p>\n\n\n\n<p>Tak len\nverne kr\u00e1\u010daj k cie\u013eu,<br>\nnech \u0165a nevzprie klam ni mam,<br>\nodmen\u00ed \u0165a raz P\u00e1n v nebi,<br>\nkorunou \u010do schystal s\u00e1m&#8230;<\/p>\n","protected":false},"excerpt":{"rendered":"<p>Nieto vody, nieto oh\u0148a, \u010do by silou zni\u010dil n\u00e1s, k\u00fdm nepr\u00edde Bo\u017eia chv\u00ed\u013ea, On n\u00e1s pozve k sebe zas. Nieto \u017eia\u013eu, nieto krivdy, ktor\u00fa by n\u00e1m nes\u0148al Boh, ke\u010f pr\u00eddeme v sl\u00e1vny domov, ku podno\u017eiam Jeho n\u00f4h. Uschn\u00fa slzy, pla\u010d zanemie a hriech zmizne ako sen, ke\u010f uzrieme zabronieva\u0165 ve\u010dnej sl\u00e1vy nov\u00fd de\u0148. Ke\u010f zvuk &#8230; <a title=\"Krist\u00edna Royov\u00e1 &#8211; Verne kr\u00e1\u010daj\" class=\"read-more\" href=\"https:\/\/www.e-anjelik.sk\/index.php\/2019\/11\/01\/kristina-royova-verne-kracaj\/\" aria-label=\"Pre\u010d\u00edtajte si viac o Krist\u00edna Royov\u00e1 &#8211; Verne kr\u00e1\u010daj\">\u010c\u00edta\u0165 viac<\/a><\/p>\n","protected":false},"author":3,"featured_media":0,"comment_status":"open","ping_status":"open","sticky":false,"template":"","format":"standard","meta":{"footnotes":""},"categories":[281],"tags":[],"class_list":["post-32963","post","type-post","status-publish","format-standard","hentry","category-pamiatka-zosnulych"],"_links":{"self":[{"href":"https:\/\/www.e-anjelik.sk\/index.php\/wp-json\/wp\/v2\/posts\/32963","targetHints":{"allow":["GET"]}}],"collection":[{"href":"https:\/\/www.e-anjelik.sk\/index.php\/wp-json\/wp\/v2\/posts"}],"about":[{"href":"https:\/\/www.e-anjelik.sk\/index.php\/wp-json\/wp\/v2\/types\/post"}],"author":[{"embeddable":true,"href":"https:\/\/www.e-anjelik.sk\/index.php\/wp-json\/wp\/v2\/users\/3"}],"replies":[{"embeddable":true,"href":"https:\/\/www.e-anjelik.sk\/index.php\/wp-json\/wp\/v2\/comments?post=32963"}],"version-history":[{"count":1,"href":"https:\/\/www.e-anjelik.sk\/index.php\/wp-json\/wp\/v2\/posts\/32963\/revisions"}],"predecessor-version":[{"id":32965,"href":"https:\/\/www.e-anjelik.sk\/index.php\/wp-json\/wp\/v2\/posts\/32963\/revisions\/32965"}],"wp:attachment":[{"href":"https:\/\/www.e-anjelik.sk\/index.php\/wp-json\/wp\/v2\/media?parent=32963"}],"wp:term":[{"taxonomy":"category","embeddable":true,"href":"https:\/\/www.e-anjelik.sk\/index.php\/wp-json\/wp\/v2\/categories?post=32963"},{"taxonomy":"post_tag","embeddable":true,"href":"https:\/\/www.e-anjelik.sk\/index.php\/wp-json\/wp\/v2\/tags?post=32963"}],"curies":[{"name":"wp","href":"https:\/\/api.w.org\/{rel}","templated":true}]}}