{"id":3298,"date":"2011-01-07T12:12:49","date_gmt":"2011-01-07T12:12:49","guid":{"rendered":"http:\/\/e-anjelik.sk\/?p=3298"},"modified":"2011-01-07T12:12:49","modified_gmt":"2011-01-07T12:12:49","slug":"sex-v-kostolnej-lavici","status":"publish","type":"post","link":"https:\/\/www.e-anjelik.sk\/index.php\/2011\/01\/07\/sex-v-kostolnej-lavici\/","title":{"rendered":"Sex v kostolnej lavici"},"content":{"rendered":"<p>Neobvykl&eacute;mu ob\u017ealovaniu \u010del&iacute; jeden pastor z Hamburgu. V De\u0148 pok&aacute;nia a modlitieb mal v opitom stave sex so \u017eenou v kostolnej lavici. Z&aacute;stupca tla\u010dov&eacute;ho hovorcu Severonemeckej cirkvi potvrdil pr&iacute;pad. Bolo vznesen&eacute; \u0165a\u017ek&eacute; obvinenie proti po&scaron;kodeniu slu\u017eobn&yacute;ch povinnost&iacute; duchovn&eacute;ho. Cirkev ho uvo\u013enila zo slu\u017eieb a pr&iacute;pad post&uacute;pila org&aacute;nom \u010dinn&yacute;m v trestnom konan&iacute;. Pr&iacute;pad sa stal v cirkevnom zbore sv. Petra v mestskej \u010dasti Altona. 49 ro\u010dn&yacute;, \u017eenat&yacute; far&aacute;r, otec troch det&iacute;, mal okolo polnoci sex v kostolnej lavici s rovnako opitou 32 ro\u010dnou slobodnou \u017eenou,predsedky\u0148ou cirkevn&eacute;ho zboru.<\/p>\n<p>(<a href=\"http:\/\/www.idea.de\">www.idea.de<\/a>)<\/p>\n","protected":false},"excerpt":{"rendered":"<p>Neobvykl&eacute;mu ob\u017ealovaniu \u010del&iacute; jeden pastor z Hamburgu. V De\u0148 pok&aacute;nia a modlitieb mal v opitom stave sex so \u017eenou v kostolnej lavici. Z&aacute;stupca tla\u010dov&eacute;ho hovorcu Severonemeckej cirkvi potvrdil pr&iacute;pad. Bolo vznesen&eacute; \u0165a\u017ek&eacute; obvinenie proti po&scaron;kodeniu slu\u017eobn&yacute;ch povinnost&iacute; duchovn&eacute;ho. Cirkev ho uvo\u013enila zo slu\u017eieb a pr&iacute;pad post&uacute;pila org&aacute;nom \u010dinn&yacute;m v trestnom konan&iacute;. Pr&iacute;pad sa stal v &#8230; <a title=\"Sex v kostolnej lavici\" class=\"read-more\" href=\"https:\/\/www.e-anjelik.sk\/index.php\/2011\/01\/07\/sex-v-kostolnej-lavici\/\" aria-label=\"Pre\u010d\u00edtajte si viac o Sex v kostolnej lavici\">\u010c\u00edta\u0165 viac<\/a><\/p>\n","protected":false},"author":22,"featured_media":0,"comment_status":"open","ping_status":"open","sticky":false,"template":"","format":"standard","meta":{"footnotes":""},"categories":[9,10],"tags":[],"class_list":["post-3298","post","type-post","status-publish","format-standard","hentry","category-europa","category-zo-sveta"],"_links":{"self":[{"href":"https:\/\/www.e-anjelik.sk\/index.php\/wp-json\/wp\/v2\/posts\/3298","targetHints":{"allow":["GET"]}}],"collection":[{"href":"https:\/\/www.e-anjelik.sk\/index.php\/wp-json\/wp\/v2\/posts"}],"about":[{"href":"https:\/\/www.e-anjelik.sk\/index.php\/wp-json\/wp\/v2\/types\/post"}],"author":[{"embeddable":true,"href":"https:\/\/www.e-anjelik.sk\/index.php\/wp-json\/wp\/v2\/users\/22"}],"replies":[{"embeddable":true,"href":"https:\/\/www.e-anjelik.sk\/index.php\/wp-json\/wp\/v2\/comments?post=3298"}],"version-history":[{"count":0,"href":"https:\/\/www.e-anjelik.sk\/index.php\/wp-json\/wp\/v2\/posts\/3298\/revisions"}],"wp:attachment":[{"href":"https:\/\/www.e-anjelik.sk\/index.php\/wp-json\/wp\/v2\/media?parent=3298"}],"wp:term":[{"taxonomy":"category","embeddable":true,"href":"https:\/\/www.e-anjelik.sk\/index.php\/wp-json\/wp\/v2\/categories?post=3298"},{"taxonomy":"post_tag","embeddable":true,"href":"https:\/\/www.e-anjelik.sk\/index.php\/wp-json\/wp\/v2\/tags?post=3298"}],"curies":[{"name":"wp","href":"https:\/\/api.w.org\/{rel}","templated":true}]}}