{"id":32983,"date":"2019-11-12T23:00:01","date_gmt":"2019-11-12T22:00:01","guid":{"rendered":"http:\/\/e-anjelik.sk\/?p=32983"},"modified":"2019-11-12T23:00:01","modified_gmt":"2019-11-12T22:00:01","slug":"95-rocne-zvony-v-cz-turej-luke","status":"publish","type":"post","link":"https:\/\/www.e-anjelik.sk\/index.php\/2019\/11\/12\/95-rocne-zvony-v-cz-turej-luke\/","title":{"rendered":"95 ro\u010dn\u00e9 zvony v CZ Turej L\u00fake"},"content":{"rendered":"\n<figure class=\"wp-block-image\"><a href=\"https:\/\/www.ecav.sk\/rails\/active_storage\/blobs\/eyJfcmFpbHMiOnsibWVzc2FnZSI6IkJBaHBBaU9CIiwiZXhwIjpudWxsLCJwdXIiOiJibG9iX2lkIn19--76a325c277373d635ea400893385618adf8c78f7\/75220631_2696178757276256_5040465076172095488_n.jpg\"><img decoding=\"async\" src=\"https:\/\/www.ecav.sk\/rails\/active_storage\/representations\/eyJfcmFpbHMiOnsibWVzc2FnZSI6IkJBaHBBaU9CIiwiZXhwIjpudWxsLCJwdXIiOiJibG9iX2lkIn19--76a325c277373d635ea400893385618adf8c78f7\/eyJfcmFpbHMiOnsibWVzc2FnZSI6IkJBaDdCam9MY21WemFYcGxTU0lJT1RBd0Jqb0dSVlE9IiwiZXhwIjpudWxsLCJwdXIiOiJ2YXJpYXRpb24ifX0=--f83398908a42570f1be2d2870fc3e62f317d893b\/75220631_2696178757276256_5040465076172095488_n.jpg\" alt=\"V CZ ECAV Tur\u00e1 L\u00faka maj\u00fa 95 ro\u010dn\u00e9 zvony\"\/><\/a><\/figure>\n\n\n\n<p>Mil\u00ed bratia a sestry! Srde\u010dne V\u00e1s poz\u00fdvame na sl\u00e1vnostne Slu\u017eby Bo\u017eie 17.11.2019 o 9:30 v na\u0161om chr\u00e1me Bo\u017eom. Bud\u00fa spojen\u00e9 s posviackou na\u0161ich troch obnoven\u00fdch zvonov, ktor\u00e9 pre\u0161li gener\u00e1lnou opravou. T\u00e1to mil\u00e1 a v\u00fdznamn\u00e1 udalos\u0165 sa bude kona\u0165 pr\u00e1ve na 95 v\u00fdro\u010die ich posv\u00e4tenia. Sl\u00e1vnostn\u00fdm kazate\u013eom bude Mgr. Boris Mi\u0161ina, tajomn\u00edk gener\u00e1lneho biskupa, zaspieva zborov\u00fd spevokol aj ml\u00e1de\u017en\u00edci. U\u017e teraz sa na t\u00fato sl\u00e1vnos\u0165 te\u0161\u00edme!<\/p>\n","protected":false},"excerpt":{"rendered":"<p>Mil\u00ed bratia a sestry! Srde\u010dne V\u00e1s poz\u00fdvame na sl\u00e1vnostne Slu\u017eby Bo\u017eie 17.11.2019 o 9:30 v na\u0161om chr\u00e1me Bo\u017eom. Bud\u00fa spojen\u00e9 s posviackou na\u0161ich troch obnoven\u00fdch zvonov, ktor\u00e9 pre\u0161li gener\u00e1lnou opravou. T\u00e1to mil\u00e1 a v\u00fdznamn\u00e1 udalos\u0165 sa bude kona\u0165 pr\u00e1ve na 95 v\u00fdro\u010die ich posv\u00e4tenia. Sl\u00e1vnostn\u00fdm kazate\u013eom bude Mgr. Boris Mi\u0161ina, tajomn\u00edk gener\u00e1lneho biskupa, zaspieva zborov\u00fd &#8230; <a title=\"95 ro\u010dn\u00e9 zvony v CZ Turej L\u00fake\" class=\"read-more\" href=\"https:\/\/www.e-anjelik.sk\/index.php\/2019\/11\/12\/95-rocne-zvony-v-cz-turej-luke\/\" aria-label=\"Pre\u010d\u00edtajte si viac o 95 ro\u010dn\u00e9 zvony v CZ Turej L\u00fake\">\u010c\u00edta\u0165 viac<\/a><\/p>\n","protected":false},"author":4,"featured_media":0,"comment_status":"open","ping_status":"open","sticky":false,"template":"","format":"standard","meta":{"footnotes":""},"categories":[4,6,145],"tags":[],"class_list":["post-32983","post","type-post","status-publish","format-standard","hentry","category-akcie","category-myjavsky-seniorat","category-tura-luka"],"_links":{"self":[{"href":"https:\/\/www.e-anjelik.sk\/index.php\/wp-json\/wp\/v2\/posts\/32983","targetHints":{"allow":["GET"]}}],"collection":[{"href":"https:\/\/www.e-anjelik.sk\/index.php\/wp-json\/wp\/v2\/posts"}],"about":[{"href":"https:\/\/www.e-anjelik.sk\/index.php\/wp-json\/wp\/v2\/types\/post"}],"author":[{"embeddable":true,"href":"https:\/\/www.e-anjelik.sk\/index.php\/wp-json\/wp\/v2\/users\/4"}],"replies":[{"embeddable":true,"href":"https:\/\/www.e-anjelik.sk\/index.php\/wp-json\/wp\/v2\/comments?post=32983"}],"version-history":[{"count":1,"href":"https:\/\/www.e-anjelik.sk\/index.php\/wp-json\/wp\/v2\/posts\/32983\/revisions"}],"predecessor-version":[{"id":32984,"href":"https:\/\/www.e-anjelik.sk\/index.php\/wp-json\/wp\/v2\/posts\/32983\/revisions\/32984"}],"wp:attachment":[{"href":"https:\/\/www.e-anjelik.sk\/index.php\/wp-json\/wp\/v2\/media?parent=32983"}],"wp:term":[{"taxonomy":"category","embeddable":true,"href":"https:\/\/www.e-anjelik.sk\/index.php\/wp-json\/wp\/v2\/categories?post=32983"},{"taxonomy":"post_tag","embeddable":true,"href":"https:\/\/www.e-anjelik.sk\/index.php\/wp-json\/wp\/v2\/tags?post=32983"}],"curies":[{"name":"wp","href":"https:\/\/api.w.org\/{rel}","templated":true}]}}