{"id":3299,"date":"2011-01-07T12:24:39","date_gmt":"2011-01-07T12:24:39","guid":{"rendered":"http:\/\/e-anjelik.sk\/?p=3299"},"modified":"2011-01-07T12:24:39","modified_gmt":"2011-01-07T12:24:39","slug":"ordinacia-novoknazov-vo-varsave","status":"publish","type":"post","link":"https:\/\/www.e-anjelik.sk\/index.php\/2011\/01\/07\/ordinacia-novoknazov-vo-varsave\/","title":{"rendered":"Ordin\u00e1cia novok\u0148azov vo Var\u0161ave"},"content":{"rendered":"<p>Vo sviatok Epifanie 6. janu&aacute;ra 2011 bola v&nbsp; evanjelickom&nbsp;kostole sv. Trojice vo Var&scaron;ave po\u010das sl&aacute;vnostn&yacute;ch slu\u017eieb Bo\u017e&iacute;ch ordin&aacute;cia &scaron;tyroch novok\u0148azov Evanjelicko-augsburskej cirkvi v Po\u013esku. Ordin&aacute;ciu vykonal biskup tejto cirkvi J. Samiec za asistencie dvoch diec&eacute;znych biskupov.Pr&iacute;tomn&yacute;ch bolo aj nieko\u013eko desiatok k\u0148azov z cel&eacute;ho Po\u013eska. V modlitb&aacute;ch sa kladol d&ocirc;raz za prenasledovan&yacute;ch kres\u0165anov vo svete.<\/p>\n<p>(<a href=\"http:\/\/www.luteranie.pl\">www.luteranie.pl<\/a>)<\/p>\n","protected":false},"excerpt":{"rendered":"<p>Vo sviatok Epifanie 6. janu&aacute;ra 2011 bola v&nbsp; evanjelickom&nbsp;kostole sv. Trojice vo Var&scaron;ave po\u010das sl&aacute;vnostn&yacute;ch slu\u017eieb Bo\u017e&iacute;ch ordin&aacute;cia &scaron;tyroch novok\u0148azov Evanjelicko-augsburskej cirkvi v Po\u013esku. Ordin&aacute;ciu vykonal biskup tejto cirkvi J. Samiec za asistencie dvoch diec&eacute;znych biskupov.Pr&iacute;tomn&yacute;ch bolo aj nieko\u013eko desiatok k\u0148azov z cel&eacute;ho Po\u013eska. V modlitb&aacute;ch sa kladol d&ocirc;raz za prenasledovan&yacute;ch kres\u0165anov vo svete. (www.luteranie.pl)<\/p>\n","protected":false},"author":22,"featured_media":0,"comment_status":"open","ping_status":"open","sticky":false,"template":"","format":"standard","meta":{"footnotes":""},"categories":[9,10],"tags":[],"class_list":["post-3299","post","type-post","status-publish","format-standard","hentry","category-europa","category-zo-sveta"],"_links":{"self":[{"href":"https:\/\/www.e-anjelik.sk\/index.php\/wp-json\/wp\/v2\/posts\/3299","targetHints":{"allow":["GET"]}}],"collection":[{"href":"https:\/\/www.e-anjelik.sk\/index.php\/wp-json\/wp\/v2\/posts"}],"about":[{"href":"https:\/\/www.e-anjelik.sk\/index.php\/wp-json\/wp\/v2\/types\/post"}],"author":[{"embeddable":true,"href":"https:\/\/www.e-anjelik.sk\/index.php\/wp-json\/wp\/v2\/users\/22"}],"replies":[{"embeddable":true,"href":"https:\/\/www.e-anjelik.sk\/index.php\/wp-json\/wp\/v2\/comments?post=3299"}],"version-history":[{"count":0,"href":"https:\/\/www.e-anjelik.sk\/index.php\/wp-json\/wp\/v2\/posts\/3299\/revisions"}],"wp:attachment":[{"href":"https:\/\/www.e-anjelik.sk\/index.php\/wp-json\/wp\/v2\/media?parent=3299"}],"wp:term":[{"taxonomy":"category","embeddable":true,"href":"https:\/\/www.e-anjelik.sk\/index.php\/wp-json\/wp\/v2\/categories?post=3299"},{"taxonomy":"post_tag","embeddable":true,"href":"https:\/\/www.e-anjelik.sk\/index.php\/wp-json\/wp\/v2\/tags?post=3299"}],"curies":[{"name":"wp","href":"https:\/\/api.w.org\/{rel}","templated":true}]}}