{"id":33015,"date":"2019-11-22T21:58:27","date_gmt":"2019-11-22T20:58:27","guid":{"rendered":"http:\/\/e-anjelik.sk\/?p=33015"},"modified":"2019-11-22T21:58:27","modified_gmt":"2019-11-22T20:58:27","slug":"brat-farar-j-podlesny-spomina-na-neznu","status":"publish","type":"post","link":"https:\/\/www.e-anjelik.sk\/index.php\/2019\/11\/22\/brat-farar-j-podlesny-spomina-na-neznu\/","title":{"rendered":"Brat far\u00e1r J.Podlesn\u00fd spom\u00edna na &#8222;ne\u017en\u00fa&#8220;"},"content":{"rendered":"\n<p><a href=\"https:\/\/www.facebook.com\/jan.podlesny.716?__tn__=%2CdlC-R-R&amp;eid=ARB3ZVm5sPOLIGWzOzLQ-vCkkmGOMSOCX1HnGaNKZRLn_BfOnd3YMKySYIGrQhGlYZYFYupkCzZ2V6dg&amp;hc_ref=ARSWKiLkR6XwdZzBoYkXTyJHRsrAqeTVavL8vrLUXI-1VKE-8f6nFXOmI6zjnXHrIjU\"><strong>J\u00e1n Podlesn\u00fd<\/strong><\/a> aktualizoval svoj status.<\/p>\n\n\n\n<p><a href=\"https:\/\/www.facebook.com\/jan.podlesny.716\/posts\/760849451043874\">14. novembra, 12:01<\/a> \u00b7<\/p>\n\n\n\n<p>Ad honorem Dei gloriam &#8211; Na \u010des\u0165 a sl\u00e1vu Boha&nbsp;<\/p>\n\n\n\n<p>DUCHOVN\u00c1 SEJBA&nbsp;<\/p>\n\n\n\n<p>\u010cO V\u00c1M DALA NE\u017dN\u00c1 REVOL\u00daCIA Z ROKU 1989 ?<\/p>\n\n\n\n<p>SKLAMANIE A ROZ\u010cAROVANIE VO VLASTN\u00ddCH RADOCH<\/p>\n\n\n\n<p>\u0160tB -POLICAJT: \u201eJa som si konal len povinnos\u0165 ako policajt, ale vy by ste sa mali p\u00fdta\u0165, \u010do viedlo va\u0161ich kolegov far\u00e1rov, \u017ee o v\u00e1s pod\u00e1vali na \u0160tb inform\u00e1cie, na ktor\u00e9 sme sa ani nep\u00fdtali?<\/p>\n\n\n\n<p>Najnov\u0161ie \u010d\u00edslo T\u00fd\u017edenn\u00edka evanjelikov augsbursk\u00e9ho vyznania LUTHERUS, oslovilo nieko\u013ek\u00fdch \u010dlenov na\u0161ej cirkvi, aby sme odpovedali na anketov\u00fa ot\u00e1zku:&nbsp;<\/p>\n\n\n\n<p>\u010cO V\u00c1M DALA NE\u017dN\u00c1 REVOL\u00daCIA Z ROKU 1989 ?<\/p>\n\n\n\n<p>Pozorne som si pre\u010d\u00edtal jednotliv\u00e9 odpovede, ktor\u00e9 sa daj\u00fa zhrn\u00fa\u0165 do dvoch slov:&nbsp;<\/p>\n\n\n\n<p>SLOBODA A SKLAMANIE.<\/p>\n\n\n\n<p>Nechcem ni\u010d hodnoti\u0165, len chcem doplni\u0165 moju odpove\u010f, ktor\u00fa zverej\u0148ujem aj na facebooku.<\/p>\n\n\n\n<p>CITUJEM:&nbsp;<\/p>\n\n\n\n<p>Hist\u00f3ria zhodnot\u00ed, \u010do sa vtedy stalo a \u010do n\u00e1m z toho zostalo po nieko\u013ek\u00fdch rokoch.&nbsp;<\/p>\n\n\n\n<p>Tzv. \u201eNe\u017en\u00e1 revol\u00facia\u201c vyvolala pohyb a turbulenciu aj vo vn\u00fatri na\u0161ej cirkvi.&nbsp;<\/p>\n\n\n\n<p>Mnoh\u00ed veriaci Slovenskej evanj. cirkvi a.v. sa a\u017e prostredn\u00edctvom Evanjelick\u00e9ho posla dozvedeli, \u017ee aj na p\u00f4de na\u0161ej cirkvi vzniklo hnutie Verejnos\u0165 proti n\u00e1siliu pri Slovenskej evanjelickej cirkvi a.v. (Skr\u00e1tka: VPN SECAV)<\/p>\n\n\n\n<p>Udalost\u00ed, ktor\u00e9 sa odohr\u00e1vali v spolo\u010dnosti, jednozna\u010dne dok\u00e1zali, \u017ee jednomyse\u013enos\u0165 a spokojnos\u0165 so v\u0161etk\u00fdm, \u010do sa v cirkvi za uplynul\u00fdch \u0161tyridsa\u0165 rokov presadzovalo, bola povrchn\u00e1 a klamn\u00e1.&nbsp;<\/p>\n\n\n\n<p>Viacer\u00fdch m\u00edtingov som sa z\u00fa\u010dastnil a dvakr\u00e1t som za ECAV prehovoril aj na trib\u00fane.&nbsp;<\/p>\n\n\n\n<p>Ke\u010f dnes spom\u00ednam na 17.november 1989, m\u00f4\u017eem aj osobne kon\u0161tatova\u0165, \u017ee je to de\u0148, ktor\u00fd rozbil sny i realitu.&nbsp;<\/p>\n\n\n\n<p>Stal sa podnetom na sebaspytovanie. Prekvapil v\u0161etk\u00fdch a vst\u00fapil do pr\u00edtomn\u00fdch udalost\u00ed ako akt\u00edvny \u010dinite\u013e, ktor\u00fd by mal objekt\u00edvne zhodnoti\u0165 minulos\u0165. Za \u017eivot na v\u00fdsln\u00ed musel \u010dlovek uml\u010da\u0165 svoje svedomie, strati\u0165 aspo\u0148 z\u00e1kladn\u00fd rys svojej kres\u0165anskej identity.&nbsp;<\/p>\n\n\n\n<p>Pre m\u0148a pam\u00e4tn\u00fdm zostal priebeh Gener\u00e1lneho konventu Slovenskej evanjelickej cirkvi a.v. v \u010cSSR, ktor\u00fd sa konal 30.11.- 2.12.1989 v \u017diline. Mnoh\u00ed sa s odstupom rokov asi zhodneme na tom, \u017ee to bola tzv. \u201eBartolomejsk\u00e1 noc v na\u0161ej cirkvi.\u201c<\/p>\n\n\n\n<p>Moje sk\u00fasenosti:&nbsp;<\/p>\n\n\n\n<p>Ni\u010d sa nezmenilo a cenzurovanie sa kon\u00e1 a\u017e do dne\u0161n\u00fdch dn\u00ed. Uverej\u0148uje sa len to, \u010do je niektor\u00fdm vhodn\u00e9 a pochlebova\u010dn\u00e9. VPN SECAV rozdelilo far\u00e1rov a mnoh\u00ed br. far\u00e1ri a sestry far\u00e1rky mali dojem, \u017ee ide len o vyrovn\u00e1vanie si osobn\u00fdch \u00fa\u010dtov a nie o vec cirkvi.<\/p>\n\n\n\n<p>Na\u0161e deti sa nem\u00f4\u017eu s\u0165a\u017eova\u0165, \u017ee sme nechodili na dovolenky. Nav\u0161t\u00edvili sme mnoh\u00e9 miesta na Slovensku, ale aj v \u010cR a Ma\u010farsku. Neboli to nejak\u00e9 dlh\u00e9 dovolenky. V pondelok sme vyrazili a v sobotu sme u\u017e boli doma, aby sme nevynech\u00e1vali nede\u013en\u00e9 slu\u017eby Bo\u017eie.<\/p>\n\n\n\n<p>V roku 1986 sme chceli \u00eds\u0165 na dovolenku do Juhosl\u00e1vie. Dne\u0161n\u00e1 gener\u00e1cia si mo\u017eno povie, ale \u010do je na tom tak\u00e9 zauj\u00edmav\u00e9, \u017ee o tom p\u00ed\u0161e\u0161?<\/p>\n\n\n\n<p>Jedn\u00e9ho d\u0148a som sa vybral do Galanty, aby som v banke vybavil dev\u00edzov\u00fd pr\u00eds\u013eub. Pracovn\u00edk banky mi v\u0161ak stroho povedal, \u017ee dev\u00edzy s\u00fa u\u017e na tento rok vy\u010derpan\u00e9. Vymenili sme si nieko\u013eko otvoren\u00fdch slov a nakoniec mi posme\u0161ne povedal, aby sme nechali jedno die\u0165a doma a pr\u00eds\u013eub dostaneme.&nbsp;<\/p>\n\n\n\n<p>Sp\u00fdtal som sa ho, ktor\u00e9 die\u0165a by som mal necha\u0165 doma a \u010di by to urobil aj on? Po ostrej v\u00fdmene n\u00e1zorov som odch\u00e1dzal smutn\u00fd a nazlosten\u00fd. Nemohol som v noci spa\u0165, lebo sklamanie deti bolo ve\u013ek\u00e9.&nbsp;<\/p>\n\n\n\n<p>Asi o dva dni skoro r\u00e1no som povedal man\u017eelke, \u017ee idem do Bratislavy. Nepovedal som, ak\u00fd m\u00e1m z\u00e1mer. Vybral som sa do \u0160T\u00c1TNEJ BANKY \u010cESKOSLOVENSK\u00c1, ktor\u00e1 od roku 1950 bola jedinou bankou na na\u0161om \u00fazem\u00ed. Na \u010dele \u0160B\u010cS bol gener\u00e1lny riadite\u013e, ktor\u00fd bol priamo podriaden\u00fd ministrovi financi\u00ed Pre mlad\u0161ie gener\u00e1cie uvediem, \u017ee to bola N\u00e1rodn\u00e1 banka u dvoch levov v Bratislave .&nbsp;<\/p>\n\n\n\n<p>Rozhodol som sa nav\u0161t\u00edvi\u0165 priamo gener\u00e1lneho riadite\u013ea banky. Vedel som, \u017ee to nebude tak\u00e9 jednoduch\u00e9. Na ka\u017edom poschod\u00ed som bol legitimovan\u00fd a musel som \u201eklama\u0165\u201c, \u017ee som nahl\u00e1sen\u00fd u p. gener\u00e1lneho riadite\u013ea.&nbsp;<\/p>\n\n\n\n<p>A\u017e som sa zrazu ocitol pred dverami sekretari\u00e1tu gener\u00e1lneho riadite\u013ea.&nbsp;<\/p>\n\n\n\n<p>Zaklopal som a na ot\u00e1zku sekret\u00e1rky, \u010do by som si \u017eelal, musel som s pravdou von. Rozpovedal som jej, \u010do ma tu priviedlo. Ona mi povedala, \u017ee ide sa sp\u00fdta\u0165 p. gener\u00e1lneho, \u010di ma pr\u00edjme. Moje prekvapenie bolo neop\u00edsate\u013en\u00e9. Zrazu sa vo dver\u00e1ch objavil s\u00e1m gener\u00e1lny riadite\u013e a pozval ma do svojej kancel\u00e1rie. N\u00e1\u0161 rozhovor trval asi pol hodiny. Rozpovedal som mu v\u0161etko, \u010do ma sem doviedlo, \u017ee som far\u00e1r a \u010do som za\u017eil v Galante.&nbsp;<\/p>\n\n\n\n<p>On na to odpovedal ve\u013ekodu\u0161ne. Tu m\u00e1te m\u00f4j dev\u00edzov\u00fd pr\u00eds\u013eub a nikto v\u00e1m ho u\u017e nezru\u0161\u00ed.&nbsp;<\/p>\n\n\n\n<p>Viete si predstavi\u0165, ako ma pote\u0161il a ako som odch\u00e1dzal z budovy banky. Nevedel som, \u017ee to e\u0161te nie je koniec v\u0161etk\u00fdm probl\u00e9mom.&nbsp;<\/p>\n\n\n\n<p>Ako k\u0148az som musel ozn\u00e1mi\u0165 cirkevn\u00e9mu tajomn\u00edkovi, \u017ee sme dostali dev\u00edzov\u00fd pr\u00eds\u013eub a \u017ee chceme \u00eds\u0165 v lete do Juhosl\u00e1vie. Na z\u00e1klade tohto ozn\u00e1menia som bol pozvan\u00fd na pol\u00edciu do Galanty. A\u017e vtedy som sa dozvedel, \u017ee ka\u017ed\u00e9ho k\u0148aza sleduje jeden ur\u010den\u00fd policajt. Bol som vypo\u010d\u00favan\u00fd a musel som odpoveda\u0165 na mnoh\u00e9 smie\u0161ne ot\u00e1zky policajta. Nevedel som, \u017ee on si v\u0161etko nahr\u00e1va.&nbsp;<\/p>\n\n\n\n<p>Na jeho ot\u00e1zku, \u010di chceme zosta\u0165 v Juhosl\u00e1vii ( to bolo vtedy be\u017en\u00e9-cez Juhosl\u00e1viu na z\u00e1pad), som viac \u017eartom, ako v\u00e1\u017ene odpovedal, \u017ee ak sa rozhodneme zosta\u0165, tak mu po\u0161leme poh\u013eadnicu.<\/p>\n\n\n\n<p>A to bol pre neho d\u00f4vod spr\u00edsni\u0165 na\u0161e sledovanie pred odchodom.&nbsp;<\/p>\n\n\n\n<p>Na hranici k n\u00e1m pri\u0161iel coln\u00edk, pozrel n\u00e1m pasy a povedal, m\u00f4\u017eete \u00eds\u0165. Ja som sa priam hl\u00fapo op\u00fdtal, kde? A on mi hovor\u00ed, a kde ste sa vybrali?. \u017diadna kontrola, ani sme nemuseli otvori\u0165 auto.&nbsp;<\/p>\n\n\n\n<p>Len tak s\u00fakromne n\u00e1m ticho povedal. Ste prv\u00e1 far\u00e1rska rodina, ktor\u00fa m\u00e1m kontrolova\u0165, ale radil by som v\u00e1m, pri n\u00e1vrate domov nepriv\u00e1\u017eajte \u017eiadnu n\u00e1bo\u017eensk\u00fa literat\u00faru, ste sledovan\u00ed.<\/p>\n\n\n\n<p>Na z\u00e1klade mojej \u017eiadosti o spr\u00edstupnenie dokumentov pod\u013ea Z\u00e1kona o pam\u00e4ti n\u00e1roda, som bol d\u0148a 18.10.2006 , listom \u010d\u00edslo DR \/2006\/0003-880 p\u00edsomne vyrozumen\u00fd, \u017ee v evidencii sa na\u0161iel nasledovn\u00fd dokument:&nbsp;<\/p>\n\n\n\n<p>\u201eOsobn\u00fd zv\u00e4zok (zaveden\u00fd d\u0148a 21.05.1986 pod reg.\u010d\u00edslom 33115 na O-\u0160tb Galanta, pod\u013ea z\u00e1znamu v registra\u010dnom protokole bol tento zv\u00e4zok d\u0148a 01.08.1987 po n\u00e1vrate z Juhosl\u00e1vie zni\u010den\u00fd.&#8220;<\/p>\n\n\n\n<p>\u201eKe\u010f som sa z dodan\u00e9ho protokolu dozvedel, kto bol moj\u00edm \u201eochrancom z radov \u0160tb.\u201c, nabral som odvahu a jedn\u00e9ho d\u0148a som si toho policajta v Galante vyh\u013eadal. Bol to 56 ro\u010dn\u00fd policajt. Dnes u\u017e asi ne\u017eije. P\u00fdtal som sa ho, \u010di ne\u013eutuje, ke\u010f mnoh\u00fdm takto ubl\u00ed\u017eil.&nbsp;<\/p>\n\n\n\n<p>Nebudem p\u00edsa\u0165, o v\u0161etkom, \u010do sme spolu hovorili, ale zasko\u010dila ma jeho reakcia(citujem):<\/p>\n\n\n\n<p>\u201eJa som si konal len povinnos\u0165 ako policajt, ale vy by ste sa mali p\u00fdta\u0165, \u010do viedlo va\u0161ich kolegov far\u00e1rov, \u017ee o v\u00e1s pod\u00e1vali na \u0160tb inform\u00e1cie, na ktor\u00e9 sme sa ani nep\u00fdtali?<\/p>\n\n\n\n<p>Jeden brat na anketov\u00fa ot\u00e1zku odpovedal:&nbsp;<\/p>\n\n\n\n<p>Sloboda je \u00fa\u017easn\u00e1 vec, ale \u017eia\u013e naplno odhalila na\u0161e charaktery a namiesto toho aby sme hovorili o pok\u00e1n\u00ed a pokore, aj dnes t\u00edto \u013eudia h\u013eadaj\u00fa sp\u00f4sob, ako ospravedlni\u0165 svojej konanie.&nbsp;<\/p>\n\n\n\n<p>Ke\u010f dnes spom\u00ednam na 17.november 1989, m\u00f4\u017eem aj osobne kon\u0161tatova\u0165, \u017ee je to de\u0148, ktor\u00fd rozbil sny i realitu.&nbsp;<\/p>\n\n\n\n<p>Stal sa podnetom na sebaspytovanie. Prekvapil v\u0161etk\u00fdch a vst\u00fapil do pr\u00edtomn\u00fdch udalost\u00ed ako akt\u00edvny \u010dinite\u013e, ktor\u00fd by mal objekt\u00edvne zhodnoti\u0165 minulos\u0165.&nbsp;<\/p>\n\n\n\n<p>Za \u017eivot na v\u00fdsln\u00ed musel \u010dlovek uml\u010da\u0165 svoje svedomie, strati\u0165 aspo\u0148 z\u00e1kladn\u00fd rys svojej kres\u0165anskej identity.<\/p>\n\n\n\n<p>A TO JE PRE M\u0147A PRI NAJMEN\u0160OM ROZ\u010cAROVANIE.<\/p>\n\n\n\n<p>VPN SECAV rozdelilo far\u00e1rov a ovocie \u201ezber\u00e1me\u201c do dnes. Je medzi nami ned\u00f4vera a ni\u010d sa za t\u00fdch 30 rokov medzi nami nezmenilo. Na po\u017eiadavky z Gener\u00e1lneho konventu v \u017diline bezprostredne nadviazalo Ustanovuj\u00face zasadnutie Zdru\u017eenia evanjelick\u00fdch duchovn\u00fdch (ZED), ktor\u00e9 sa zi\u0161lo v d\u0148och 12.-13.2. 1990 v Pie\u0161\u0165anoch. Podrobnosti o Programovom vyhl\u00e1sen\u00ed ZED z VZ boli uverejnen\u00e9 v EP spod Tatier v danom \u010dase. Situ\u00e1ciu v cirkvi podrobne mapovali cirkevn\u00e9 periodika. Zalistujme si v nich.<\/p>\n","protected":false},"excerpt":{"rendered":"<p>J\u00e1n Podlesn\u00fd aktualizoval svoj status. 14. novembra, 12:01 \u00b7 Ad honorem Dei gloriam &#8211; Na \u010des\u0165 a sl\u00e1vu Boha&nbsp; DUCHOVN\u00c1 SEJBA&nbsp; \u010cO V\u00c1M DALA NE\u017dN\u00c1 REVOL\u00daCIA Z ROKU 1989 ? SKLAMANIE A ROZ\u010cAROVANIE VO VLASTN\u00ddCH RADOCH \u0160tB -POLICAJT: \u201eJa som si konal len povinnos\u0165 ako policajt, ale vy by ste sa mali p\u00fdta\u0165, \u010do viedlo &#8230; <a title=\"Brat far\u00e1r J.Podlesn\u00fd spom\u00edna na &#8222;ne\u017en\u00fa&#8220;\" class=\"read-more\" href=\"https:\/\/www.e-anjelik.sk\/index.php\/2019\/11\/22\/brat-farar-j-podlesny-spomina-na-neznu\/\" aria-label=\"Pre\u010d\u00edtajte si viac o Brat far\u00e1r J.Podlesn\u00fd spom\u00edna na &#8222;ne\u017en\u00fa&#8220;\">\u010c\u00edta\u0165 viac<\/a><\/p>\n","protected":false},"author":4,"featured_media":0,"comment_status":"open","ping_status":"open","sticky":false,"template":"","format":"standard","meta":{"footnotes":""},"categories":[395,193],"tags":[],"class_list":["post-33015","post","type-post","status-publish","format-standard","hentry","category-bratislavsky-seniorat","category-co-pisu-ini"],"_links":{"self":[{"href":"https:\/\/www.e-anjelik.sk\/index.php\/wp-json\/wp\/v2\/posts\/33015","targetHints":{"allow":["GET"]}}],"collection":[{"href":"https:\/\/www.e-anjelik.sk\/index.php\/wp-json\/wp\/v2\/posts"}],"about":[{"href":"https:\/\/www.e-anjelik.sk\/index.php\/wp-json\/wp\/v2\/types\/post"}],"author":[{"embeddable":true,"href":"https:\/\/www.e-anjelik.sk\/index.php\/wp-json\/wp\/v2\/users\/4"}],"replies":[{"embeddable":true,"href":"https:\/\/www.e-anjelik.sk\/index.php\/wp-json\/wp\/v2\/comments?post=33015"}],"version-history":[{"count":1,"href":"https:\/\/www.e-anjelik.sk\/index.php\/wp-json\/wp\/v2\/posts\/33015\/revisions"}],"predecessor-version":[{"id":33016,"href":"https:\/\/www.e-anjelik.sk\/index.php\/wp-json\/wp\/v2\/posts\/33015\/revisions\/33016"}],"wp:attachment":[{"href":"https:\/\/www.e-anjelik.sk\/index.php\/wp-json\/wp\/v2\/media?parent=33015"}],"wp:term":[{"taxonomy":"category","embeddable":true,"href":"https:\/\/www.e-anjelik.sk\/index.php\/wp-json\/wp\/v2\/categories?post=33015"},{"taxonomy":"post_tag","embeddable":true,"href":"https:\/\/www.e-anjelik.sk\/index.php\/wp-json\/wp\/v2\/tags?post=33015"}],"curies":[{"name":"wp","href":"https:\/\/api.w.org\/{rel}","templated":true}]}}