{"id":33019,"date":"2019-11-25T23:21:05","date_gmt":"2019-11-25T22:21:05","guid":{"rendered":"http:\/\/e-anjelik.sk\/?p=33019"},"modified":"2019-11-25T23:21:05","modified_gmt":"2019-11-25T22:21:05","slug":"bohosluzba-zmierenia-a-deklaracia-na-sliezku","status":"publish","type":"post","link":"https:\/\/www.e-anjelik.sk\/index.php\/2019\/11\/25\/bohosluzba-zmierenia-a-deklaracia-na-sliezku\/","title":{"rendered":"Bohoslu\u017eba zmierenia a Deklar\u00e1cia na Sliezku"},"content":{"rendered":"\n<h1 class=\"wp-block-heading\"><br>Bohoslu\u017eba pok\u00e1n\u00ed je za n\u00e1mi\t<\/h1>\n\n\n\n<p>pond\u011bl\u00ed, 25 listopad 2019&nbsp;<\/p>\n\n\n\n<p>V ned\u011bli 24. listopadu se v Byst\u0159ici uskute\u010dnila Bohoslu\u017eba pok\u00e1n\u00ed za p\u0159\u00edtomnosti p\u0159edstavitel\u016f na\u0161\u00ed c\u00edrkve a Lutersk\u00e9 c\u00edrkve evangelick\u00e9 a. v. C\u00edlem spole\u010dn\u00e9 bohoslu\u017eby bylo vz\u00e1jemn\u00e9 vyzn\u00e1n\u00ed sv\u00fdch selh\u00e1n\u00ed a prosba za odpu\u0161t\u011bn\u00ed. K\u00e1z\u00e1n\u00ed vyhl\u00e1sil biskup z\u00e1padn\u00e9ho di\u0161triktu ECAV na Slovensku J\u00e1n Hrobo\u0148.&nbsp;<\/p>\n\n\n\n<p>Sou\u010d\u00e1st\u00ed bohoslu\u017eby bylo tak\u00e9 p\u0159edstaven\u00ed spole\u010dn\u00e9ho prohl\u00e1\u0161en\u00ed p\u0159edstavitel\u016f obou c\u00edrkv\u00ed, kter\u00e9 zve\u0159ej\u0148ujeme n\u00ed\u017ee. Fotografie z bohoslu\u017eny m\u016f\u017eete shl\u00e9dnout v&nbsp;<a href=\"https:\/\/www.facebook.com\/sceav\/photos\/?tab=album&amp;album_id=2800770836629300\" target=\"_blank\" rel=\"noreferrer noopener\">albu na na\u0161em facebooku<\/a>. Videoz\u00e1znam najdete na Youtube kan\u00e1lu Byst\u0159ick\u00e9ho sboru SCEAV&nbsp;<a href=\"https:\/\/youtu.be\/LrvMjIpnrKU\" target=\"_blank\" rel=\"noreferrer noopener\">v tomto odkazu<\/a>.<\/p>\n\n\n\n<p><strong>Deklarace&nbsp;<\/strong><strong>\u2012<\/strong><strong>&nbsp;spole\u010dn\u00e9 prohl\u00e1\u0161en\u00ed vedouc\u00edch z\u00e1stupc\u016f SCEAV a LECAV<br><\/strong><strong>vz\u00e1jemn\u00e9 vyzn\u00e1n\u00ed na\u0161ich selh\u00e1n\u00ed, prosba o odpu\u0161t\u011bn\u00ed a touha ke hlub\u0161\u00ed komunikaci a spolupr\u00e1ci do budoucna<\/strong><\/p>\n\n\n\n<p>Jako vedouc\u00ed z\u00e1stupci Slezsk\u00e9 c\u00edrkve evangelick\u00e9 a. v. a Lutersk\u00e9 evangelick\u00e9 c\u00edrkve a. v. jsme po spole\u010dn\u00fdch rozhovorech dosp\u011bli k&nbsp;rozhodnut\u00ed vydat spole\u010dn\u00e9 prohl\u00e1\u0161en\u00ed k&nbsp;v\u011bci historick\u00e9ho rozkolu, ke kter\u00e9mu do\u0161lo po\u010d\u00e1tkem 90. let 20. stolet\u00ed.<br>S hlubokou l\u00edtost\u00ed p\u0159ed P\u00e1nem Bohem i v\u016f\u010di sob\u011b navz\u00e1jem vyzn\u00e1v\u00e1me sv\u016fj pod\u00edl na vz\u00e1jemn\u00fdch zran\u011bn\u00edch, kter\u00e1 p\u0159es mnoh\u00e9 dobr\u00e9 snahy vedla k&nbsp;hlubok\u00e9mu rozd\u011blen\u00ed t\u011bla Kristova a rodiny evangel\u00edk\u016f na T\u011b\u0161\u00ednsk\u00e9m Slezsku.<br>Uv\u011bdomujeme si, \u017ee tato smutn\u00e1 a bolestn\u00e1 zku\u0161enost p\u0159inesla neblah\u00e9 d\u016fsledky v \u017eivot\u011b jednotlivc\u016f a mnoh\u00fdch rodin. Pros\u00edme P\u00e1na Boha o s\u00edlu a odvahu k vz\u00e1jemn\u00e9mu odpu\u0161t\u011bn\u00ed t\u011bchto selh\u00e1n\u00ed a h\u0159\u00edch\u016f. Tou\u017e\u00edme po duchovn\u00ed obnov\u011b a prom\u011bn\u011b na\u0161ich vz\u00e1jemn\u00fdch vztah\u016f skrze&nbsp;moc Ducha svat\u00e9ho.<br>Z\u00e1rove\u0148 si uv\u011bdomujeme a s&nbsp;vd\u011b\u010dnost\u00ed vyzn\u00e1v\u00e1me, \u017ee n\u00e1s poj\u00ed spole\u010dn\u00e9 d\u011bdictv\u00ed reforma\u010dn\u00edho u\u010den\u00ed zakotven\u00e9ho v&nbsp;Bibli, v na\u0161ich vyznava\u010dsk\u00fdch spisech a v u\u010den\u00ed o ospravedln\u011bn\u00ed Bo\u017e\u00ed milost\u00ed skrze vykupitelsk\u00e9 d\u00edlo Je\u017e\u00ed\u0161e Krista na k\u0159\u00ed\u017ei a jeho slavn\u00e9 vzk\u0159\u00ed\u0161en\u00ed. Na\u0161e v\u00edra stoj\u00ed na tomto neochv\u011bjn\u00e9m d\u011bjinn\u00e9m z\u00e1kladu, kter\u00fdm je Je\u017e\u00ed\u0161 Kristus a jeho d\u00edlo z\u00e1chrany pro \u010dlov\u011bka. Na N\u011bm chceme budovat i na\u0161e vz\u00e1jemn\u00e9 vztahy do budoucna v duchu Bo\u017e\u00ed odpou\u0161t\u011bj\u00edc\u00ed l\u00e1sky, vz\u00e1jemn\u00e9 pokory, odpu\u0161t\u011bn\u00ed a sm\u00ed\u0159en\u00ed.<br>Tou\u017e\u00edme vyd\u00e1vat slovem i \u017eivotem sv\u011bdectv\u00ed evangelia na\u0161emu slezsk\u00e9mu lidu i \u0161irok\u00e9mu okol\u00ed, a to v&nbsp;duchu vz\u00e1jemn\u00e9 \u00facty,&nbsp;v b\u00e1zni p\u0159ed P\u00e1nem Bohem a v radosti za&nbsp;nevysti\u017eiteln\u00fd dar sp\u00e1sy.<br>P\u0159esto\u017ee se v&nbsp;sou\u010dasn\u00e9 dob\u011b nejedn\u00e1 o prosazov\u00e1n\u00ed organiza\u010dn\u00edho spojen\u00ed obou c\u00edrkv\u00ed, vyz\u00fdv\u00e1me jednotlivce i sbory na\u0161ich c\u00edrkv\u00ed k&nbsp;bo\u0159en\u00ed vz\u00e1jemn\u00fdch nevra\u017eivost\u00ed, p\u0159edsudk\u016f a zran\u011bn\u00ed, k prohlouben\u00ed vz\u00e1jemn\u00e9 komunikace v duchu sm\u00ed\u0159en\u00ed, k&nbsp;budov\u00e1n\u00ed most\u016f a v\u011bt\u0161\u00ed spolupr\u00e1ci, aby B\u016fh byl skrze na\u0161e spole\u010dn\u00e9 sv\u011bdectv\u00ed v\u00edry oslaven.&nbsp;<br><br><em>Pane, sklo\u0148 se k&nbsp;n\u00e1m, ve\u010f n\u00e1s svou milost\u00ed cestou pok\u00e1n\u00ed a k radostn\u00e9mu \u017eivotu v\u00edry skrze zachra\u0148uj\u00edc\u00ed moc tv\u00e9ho evangelia. Daruj n\u00e1m sv\u00e9 odpu\u0161t\u011bn\u00ed, pokoj a hojn\u00e9 po\u017eehn\u00e1n\u00ed k&nbsp;oslav\u011b Tv\u00e9ho jm\u00e9na a k z\u00e1chran\u011b mnoh\u00fdch od h\u0159\u00edchu nev\u00edry a v\u011b\u010dn\u00e9ho zahynut\u00ed.<br><\/em><\/p>\n","protected":false},"excerpt":{"rendered":"<p>Bohoslu\u017eba pok\u00e1n\u00ed je za n\u00e1mi pond\u011bl\u00ed, 25 listopad 2019&nbsp; V ned\u011bli 24. listopadu se v Byst\u0159ici uskute\u010dnila Bohoslu\u017eba pok\u00e1n\u00ed za p\u0159\u00edtomnosti p\u0159edstavitel\u016f na\u0161\u00ed c\u00edrkve a Lutersk\u00e9 c\u00edrkve evangelick\u00e9 a. v. C\u00edlem spole\u010dn\u00e9 bohoslu\u017eby bylo vz\u00e1jemn\u00e9 vyzn\u00e1n\u00ed sv\u00fdch selh\u00e1n\u00ed a prosba za odpu\u0161t\u011bn\u00ed. K\u00e1z\u00e1n\u00ed vyhl\u00e1sil biskup z\u00e1padn\u00e9ho di\u0161triktu ECAV na Slovensku J\u00e1n Hrobo\u0148.&nbsp; Sou\u010d\u00e1st\u00ed bohoslu\u017eby bylo &#8230; <a title=\"Bohoslu\u017eba zmierenia a Deklar\u00e1cia na Sliezku\" class=\"read-more\" href=\"https:\/\/www.e-anjelik.sk\/index.php\/2019\/11\/25\/bohosluzba-zmierenia-a-deklaracia-na-sliezku\/\" aria-label=\"Pre\u010d\u00edtajte si viac o Bohoslu\u017eba zmierenia a Deklar\u00e1cia na Sliezku\">\u010c\u00edta\u0165 viac<\/a><\/p>\n","protected":false},"author":4,"featured_media":0,"comment_status":"open","ping_status":"open","sticky":false,"template":"","format":"standard","meta":{"footnotes":""},"categories":[2,28],"tags":[],"class_list":["post-33019","post","type-post","status-publish","format-standard","hentry","category-ekumena","category-modlitby-za-jednotu-krestanov"],"_links":{"self":[{"href":"https:\/\/www.e-anjelik.sk\/index.php\/wp-json\/wp\/v2\/posts\/33019","targetHints":{"allow":["GET"]}}],"collection":[{"href":"https:\/\/www.e-anjelik.sk\/index.php\/wp-json\/wp\/v2\/posts"}],"about":[{"href":"https:\/\/www.e-anjelik.sk\/index.php\/wp-json\/wp\/v2\/types\/post"}],"author":[{"embeddable":true,"href":"https:\/\/www.e-anjelik.sk\/index.php\/wp-json\/wp\/v2\/users\/4"}],"replies":[{"embeddable":true,"href":"https:\/\/www.e-anjelik.sk\/index.php\/wp-json\/wp\/v2\/comments?post=33019"}],"version-history":[{"count":1,"href":"https:\/\/www.e-anjelik.sk\/index.php\/wp-json\/wp\/v2\/posts\/33019\/revisions"}],"predecessor-version":[{"id":33020,"href":"https:\/\/www.e-anjelik.sk\/index.php\/wp-json\/wp\/v2\/posts\/33019\/revisions\/33020"}],"wp:attachment":[{"href":"https:\/\/www.e-anjelik.sk\/index.php\/wp-json\/wp\/v2\/media?parent=33019"}],"wp:term":[{"taxonomy":"category","embeddable":true,"href":"https:\/\/www.e-anjelik.sk\/index.php\/wp-json\/wp\/v2\/categories?post=33019"},{"taxonomy":"post_tag","embeddable":true,"href":"https:\/\/www.e-anjelik.sk\/index.php\/wp-json\/wp\/v2\/tags?post=33019"}],"curies":[{"name":"wp","href":"https:\/\/api.w.org\/{rel}","templated":true}]}}