{"id":3302,"date":"2011-01-11T08:46:02","date_gmt":"2011-01-11T08:46:02","guid":{"rendered":"http:\/\/e-anjelik.sk\/?p=3302"},"modified":"2011-01-11T08:46:02","modified_gmt":"2011-01-11T08:46:02","slug":"dvaja-kandidati-na-funkciu-biskupa-zapadneho-distriktu-ecav-v-madarsku","status":"publish","type":"post","link":"https:\/\/www.e-anjelik.sk\/index.php\/2011\/01\/11\/dvaja-kandidati-na-funkciu-biskupa-zapadneho-distriktu-ecav-v-madarsku\/","title":{"rendered":"Dvaja kandid\u00e1ti na funkciu biskupa Z\u00e1padn\u00e9ho di\u0161triktu ECAV v Ma\u010farsku"},"content":{"rendered":"<p>Na funkciu biskupa ZD ECAV&nbsp;v&nbsp;MR boli vybran&iacute; dvaja kandid&aacute;ti:<\/p>\n<p><strong>50-ro\u010dn&yacute; far&aacute;r -senior zo Sz&eacute;kesfeh&eacute;rv&aacute;ru &#8211; Bencze Andr&aacute;s <\/strong>a <strong>47-ro\u010dn&yacute; far&aacute;r-senior Szemerei J&aacute;nos z K&aacute;posv&aacute;ru. <\/strong>Obaja o sebe nap&iacute;sali inform&aacute;ciu -list s predstaven&iacute;m svojho rodinn&eacute;ho z&aacute;zemia, &scaron;t&uacute;di&iacute;, \u010dinnost&iacute; a funkci&iacute;. Kandid&aacute;ti sa okrem toho osobne v prvom &scaron;tvr\u0165roku 2011 predstavia vo v&auml;\u010d&scaron;&iacute;ch zboroch di&scaron;triktu.<\/p>\n<p>Podrobnosti o kandid&aacute;toch&nbsp;mo\u017eno n&aacute;js\u0165 na <a href=\"http:\/\/www.evangelikus.hu\">www.evangelikus.hu<\/a>.<\/p>\n","protected":false},"excerpt":{"rendered":"<p>Na funkciu biskupa ZD ECAV&nbsp;v&nbsp;MR boli vybran&iacute; dvaja kandid&aacute;ti: 50-ro\u010dn&yacute; far&aacute;r -senior zo Sz&eacute;kesfeh&eacute;rv&aacute;ru &#8211; Bencze Andr&aacute;s a 47-ro\u010dn&yacute; far&aacute;r-senior Szemerei J&aacute;nos z K&aacute;posv&aacute;ru. Obaja o sebe nap&iacute;sali inform&aacute;ciu -list s predstaven&iacute;m svojho rodinn&eacute;ho z&aacute;zemia, &scaron;t&uacute;di&iacute;, \u010dinnost&iacute; a funkci&iacute;. Kandid&aacute;ti sa okrem toho osobne v prvom &scaron;tvr\u0165roku 2011 predstavia vo v&auml;\u010d&scaron;&iacute;ch zboroch di&scaron;triktu. Podrobnosti o &#8230; <a title=\"Dvaja kandid\u00e1ti na funkciu biskupa Z\u00e1padn\u00e9ho di\u0161triktu ECAV v Ma\u010farsku\" class=\"read-more\" href=\"https:\/\/www.e-anjelik.sk\/index.php\/2011\/01\/11\/dvaja-kandidati-na-funkciu-biskupa-zapadneho-distriktu-ecav-v-madarsku\/\" aria-label=\"Pre\u010d\u00edtajte si viac o Dvaja kandid\u00e1ti na funkciu biskupa Z\u00e1padn\u00e9ho di\u0161triktu ECAV v Ma\u010farsku\">\u010c\u00edta\u0165 viac<\/a><\/p>\n","protected":false},"author":22,"featured_media":0,"comment_status":"open","ping_status":"open","sticky":false,"template":"","format":"standard","meta":{"footnotes":""},"categories":[9,10],"tags":[],"class_list":["post-3302","post","type-post","status-publish","format-standard","hentry","category-europa","category-zo-sveta"],"_links":{"self":[{"href":"https:\/\/www.e-anjelik.sk\/index.php\/wp-json\/wp\/v2\/posts\/3302","targetHints":{"allow":["GET"]}}],"collection":[{"href":"https:\/\/www.e-anjelik.sk\/index.php\/wp-json\/wp\/v2\/posts"}],"about":[{"href":"https:\/\/www.e-anjelik.sk\/index.php\/wp-json\/wp\/v2\/types\/post"}],"author":[{"embeddable":true,"href":"https:\/\/www.e-anjelik.sk\/index.php\/wp-json\/wp\/v2\/users\/22"}],"replies":[{"embeddable":true,"href":"https:\/\/www.e-anjelik.sk\/index.php\/wp-json\/wp\/v2\/comments?post=3302"}],"version-history":[{"count":0,"href":"https:\/\/www.e-anjelik.sk\/index.php\/wp-json\/wp\/v2\/posts\/3302\/revisions"}],"wp:attachment":[{"href":"https:\/\/www.e-anjelik.sk\/index.php\/wp-json\/wp\/v2\/media?parent=3302"}],"wp:term":[{"taxonomy":"category","embeddable":true,"href":"https:\/\/www.e-anjelik.sk\/index.php\/wp-json\/wp\/v2\/categories?post=3302"},{"taxonomy":"post_tag","embeddable":true,"href":"https:\/\/www.e-anjelik.sk\/index.php\/wp-json\/wp\/v2\/tags?post=3302"}],"curies":[{"name":"wp","href":"https:\/\/api.w.org\/{rel}","templated":true}]}}