{"id":33021,"date":"2019-11-26T23:11:07","date_gmt":"2019-11-26T21:11:07","guid":{"rendered":"http:\/\/e-anjelik.sk\/?p=33021"},"modified":"2019-11-27T11:20:22","modified_gmt":"2019-11-27T10:20:22","slug":"myslienky-na-zaver-cirkevneho-roku","status":"publish","type":"post","link":"https:\/\/www.e-anjelik.sk\/index.php\/2019\/11\/26\/myslienky-na-zaver-cirkevneho-roku\/","title":{"rendered":"My\u0161lienky na z\u00e1ver cirkevn\u00e9ho roku"},"content":{"rendered":"\n<p><em>&nbsp;&nbsp; &nbsp; &nbsp; &nbsp; Majte bedr\u00e1 op\u00e1san\u00e9 a sviece horiace!\u2026<\/em><\/p>\n\n\n\n<p><em>Zdvihni n\u00e1s slovom,<\/em><\/p>\n\n\n\n<p><em>popraj du\u0161i silu,<\/em><\/p>\n\n\n\n<p><em>ke\u010f pom\u00fd\u0161\u013eame<\/em><\/p>\n\n\n\n<p><em>na posledn\u00fa chv\u00ed\u013eu,<\/em><\/p>\n\n\n\n<p><em>ktor\u00fa len Ty zn\u00e1\u0161!<\/em><\/p>\n\n\n\n<p><em>Daj i toho ducha,<\/em><\/p>\n\n\n\n<p><em>\u010do smr\u0165 prekon\u00e1va,<\/em><\/p>\n\n\n\n<p><em>nech v n\u00e1s sa zjav\u00ed<\/em><\/p>\n\n\n\n<p><em>Tvoja moc a sl\u00e1va! Amen (M.R.)<\/em><\/p>\n\n\n\n<p><strong>Lk 12, 35 &#8211; 40: <\/strong><em>\u201c Majte bedr\u00e1 op\u00e1san\u00e9 a sviece horiace (36) a bu\u010fte podobn\u00ed \u013eu\u010fom, ktor\u00ed si o\u010dak\u00e1vaj\u00fa p\u00e1na, kedy sa vr\u00e1ti zo svadby, aby mu hne\u010f otvorili, len \u010do pr\u00edde a zaklope. (37) Blahoslaven\u00ed sluhovia, ktor\u00fdch P\u00e1n, ke\u010f pr\u00edde, n\u00e1jde bdie\u0165; amen, hovor\u00edm v\u00e1m, \u017ee sa op\u00e1\u0161e, posad\u00ed ich a prist\u00fapiac, bude im posluhova\u0165. (38) A keby pri\u0161iel o druhej str\u00e1\u017ei* alebo o tretej a n\u00e1jde ich bdie\u0165, blahoslaven\u00ed s\u00fa. (39) Uvedomte si: keby hospod\u00e1r vedel, v ktor\u00fa hodinu pr\u00edde zlodej, iste by bdel a nedal by sa mu vl\u00e1ma\u0165 do domu. (40) Aj vy bu\u010fte pripraven\u00ed; lebo Syn \u010dloveka pr\u00edde v hodinu, o ktorej sa nenazd\u00e1te. \u201c Amen<\/em><\/p>\n\n\n\n<ul class=\"wp-block-list\"><li><em>Druh\u00e1 st\u00e1\u017e: od 9.do 12., tretia od 12.do 3.hodiny v noci.<\/em><\/li><\/ul>\n\n\n\n<p><em>&nbsp; &nbsp; <\/em>Bratia a sestry v P\u00e1novi!<\/p>\n\n\n\n<p>&nbsp;&nbsp; &nbsp; Kres\u0165ansk\u00e1 cirkev o Je\u017ei\u0161ovi Kristovi vyzn\u00e1va:<em> \u201dOdtia\u013e pr\u00edde s\u00fadi\u0165 \u017eiv\u00fdch i m\u0155tvych\u201d. <\/em>Preto cirkev \u010dak\u00e1 na na svojho P\u00e1na a modl\u00ed sa: <em>\u201cPr\u00ed\u010f, Pane Je\u017ei\u0161i!\u201d (Maranatha!) <\/em>Spolieha sa na milos\u0165 svojho P\u00e1na, ale s\u00fa\u010dasne sa na Jeho pr\u00edchod zodpovedne pripravuje. Pr\u00edslovie hovor\u00ed: <em>\u201dKto je pripraven\u00fd, nie je ohrozen\u00fd!\u201d <\/em>To plat\u00ed v\u0161ade a na ka\u017edom mieste. Vedia o tom svoje po\u017eiarnici, z\u00e1chran\u00e1ri, vojaci, ale aj robotn\u00edci, ktor\u00ed maj\u00fa vykon\u00e1va\u0165 nejak\u00fa odborn\u00fa pr\u00e1cu a profesiu. Vedia o tom u\u017e \u017eiaci a \u0161tudenti, ktor\u00ed sa pripravuj\u00fa na sk\u00fa\u0161ky. Pr\u00edslovie plat\u00ed aj pre cest\u00e1rov, ktor\u00ed sa pripravuj\u00fa na zimn\u00e9 obdobie. Ich pripravenos\u0165 prever\u00ed u\u017e prv\u00e1 n\u00e1dielka snehu.&nbsp;<\/p>\n\n\n\n<p>&nbsp; &nbsp; &nbsp; V \u010dom spo\u010d\u00edva dobr\u00e1 a zodpovedn\u00e1 pr\u00edprava v pr\u00e1cach a povolaniach? &#8211; V zodpovednom konan\u00ed ka\u017edodenn\u00fdch povinnost\u00ed. Plat\u00ed to aj v na\u0161om kres\u0165anskom povolan\u00ed? Ako sa na m\u00e1me pripravova\u0165 na Je\u017ei\u0161ov pr\u00edchod? Ako sa na\u0148 pripravova\u0165 \u010do najlep\u0161ie? Pri Jeho pr\u00edchode m\u00f4\u017eeme by\u0165 pozvan\u00ed k \u00fa\u010dasti na ve\u010dnej radosti, alebo m\u00f4\u017eeme by\u0165 ods\u00faden\u00ed na ve\u010dn\u00fa samotu.&nbsp;<\/p>\n\n\n\n<p>My t\u00fa\u017eime po spolo\u010denstve s N\u00edm, po naplnen\u00ed n\u00e1deje, \u017ee <em>\u201cspolu s P\u00e1nom budeme\u201d. <\/em>V \u010dom teda spo\u010d\u00edva teraj\u0161ia pr\u00edprava?<\/p>\n\n\n\n<p>&nbsp; &nbsp; Evanjelista Luk\u00e1\u0161 n\u00e1m zaznamenal odpove\u010f na na\u0161e ot\u00e1zky priamo P\u00e1nov\u00fdmi slovami: <em>\u201cMajte bedr\u00e1 op\u00e1san\u00e9 a sviece horiace a bu\u010fte podobn\u00ed \u013eu\u010fom, ktor\u00ed si o\u010dak\u00e1vaj\u00fa p\u00e1na, kedy sa vr\u00e1ti zo svadby, aby mu hne\u010f otvorili, len \u010do pr\u00edde a zaklope\u201d. <\/em>\u010co m\u00e1me rozumie\u0165 pod po\u017eiadavkou ma\u0165 <em>\u201cop\u00e1san\u00e9 bedr\u00e1\u201d <\/em>a <em>\u201csviece horiace\u201d?&nbsp;<\/em><\/p>\n\n\n\n<p><em>&nbsp;&nbsp;<\/em> &nbsp; &nbsp; Ako kres\u0165ania m\u00e1me v\u0161etci okrem pracovn\u00fdch, alebo \u0161tudijn\u00fdch povinnost\u00ed jednu d\u00f4le\u017eit\u00fa \u00falohu, alebo povinnos\u0165 naviac. Je to povinnos\u0165 zvestova\u0165 Bo\u017eie slovo: vhod &#8211; nevhod. Povinnos\u0165 prin\u00e1\u0161a\u0165 evanjelium do tohoto sveta. Pre apo\u0161tolov a ich nasledovn\u00edkov v \u00farade to bola ich prvorad\u00e1 \u00faloha, ale t\u00fdka sa aj v\u0161etk\u00fdch dospel\u00fdch pokrsten\u00fdch kres\u0165anov, cel\u00e9ho v\u0161eobecn\u00e9ho k\u0148aztva.&nbsp;<\/p>\n\n\n\n<p>&nbsp; &nbsp; &nbsp; Op\u00e1san\u00e9 bedr\u00e1, alebo podkasan\u00e9 r\u00facho, znamen\u00e1: by\u0165 pripraven\u00fd na cestu, pripraven\u00fd k ch\u00f4dzi, alebo k pr\u00e1ci, pri ktorej by dlh\u00e9 r\u00facho prek\u00e1\u017ealo. Jedn\u00fdm umo\u0148uje r\u00fdchlu ch\u00f4dzu, druh\u00fdm v\u00fdkon ich povolania a obom skupin\u00e1m plnenie povinnost\u00ed alebo poverenia. Pokia\u013e ide o \u201cciviln\u00e9 povolanie\u201d, P\u00e1n Je\u017ei\u0161 m\u00e1 na mysli jeho zodpovedn\u00e9 a ochotn\u00e9 vykon\u00e1vanie, aby bolo slu\u017ebou pre na\u0161ich bl\u00ed\u017enych. Na inom mieste hovor\u00ed P\u00e1n Je\u017ei\u0161 o nevernom, nezodpovednom a panova\u010dnom slu\u017eobn\u00edkovi, ktor\u00fd si nepln\u00ed povinnosti a okr\u00e1da svojich bl\u00ed\u017enych. O takomto hovor\u00ed ako o zlom sluhovi ktor\u00fd bude zavrhnut\u00fd (Mt 24, 48-49). Podobne spom\u00edna aj nespravodliv\u00e9ho \u0161af\u00e1ra, ktor\u00e9mu bude jeho \u0161af\u00e1rstvo od\u0148at\u00e9, ale aj sudcu, ktor\u00fd <em>\u201csa Boha neb\u00e1l a \u013eud\u00ed nehanbil\u201d <\/em>a preto nekonal zodpovedne svoje poverenie. Obaja s\u00fa pr\u00edklady zl\u00e9ho a nezodpovedn\u00e9ho konania, ktor\u00e9 nazna\u010duje, \u017ee so s\u00fadom nad sebou v\u00e1\u017ene nepo\u010d\u00edtali.<\/p>\n\n\n\n<p>&nbsp; &nbsp; S t\u00fdmto prv\u00fdm znakom v\u00e1\u017eneho o\u010dak\u00e1vania na pr\u00edchod a s\u00fad P\u00e1na, ktor\u00fd vyslov\u00ed nad v\u0161etk\u00fdmi, s\u00favis\u00ed aj druh\u00fd obraz zodpovedn\u00e9ho konania. \u010clovek, ktor\u00fd m\u00e1 <em>\u201csviecu horiacu\u201d<\/em>, je \u010dlovekom, ktor\u00fd \u017eije vo viere a poslu\u0161nosti oproti P\u00e1nu Bohu a&nbsp; &nbsp; &nbsp; preto je jeho \u017eivot aj \u017eivotom pre in\u00fdch, toti\u017e pre bl\u00ed\u017enych.<em>\u201dTak svie\u0165 va\u0161e svetlo pred \u013eu\u010fmi, aby videli va\u0161e dobr\u00e9 skutky a velebili tak v\u00e1\u0161ho Otca, ktor\u00fd je v nebesiach\u201d.<\/em> \u017diadna z na\u0161ich \u00faloh a povinnost\u00ed nem\u00e1 by\u0165 zabudnut\u00e1, obch\u00e1dzan\u00e1, alebo podce\u0148ovan\u00e1. Slu\u017eba v pr\u00e1cach povolania, ale aj slu\u017eba sejby a \u0161\u00edrenia svetla evanjelia je Bo\u017e\u00edm poveren\u00edm, ktor\u00e9 sme prijali od n\u00e1\u0161ho nebesk\u00e9ho Otca. Preto aj na\u0161a ob\u013e\u00faben\u00e1 n\u00e1bo\u017en\u00e1 piese\u0148 vyz\u00fdva nielen deti, ale aj n\u00e1s dospel\u00fdch:<em> \u201dU\u010di\u0148 ma Bo\u017ee svetielkom, ktor\u00e9 by jasn\u00fdm plamienkom, \u017eiarilo v\u00f4kol do tmy r\u00ed\u0161, kam Ty ho svieti\u0165 postavi\u0161\u201d. (ESP 646, 1)<\/em><\/p>\n\n\n\n<p><em>&nbsp; &nbsp;<\/em> Bratia a sestry!<\/p>\n\n\n\n<p>&nbsp;&nbsp; &nbsp; \u010casto si niektor\u00ed kres\u0165ania, alebo skupiny kres\u0165anov myslia, \u017ee \u010dakanie na P\u00e1nov pr\u00edhod, ke\u010f<em> \u201cpr\u00edde a zaklope\u201d, <\/em>je a m\u00e1 ak\u00fdsi mimoriadny, alebo zvl\u00e1\u0161tny stav, do ktor\u00e9ho sa m\u00e1 dosta\u0165, alebo uvies\u0165 \u010dlovek \u010dakaj\u00faci. Stav, bl\u00edzky mo\u017eno a\u017e extatick\u00e9mu vytr\u017eeniu, alebo hrani\u010diacemu s duchovn\u00fdm vytr\u017een\u00edm, pri ktorom \u010dlovek prestane kona\u0165 svoje z\u00e1kladn\u00e9 \u00falohy a povinnosti ka\u017edodenn\u00e9ho \u017eivota. U\u017e v ranom kres\u0165anstve sa vyskytli tak\u00e9 skupiny kres\u0165anov, ktor\u00ed zanech\u00e1vali pr\u00e1cu a zanedb\u00e1vali svoje ka\u017edodenn\u00e9 povinnosti v domnen\u00ed, \u017ee P\u00e1n u\u017e &#8211; u\u017e prich\u00e1dza. Apo\u0161tol Pavel tak\u00fdch kres\u0165anov poznal a napom\u00ednal. Boli v\u0161ak aj in\u00ed, ktor\u00ed zanedb\u00e1vali pr\u00e1cu a po\u010d\u00ednali si nezodpovedne a upadali do extr\u00e9mnych pohansk\u00fdch hriechov, v duchu epikurejsk\u00e9ho hesla: <em>\u201cCarpe diem\u201d- \u201cvyu\u017ei de\u0148\u201d<\/em>, v spojen\u00ed s falo\u0161n\u00fdm ch\u00e1pan\u00edm slobody, v zmysle v\u00fdroku: <em>\u201c V\u0161etko je dovolen\u00e9.<\/em>\u201d V ranom stredoveku sa objavuje aj in\u00fd trend, ke\u010f niektor\u00ed kres\u0165ania odch\u00e1dzali do kl\u00e1\u0161torov, h\u013eadaj\u00fac \u201ckres\u0165ansk\u00fa dokonalos\u0165\u201d v spleti r\u00f4znych reg\u00fal, ktor\u00fdch plnenie ch\u00e1pali z\u00e1konn\u00edcky, ako z\u00e1slu\u017enos\u0165 pred P\u00e1nom Bohom. Mnoh\u00ed opustili rodinn\u00fd i spolo\u010densk\u00fd \u017eivot s cie\u013eom venova\u0165 sa zasv\u00e4ten\u00e9mu \u017eivotu v duchu slov: \u201cmodli sa a pracuj\u201d. V mnoh\u00fdch pr\u00edpadoch i\u0161lo o \u017eivot spojen\u00fd s odriekan\u00edm, medit\u00e1ciami alebo \u017eobran\u00edm. \u010casto sa mn\u00ed\u0161sky \u017eivot sp\u00e1jal s odsudzovan\u00edm man\u017eelstva a man\u017eelsk\u00e9ho \u017eivota.<\/p>\n\n\n\n<p>&nbsp;&nbsp; &nbsp; &nbsp; V\u0161etky tieto sp\u00f4soby sa objavuj\u00fa v cirkvi dodnes. Flagelantov, kres\u0165anov, ktor\u00ed si do krvi bi\u010dovali telo, aby odstr\u00e1nili z neho v\u0161etky \u201czl\u00e9 \u017eiadosti\u201d dnes s\u00edce u\u017e nestret\u00e1me, ale po\u010dujeme o \u0161\u00edren\u00ed tzv.\u201dkanadsk\u00e9ho, alebo torontsk\u00e9ho po\u017eehnania\u201d, ako, vraj, daru Ducha Sv\u00e4t\u00e9ho, ktor\u00fd sa prejavuje padan\u00edm na zem, na chrb\u00e1t, siln\u00fdmi v\u00fdkrikmi a vyd\u00e1van\u00edm neraz aj zvierac\u00edm zvukov. To v\u0161etko je \u00fadajne prejav \u201cvy\u0161\u0161ej duchovnosti\u201d. \u017dia\u013e, mnoh\u00ed tak\u00fdmto a podobn\u00fdm extr\u00e9mom podliehaj\u00fa a skuto\u010dne ich pova\u017euj\u00fa za prejavy p\u00f4sobenia Ducha Sv\u00e4t\u00e9ho.<\/p>\n\n\n\n<p>&nbsp;&nbsp; &nbsp; V na\u0161ej evanjelickej cirkvi sa uplat\u0148ovala a prejavovala sk\u00f4r vyv\u00e1\u017eenos\u0165 v zmysle hesla: modli sa a pracuj\u2026! Priam klasickou odpove\u010fou je a zost\u00e1va v\u00fdrok Martina Luthera, ktor\u00fd na ot\u00e1zku, \u010do by urobil, keby vedel, \u017ee zajtra pr\u00edde s\u00fadny, \u010di\u017ee posledn\u00fd de\u0148, odpovedal s celou v\u00e1\u017enos\u0165ou: <em>\u201dZasadil by som jablo\u0148ku!\u201d<\/em><\/p>\n\n\n\n<p>T\u00fdm dal jasne najavo, \u017ee najd\u00f4le\u017eitej\u0161\u00ed de\u0148 pre \u010dloveka je de\u0148 dne\u0161n\u00fd! Dne\u0161ok, ke\u010f m\u00f4\u017eeme prejavi\u0165 l\u00e1sku a slu\u017ebu k bl\u00ed\u017enemu a vieru a n\u00e1dej vo\u010di prich\u00e1dzaj\u00facemu P\u00e1novi.<\/p>\n\n\n\n<p>&nbsp; &nbsp; Bratia a sestry!<\/p>\n\n\n\n<p>&nbsp; &nbsp; &nbsp; P\u00e1n Je\u017ei\u0161 n\u00e1m kladie pred o\u010di e\u0161te jeden obraz v slov\u00e1ch upozor\u0148uj\u00facich na Jeho pr\u00edchod. On hovor\u00ed, \u017ee tento de\u0148<em> \u201cpr\u00edde ako zlodej v noci\u201d<\/em>. \u010co tento obraz znamen\u00e1? Znamen\u00e1 to, \u017ee On pr\u00edde ne\u010dakane. Jeho pr\u00edchod preto nemo\u017eno vypo\u010d\u00edta\u0165, ale m\u00e1me s n\u00edm v\u00e1\u017ene po\u010d\u00edta\u0165. Sekta svedkov Jehovov\u00fdch sa vyzna\u010duje t\u00fdm, \u017ee znova a znova vypo\u010d\u00edtava a hl\u00e1sa d\u00e1tum P\u00e1novho pr\u00edchodu. Samozrejme, v\u017edy je to v\u00fdpo\u010det chybn\u00fd a nespr\u00e1vny. <em>\u201cO tom dni nikto nevie\u201d <\/em>&#8211; hovor\u00ed P\u00edsmo a my sa nem\u00e1me stava\u0165 nad slovo Bo\u017eie, ale mu d\u00f4verova\u0165.<\/p>\n\n\n\n<p>&nbsp; &nbsp; Bratia a sestry v P\u00e1novi!<\/p>\n\n\n\n<p>&nbsp;&nbsp; Druh\u00fd pr\u00edchod Krista P\u00e1na m\u00e1me teda o\u010dak\u00e1va\u0165, m\u00e1me by\u0165 na\u0148 pripraven\u00ed, \u017eij\u00fac zodpovedne pred P\u00e1nom i \u013eu\u010fmi. My sami zo seba nem\u00f4\u017ee ni\u010d urobi\u0165 pre na\u0161e spasenie &#8211; ale m\u00e1me pevne veri\u0165, \u017ee&nbsp; v\u0161etko potrebn\u00e9 pre\u0148 vykonal n\u00e1\u0161 P\u00e1n. Jemu m\u00e1me d\u00f4verova\u0165 a s plnou d\u00f4verou Ho o\u010dak\u00e1va\u0165. A to aj vtedy, ke\u010f po\u010dujeme v s\u00favise s posledn\u00fdm d\u0148om o <em>\u201cs\u00fade \u017eiv\u00fdch i m\u0155tvych<\/em>\u201d, teda v\u0161etk\u00fdch \u013eud\u00ed. T\u00e1to zves\u0165 je v\u00e1\u017ena a napom\u00ednaj\u00faca, ale pre veriacich v Je\u017ei\u0161a, nie je to zves\u0165 zastra\u0161uj\u00faca!<\/p>\n\n\n\n<p>&nbsp;&nbsp; &nbsp; V P\u00e1novi Je\u017ei\u0161ovi \u201cSvetlo pri\u0161lo na svet\u201d. On pozn\u00e1 zm\u00fd\u0161\u013eanie i skutky ka\u017ed\u00e9ho \u010dloveka. S Jeho pr\u00edchodom sa s\u00fad nad svetom, hriechom, smr\u0165ou i diablom u\u017e za\u010dal. Nezabudnime ani na apo\u0161tolsk\u00e9 slovo, ktor\u00e9 pripom\u00edna, \u017ee <em>\u201cJeho s\u00fad za\u010d\u00edna od domu Bo\u017eieho<\/em>\u201d, teda od cirkvi. Cirkev nie je vy\u0148at\u00e1 spod s\u00fadu svojho P\u00e1na a je a bude s\u00faden\u00e1 tak, ako ka\u017ed\u00fd \u010dlovek. Do tejto situ\u00e1cie Je\u017ei\u0161 hovor\u00ed:<em>\u201d Kto never\u00ed vo m\u0148a &#8211; u\u017e je ods\u00faden\u00fd\u201d<\/em>. Ale suma evanjelia nad to pripom\u00edna: <em>\u201c Tak Boh miloval svet, \u017ee svojho jednorodenho Syna dal, aby nik kto ver\u00ed v Neho nezahynul, ale mal \u017eivot ve\u010dn\u00fd\u201d.&nbsp;<\/em><\/p>\n\n\n\n<p><em>&nbsp; &nbsp; <\/em>Preto t\u00e1najlep\u0161ia pr\u00edprava na P\u00e1nov pr\u00edchod je prosba o dar viery v Bo\u017eiu milos\u0165, ktor\u00fa n\u00e1m Otec pon\u00fakol v Synovi, P\u00e1novi Je\u017ei\u0161ovi. \u017dime z Jeho evanjelia u\u017e dnes a nebudeme zahanben\u00ed. Bo\u017eia l\u00e1ska nikoho nen\u00fati veri\u0165. Preto je l\u00e1skou trpiacou, ktor\u00e1 v\u0161etko zn\u00e1\u0161a a v\u0161etko pretrp\u00ed, aj na\u0161e odmietanie, alebo neveru v P\u00e1na. Na druhej strane tam, kde je prijatie Bo\u017eej l\u00e1sky a milosti v Je\u017ei\u0161ovi, tam plat\u00ed to ve\u013ek\u00e9 a radostn\u00e9 zas\u013e\u00fabenie, o ktorom po\u010dujeme aj v s\u00favise s druh\u00fdm pr\u00edchdom P\u00e1na:<em> \u201cAmen, hovor\u00edm v\u00e1m, \u017ee sa op\u00e1\u0161e, posad\u00ed ich a prist\u00fapiac, bude im posluhova\u0165\u201d.&nbsp;<\/em><\/p>\n\n\n\n<p>&nbsp; &nbsp; &nbsp; On n\u00e1m sl\u00fa\u017ei u\u017e dnes svoj\u00edm slovom a sviatos\u0165ami. Bu\u010fme a zosta\u0148me preto veriacim \u013eudom a Jeho nasledovn\u00edkmi. Konajme to, \u010do pozn\u00e1me ako v\u00f4\u013eu Bo\u017eiu a P\u00e1novu a nemus\u00edme sa s\u00fadu b\u00e1\u0165, ani \u013eaka\u0165. Najm\u00e4 v\u0161ak zachovajme ten najd\u00f4le\u017eitej\u0161\u00ed vz\u0165ah k Nemu, o ktorom povedal:<em> \u201cAle ke\u010f pr\u00edde Syn \u010dloveka, \u010di n\u00e1jde vieru na zemi?\u201d<\/em> &#8211; Ak ju n\u00e1jde pri n\u00e1s &#8211; budeme blahoslaven\u00ed. A tak\u00fdmi sa smieme c\u00edti\u0165 u\u017e dnes, ke\u010f \u017eijeme vo viere, n\u00e1deji a l\u00e1ske v&nbsp; Neho, P\u00e1na p\u00e1nov a Kr\u00e1\u013ea kr\u00e1\u013eov. Amen<\/p>\n\n\n\n<p>&nbsp; &nbsp; &nbsp; Koniec cirkevn\u00e9ho roka &#8211; Nede\u013ea ve\u010dnosti 1995 &#8211; Soboti\u0161te, \u013dubom\u00edr Batka st.<\/p>\n","protected":false},"excerpt":{"rendered":"<p>&nbsp;&nbsp; &nbsp; &nbsp; &nbsp; Majte bedr\u00e1 op\u00e1san\u00e9 a sviece horiace!\u2026 Zdvihni n\u00e1s slovom, popraj du\u0161i silu, ke\u010f pom\u00fd\u0161\u013eame na posledn\u00fa chv\u00ed\u013eu, ktor\u00fa len Ty zn\u00e1\u0161! Daj i toho ducha, \u010do smr\u0165 prekon\u00e1va, nech v n\u00e1s sa zjav\u00ed Tvoja moc a sl\u00e1va! Amen (M.R.) Lk 12, 35 &#8211; 40: \u201c Majte bedr\u00e1 op\u00e1san\u00e9 a sviece horiace &#8230; <a title=\"My\u0161lienky na z\u00e1ver cirkevn\u00e9ho roku\" class=\"read-more\" href=\"https:\/\/www.e-anjelik.sk\/index.php\/2019\/11\/26\/myslienky-na-zaver-cirkevneho-roku\/\" aria-label=\"Pre\u010d\u00edtajte si viac o My\u0161lienky na z\u00e1ver cirkevn\u00e9ho roku\">\u010c\u00edta\u0165 viac<\/a><\/p>\n","protected":false},"author":4,"featured_media":0,"comment_status":"open","ping_status":"open","sticky":false,"template":"","format":"standard","meta":{"footnotes":""},"categories":[90,121,95],"tags":[],"class_list":["post-33021","post","type-post","status-publish","format-standard","hentry","category-cirkevny-rok","category-kazne","category-sobotiste"],"_links":{"self":[{"href":"https:\/\/www.e-anjelik.sk\/index.php\/wp-json\/wp\/v2\/posts\/33021","targetHints":{"allow":["GET"]}}],"collection":[{"href":"https:\/\/www.e-anjelik.sk\/index.php\/wp-json\/wp\/v2\/posts"}],"about":[{"href":"https:\/\/www.e-anjelik.sk\/index.php\/wp-json\/wp\/v2\/types\/post"}],"author":[{"embeddable":true,"href":"https:\/\/www.e-anjelik.sk\/index.php\/wp-json\/wp\/v2\/users\/4"}],"replies":[{"embeddable":true,"href":"https:\/\/www.e-anjelik.sk\/index.php\/wp-json\/wp\/v2\/comments?post=33021"}],"version-history":[{"count":1,"href":"https:\/\/www.e-anjelik.sk\/index.php\/wp-json\/wp\/v2\/posts\/33021\/revisions"}],"predecessor-version":[{"id":33022,"href":"https:\/\/www.e-anjelik.sk\/index.php\/wp-json\/wp\/v2\/posts\/33021\/revisions\/33022"}],"wp:attachment":[{"href":"https:\/\/www.e-anjelik.sk\/index.php\/wp-json\/wp\/v2\/media?parent=33021"}],"wp:term":[{"taxonomy":"category","embeddable":true,"href":"https:\/\/www.e-anjelik.sk\/index.php\/wp-json\/wp\/v2\/categories?post=33021"},{"taxonomy":"post_tag","embeddable":true,"href":"https:\/\/www.e-anjelik.sk\/index.php\/wp-json\/wp\/v2\/tags?post=33021"}],"curies":[{"name":"wp","href":"https:\/\/api.w.org\/{rel}","templated":true}]}}