{"id":33041,"date":"2019-11-30T19:38:08","date_gmt":"2019-11-30T18:38:08","guid":{"rendered":"http:\/\/e-anjelik.sk\/?p=33041"},"modified":"2019-11-30T19:38:08","modified_gmt":"2019-11-30T18:38:08","slug":"vincent-blazko-adventna-prosba","status":"publish","type":"post","link":"https:\/\/www.e-anjelik.sk\/index.php\/2019\/11\/30\/vincent-blazko-adventna-prosba\/","title":{"rendered":"Vincent Bla\u017eko &#8211; Adventn\u00e1 prosba"},"content":{"rendered":"\n<p>U\u017e prv\u00e9 svetlo za\u017ealo sa<br> a klonia sa ku n\u00e1m nebes\u00e1.<br> Pr\u00ed\u010f, Kriste, svetlo sveta,<br> ve\u010f na zemi vl\u00e1dne mr\u00e1kota.<\/p>\n\n\n\n<p>Tak v piesni vol\u00e1me k\u00a0Tebe<br> a na\u0161e vzdychy prosebn\u00e9<br> prer\u00e1\u017eaj\u00fa nebesk\u00fa klenbu,<br> aby si od\u0148al Kainovsk\u00fa kliatbu.<\/p>\n\n\n\n<p>Pr\u00ed\u010f, Pane, bo\u013eav\u00e1 zem \u0164a vol\u00e1,<br>\nve\u010f, kto pr\u00edkoria a mraky zdol\u00e1,<br>\nak nie Ty, vyt\u00fa\u017een\u00fd Mesi\u00e1\u0161,<br>\nTy ve\u010dn\u00fd Radca a Z\u00e1chranca n\u00e1\u0161!<\/p>\n\n\n\n<p>Pr\u00ed\u010f ku n\u00e1m, Tvoj \u013eud \u0164a \u010dak\u00e1,<br> ve\u010f zvodcov a diabla sa \u013eak\u00e1,<br> pr\u00ed\u010f a prines l\u00e1sku z neba,<br> ve\u010f je potrebn\u00e1 ako krajec chleba.<\/p>\n\n\n\n<p>Pr\u00ed\u010f, Pane, Betlehem je v\u0161ade,<br> nech \u017eivot \u013eudsk\u00fd ne\u013epie na n\u00e1hode,<br> ale v Tebe m\u00e1 svoj ve\u010dn\u00fd cie\u013e,<br> ve\u010f Ty si Bar\u00e1nok a Spasite\u013e.<\/p>\n\n\n\n<p> Pr\u00ed\u010f, Pane, pr\u00ed\u010f, L\u00e1skav\u00fd, k n\u00e1m,<br> do na\u0161ej cirkvi, k na\u0161im rodin\u00e1m. Amen.<\/p>\n","protected":false},"excerpt":{"rendered":"<p>U\u017e prv\u00e9 svetlo za\u017ealo sa a klonia sa ku n\u00e1m nebes\u00e1. Pr\u00ed\u010f, Kriste, svetlo sveta, ve\u010f na zemi vl\u00e1dne mr\u00e1kota. Tak v piesni vol\u00e1me k\u00a0Tebe a na\u0161e vzdychy prosebn\u00e9 prer\u00e1\u017eaj\u00fa nebesk\u00fa klenbu, aby si od\u0148al Kainovsk\u00fa kliatbu. Pr\u00ed\u010f, Pane, bo\u013eav\u00e1 zem \u0164a vol\u00e1, ve\u010f, kto pr\u00edkoria a mraky zdol\u00e1, ak nie Ty, vyt\u00fa\u017een\u00fd Mesi\u00e1\u0161, Ty &#8230; <a title=\"Vincent Bla\u017eko &#8211; Adventn\u00e1 prosba\" class=\"read-more\" href=\"https:\/\/www.e-anjelik.sk\/index.php\/2019\/11\/30\/vincent-blazko-adventna-prosba\/\" aria-label=\"Pre\u010d\u00edtajte si viac o Vincent Bla\u017eko &#8211; Adventn\u00e1 prosba\">\u010c\u00edta\u0165 viac<\/a><\/p>\n","protected":false},"author":3,"featured_media":0,"comment_status":"open","ping_status":"open","sticky":false,"template":"","format":"standard","meta":{"footnotes":""},"categories":[179],"tags":[],"class_list":["post-33041","post","type-post","status-publish","format-standard","hentry","category-advent"],"_links":{"self":[{"href":"https:\/\/www.e-anjelik.sk\/index.php\/wp-json\/wp\/v2\/posts\/33041","targetHints":{"allow":["GET"]}}],"collection":[{"href":"https:\/\/www.e-anjelik.sk\/index.php\/wp-json\/wp\/v2\/posts"}],"about":[{"href":"https:\/\/www.e-anjelik.sk\/index.php\/wp-json\/wp\/v2\/types\/post"}],"author":[{"embeddable":true,"href":"https:\/\/www.e-anjelik.sk\/index.php\/wp-json\/wp\/v2\/users\/3"}],"replies":[{"embeddable":true,"href":"https:\/\/www.e-anjelik.sk\/index.php\/wp-json\/wp\/v2\/comments?post=33041"}],"version-history":[{"count":4,"href":"https:\/\/www.e-anjelik.sk\/index.php\/wp-json\/wp\/v2\/posts\/33041\/revisions"}],"predecessor-version":[{"id":33045,"href":"https:\/\/www.e-anjelik.sk\/index.php\/wp-json\/wp\/v2\/posts\/33041\/revisions\/33045"}],"wp:attachment":[{"href":"https:\/\/www.e-anjelik.sk\/index.php\/wp-json\/wp\/v2\/media?parent=33041"}],"wp:term":[{"taxonomy":"category","embeddable":true,"href":"https:\/\/www.e-anjelik.sk\/index.php\/wp-json\/wp\/v2\/categories?post=33041"},{"taxonomy":"post_tag","embeddable":true,"href":"https:\/\/www.e-anjelik.sk\/index.php\/wp-json\/wp\/v2\/tags?post=33041"}],"curies":[{"name":"wp","href":"https:\/\/api.w.org\/{rel}","templated":true}]}}