{"id":33048,"date":"2019-11-30T22:51:24","date_gmt":"2019-11-30T20:51:24","guid":{"rendered":"http:\/\/e-anjelik.sk\/?p=33048"},"modified":"2019-12-01T12:19:28","modified_gmt":"2019-12-01T11:19:28","slug":"advent-dar-milosti","status":"publish","type":"post","link":"https:\/\/www.e-anjelik.sk\/index.php\/2019\/11\/30\/advent-dar-milosti\/","title":{"rendered":"Advent &#8211; dar milosti"},"content":{"rendered":"\n<p>&nbsp;&nbsp; <strong>&nbsp; Advent &#8211; dar milosti &nbsp; &nbsp; &nbsp; &nbsp;<\/strong> &nbsp; &nbsp; &nbsp; &nbsp; &nbsp; &nbsp; &nbsp; &nbsp; &nbsp; &nbsp; &nbsp; &nbsp; &nbsp; &nbsp; &nbsp; &nbsp; &nbsp; &nbsp; &nbsp; &nbsp; &nbsp; &nbsp;<\/p>\n\n\n\n<p>Modlitba:&nbsp; &nbsp; &nbsp;<\/p>\n\n\n\n<p>&nbsp; &nbsp; &nbsp; Hospodine, nebesk\u00fd Ot\u010de, V\u0161emoh\u00fai n\u00e1\u0161 Bo\u017ee, oslavujeme \u0164a <strong>na po\u010diatku tohoto nov\u00e9ho cirkevn\u00e9ho roku<\/strong>, ako n\u00e1\u0161ho Stvorit\u013ea a l\u00e1skv\u00e9ho Otca. Oslavujeme \u017da srdene ako n\u00e1\u0161ho Vykupite\u013ea a Spasite\u013ea, ktor\u00fd si v Synovi, P\u00e1novi Je\u017ei\u0161ovi pri\u0161iel do na\u0161ej pominute\u013enosti, aby si n\u00e1s urobil nebe\u0161\u0165anmi.<\/p>\n\n\n\n<p>&nbsp;&nbsp; Oslavujeme \u0164a Bo\u017ee, ako \u017eehnaj\u00faceho Ducha, ktor\u00fd n\u00e1m d\u00e1va\u0161 pozn\u00e1va\u0165 svoju pr\u00edtomnos\u0165 v zvestovanom slove a v sviatostiach a obohacuje\u0161 n\u00e1s najm\u00e4 darom l\u00e1sky z v\u00fdsosti.<\/p>\n\n\n\n<p>&nbsp;&nbsp; Pros\u00edme, aby na\u0161e spolo\u010dn\u00e9 o\u010dak\u00e1vanie l\u00e1sky &#8211; mal\u00fdch i ve\u013ek\u00fdch, mlad\u00fdch i star\u00fdch &#8211; bolo naplnen\u00e9 a obohatilo n\u00e1\u0161 \u017eivot u\u017e tu \u010dasne, raz potom dokonale vo ve\u010dnosti. Amen (\u013dB)<\/p>\n\n\n\n<p><strong>1 K 1, 4 &#8211; 9:<\/strong><\/p>\n\n\n\n<p><em>\u201cNeprestajne \u010fakujem Bohu za v\u00e1s, za Bo\u017eiu milos\u0165, ktorej sa v\u00e1m dostalo v Kristu Je\u017ei\u0161i, (5) \u017ee ste v \u0147om boli obohaten\u00ed v\u0161etk\u00fdm, ka\u017ed\u00fdm slovom a v\u0161etkou zn\u00e1mos\u0165ou, (6) len \u010do sa utvrdilo medzi vami svedectvo o Kristu, (7) tak\u017ee nem\u00e1te nedostatku v nijakom dare milosti, o\u010dak\u00e1vaj\u00fac zjavenie sa n\u00e1\u0161ho P\u00e1na Je\u017ei\u0161a Krista. (8) On v\u00e1s aj utvrdil a\u017e do konca, ab ste boli bez \u00fahony v de\u0148 n\u00e1\u0161ho P\u00e1na Je\u017ei\u0161a Krista. (9) Vern\u00fd je Boh, ktor\u00fd v\u00e1s povolal do spolo\u010denstva svojho Syna Je\u017ei\u0161a Krista, n\u00e1\u0161ho P\u00e1na\u201d. Amen&nbsp;<\/em><\/p>\n\n\n\n<p><em>&nbsp;&nbsp; &nbsp; <\/em>&nbsp; &nbsp; Na dary milosti Bo\u017eej o\u010dak\u00e1vaj\u00faci bratia a sestry!<\/p>\n\n\n\n<p>&nbsp; &nbsp; S adventom a n\u00e1sledn\u00fdmi Vianocami je to tak, ako s chlebom. Chlieb sa nikdy nepreje. Je v\u017edy vz\u00e1cnym darom. Je v\u017edy vo\u0148av\u00fd,&nbsp; chutn\u00fd a prepotrebn\u00fd. Ani advent a prich\u00e1dzaj\u00face viano\u010dn\u00e9 sviatky sa n\u00e1m, ktor\u00ed sme ich raz \u201cochutnali\u201d a skuto\u010dne hlboko pre\u017eili a prec\u00edtili &#8211; nikdy \u201cneprejedia\u201d a nezunuj\u00fa. Nedovolia, aby sme sa stali \u013eu\u010fmi, ktor\u00ed podliehaj\u00fa rezign\u00e1cii na dobro a l\u00e1sku, nenech\u00e1vaj\u00fa n\u00e1s v sm\u00fatku, v nel\u00e1ske a v citovom chlade. Chladn\u00fdmi n\u00e1s nenech\u00e1va u\u017e advetn\u00fd \u010das, lebo vieme: Ak\u00fd advent &#8211; tak\u00e9 Vianoce!<\/p>\n\n\n\n<p>U\u017e v advente, v dobe pr\u00edpravy, akoby nami prebehla zvl\u00e1\u0161tna iskra, ktor\u00e1 n\u00e1s zob\u00fadza a uv\u00e1dza do pohybu. Napriek v\u0161elijak\u00fdm starostiam, sklamaniam i tr\u00e1peniam, st\u00e1vame sa \u013eu\u010fmi nov\u00e9ho o\u010dak\u00e1vania a n\u00e1deje. Mo\u017eno to niekomu, kto \u017eije mimo cirkvi pripad\u00e1 tak, \u017ee my kres\u0165ania sme \u201cnenapravite\u013en\u00ed optimisti\u201d, ke\u010f s apo\u0161tolom aj my <em>neprestajne \u010fakujeme za Bo\u017eiu milos\u0165, ktorej sa n\u00e1m dostalo v Kristu Je\u017ei\u0161i, lebo v \u0148om sme boli obohaten\u00ed ve\u013ek\u00fdmi darmi.<\/em> Ka\u017ed\u00fd nov\u00fd advent je pripomenut\u00edm pravdy, \u017ee P\u00e1n Boh m\u00e1 pre n\u00e1s viac ako rozdal. Viac dobr\u00fdch darov, ako sme a\u017e doteraz prijali. On skuto\u010dne chce, aby sme v\u017edy nanovo boli obohaten\u00ed v\u0161etk\u00fdm &#8211; ka\u017ed\u00fdm slovom, ktor\u00e9 vych\u00e1dza z Jeho \u00fast a z Jeho srdca. Je to slovo milosti. Je novou a novou \u201czn\u00e1mos\u0165ou\u201d, \u010di\u017ee poznan\u00edm n\u00e1\u0161ho P\u00e1na Je\u017ei\u0161a Krista.&nbsp;<\/p>\n\n\n\n<p>&nbsp;&nbsp; &nbsp; Tieto dary milosti m\u00f4\u017eeme prij\u00edma\u0165 zo zvesti Bo\u017eieho slova, z posolstva evanjelia, z kr\u00e1snych zas\u013e\u00faben\u00ed, ktor\u00fdch vrcholom je zves\u0165, \u017ee sa n\u00e1m narodil Spasite\u013e. Advent z n\u00e1s rob\u00ed deti, a my sa za to &#8211; mysl\u00edm, \u017ee s\u00fahlas\u00edte- nehanb\u00edme. Ke\u010f zaznie v kostole n\u00e1dhern\u00e9 adventn\u00e9 K\u00fdrie\u2026, ke\u010f zaznej\u00fa clivo- z\u00e1dum\u010div\u00e9 adventn\u00e9 piesne, ktor\u00e9 sa n\u00e1m vryli do s\u0155dc u\u017e zo spevu na\u0161ich star\u00fdch matiek, ke\u010f zarezonuje v srdci piese\u0148:<em>\u201dChv\u00e1la Ti, Bo\u017ee vern\u00fd, \u017ee pod\u013ea zas\u013e\u00faben\u00ed, Spasite\u013ea s n\u00e1m dal, v \u013eudskom tele Ho poslal\u201d<\/em>&#8211; za\u010d\u00edname sa zrazu te\u0161i\u0165 ako ke\u010f sme sme boli deti: \u00faprimne a \u010disto. \u010cak\u00e1me v\u017edy nanovo na<em> \u201cotvoren\u00e9 nebes\u00e1\u201d<\/em>, na pr\u00edchod ve\u010dn\u00e9ho P\u00e1na a nebesk\u00e9ho Otca v Je\u017ei\u0161ovi, ktor\u00fd n\u00e1s napln\u00ed novou l\u00e1skou v na\u0161ich rodin\u00e1ch. L\u00e1ska je iste t\u00fdm najv\u00e4\u010d\u0161\u00edm darom Ducha Sv\u00e4t\u00e9ho a je to dar, ktor\u00fd je vz\u00e1cny a potrebn\u00fd v\u017edy a v\u0161ade.<\/p>\n\n\n\n<p>&nbsp;&nbsp; &nbsp; Darom l\u00e1sky sa \u201cnepreje\u201d nikdy \u017eiadne die\u0165a, \u017eiadne vn\u00fa\u010da, \u017ediaden man\u017eel, \u010di man\u017eelka, \u017eiaden brat- sestra, \u017eiaden rodi\u010d\u2026pr\u00e1ve tak, ako chlebom ka\u017edodenn\u00fdm. V\u0161imnime si, ako v dne\u0161nom \u00favodnom slove \u010fakoval apo\u0161tol Pavel za korintsk\u00fdch kres\u0165anov. T\u00e1to v\u010faka za nich, \u017ee sa medzi nimi utvrdilo svedectvo o Kristu &#8211; to je v\u010faka za Bo\u017eiu milos\u0165, ktor\u00fa prijali vierou. Aj oni sa poznan\u00edm Krista ako P\u00e1na c\u00edtili obohaten\u00ed. Kristus P\u00e1n nepri\u0161iel a nenarodil sa preto, aby niekoho ochudobnil &#8211; ale aby ka\u017ed\u00e9ho obohatil. Iba zdanlivo bol chudobn\u00fd a bezmocn\u00fd pri svojom naroden\u00ed. N\u00edm a v \u0147om boli obohaten\u00ed v\u0161etci \u013eudia, ktor\u00ed Ho prijali a tak aj korinstk\u00ed, ako b\u00fdval\u00ed pohania.<\/p>\n\n\n\n<p>&nbsp;&nbsp; &nbsp; Aj my sa m\u00f4\u017eeme po\u010d\u00edta\u0165 medzi t\u00fdch, ktor\u00fdch Kristus P\u00e1n obohatil. A pr\u00e1ve preto, \u017ee to vieme, m\u00f4\u017eeme patri\u0165 medzi t\u00fdch, ktor\u00ed aj na\u010falej o\u010dak\u00e1vaj\u00fa <em>\u201czjavenie sa P\u00e1na\u201d<\/em>, tak ako v\u0161etci, ktor\u00ed v Je\u017ei\u0161a, ako Spasite\u013ea uverili.<\/p>\n\n\n\n<p>&nbsp;&nbsp; &nbsp; K\u00fdm pr\u00edde v sl\u00e1ve a moci a uzrie Ho ka\u017ed\u00fd \u010dlovek &#8211; m\u00e1me sa te\u0161i\u0165 Jeho pr\u00edchdom v Jeho slove a vo sviatosti Jeho sv\u00e4tej Ve\u010dere.&nbsp;<\/p>\n\n\n\n<p>Na \u0160tedr\u00fd ve\u010der a cez Vianoce si pripomenieme, \u017ee hoci pri Jeho jasliach pok\u013eakli iba niektor\u00ed \u013eudia &#8211; raz sa bude pred N\u00edm skl\u00e1\u0148a\u0165 ka\u017ed\u00e9 koleno na nebi, na zemi i \u201cpod zemou\u201d. My v\u0161ak u\u017e dnes chcem vyprosi\u0165 pre n\u00e1s a n\u00e1\u0161 zbor, aby v novom obdob\u00ed cirkevn\u00e9ho roku bolo \u010d\u00edm viac tak\u00fdch, ktor\u00ed sa stan\u00fa podobn\u00ed pokorn\u00fdm pastierom a mudrcom od v\u00fdchodu. Prosme aj o to, aby bolo \u010d\u00edm menej \u201cherodesovcov\u201d okolo n\u00e1s\u2026<\/p>\n\n\n\n<p>&nbsp; Bratia a sestry v P\u00e1novi!<\/p>\n\n\n\n<p>&nbsp; &nbsp; Korinstk\u00fdm kres\u0165anom apo\u0161tol kladie na srdce, aby boli<em> \u201cbez \u00fahony v de\u0148 n\u00e1\u0161ho P\u00e1na Je\u017ei\u0161a Krista\u201d. <\/em>Korintsk\u00ed kres\u0165ania boli vtedy e\u0161te \u201cmlad\u00ed\u201d kres\u0165ania, boli nesk\u00fasen\u00ed v z\u00e1pase s poku\u0161eniami sveta i vlastn\u00e9ho tela. Boli vo viere \u201cnemuv\u0148at\u00e1\u201d a \u201cnedoch\u00f4d\u010dat\u00e1\u201d &#8211; ledva st\u00e1li na vlastn\u00fdch noh\u00e1ch. Nov\u00e1\u010dikovia vo viere potrebuj\u00fa trpezlivo r\u00e1s\u0165 a vo viere sa<em> \u201cutvrdi\u0165\u201d.&nbsp;<\/em><\/p>\n\n\n\n<p>&nbsp; &nbsp; &nbsp; V skuto\u010dnosti aj my na\u0161u cirkev buduje dnes vlastne nanovo. N\u00e1\u0161 Sion, to s\u00fa \u010dasto najm\u00e4 star\u0161\u00ed \u013eudia, ktor\u00ed u\u017e nevl\u00e1dzu kr\u00e1\u010da\u0165 ako kedysi, a potom h\u0155stka det\u00ed a mlad\u00fdch, ktor\u00ed e\u0161te nevedia pevne st\u00e1\u0165 vo viere. V cirkvi s\u00fa dnes vidite\u013en\u00ed t\u00ed najslab\u0161\u00ed a najzranite\u013enej\u0161\u00ed. Stredn\u00e1 gener\u00e1cia, mlad\u00ed mu\u017ei a \u017eeny je akoby najmen\u0161ia \u010das\u0165 vidite\u013en\u00e9ho a akt\u00edvneho cirkevn\u00e9ho spolo\u010denstva. Ale my nem\u00e1me by\u0165 malovern\u00ed! P\u00e1n Je\u017ei\u0161 n\u00e1s znovuzrodil, ke\u010f sme e\u0161te boli mdl\u00ed &#8211; a On n\u00e1s, ale i \u010fal\u0161\u00edch aj utvrd\u00ed a zachov\u00e1. O to Ho smieme nanovo prosi\u0165 a ver\u00edme, \u017ee On s\u00e1m oslov\u00ed, n\u00e1jde a o\u017eiv\u00ed aj nov\u00e9 srdcia. To je na\u0161a n\u00e1dej a jedno z ve\u013ek\u00fdch o\u010dak\u00e1van\u00ed ktor\u00e9 je spojen\u00e9 s ka\u017ed\u00fdm nov\u00fdm cirkevn\u00fdm rokom.<\/p>\n\n\n\n<p>&nbsp; &nbsp; Na tak\u00e9to obohatenie cirkvi, ale aj na\u0161ich rod\u00edn smieme o\u010dak\u00e1va\u0165 a vieme, \u017ee to nie je o\u010dak\u00e1vanie neopr\u00e1vnen\u00e9. Advent nie je \u010das na n\u00e1kup nov\u00fdch ko\u0161iel, pr\u00e1dla a pap\u00fa\u010d, ale o\u010dak\u00e1vanie, \u017ee budeme obohaten\u00ed a utvrden\u00ed poznan\u00edm daru milosti &#8211; P\u00e1na Je\u017ei\u0161a Krista. A to aj \u010fal\u0161\u00ed, dnes zdanlivo vla\u017en\u00ed, alebo duchovne odumieraj\u00faci, alebo aj \u017eij\u00faci v otvorenom nepriate\u013estve s cirkvou a Je\u017ei\u0161om ako P\u00e1nom. P\u00e1n prich\u00e1dza &#8211; pripom\u00edna n\u00e1m adventn\u00fd \u010das a On ako Dobr\u00fd Pastier h\u013ead\u00e1 svoje, dnes mo\u017eno e\u0161te straten\u00e9 ove\u010dky.<\/p>\n\n\n\n<p>&nbsp; &nbsp; My ostatn\u00ed oslavujme Trojjedin\u00e9ho P\u00e1na Boha za jeho vernos\u0165, za to, \u017ee v\u017edy povol\u00e1val a povol\u00e1va do svojho spolo\u010dentva v\u0161etk\u00fdch \u013eud\u00ed. Prosme, aby prich\u00e1dzaj\u00faci Kristus P\u00e1n obohatil a po\u017eehnal srdcia \u010d\u00edm viacer\u00fdch, aby sme poznali, <em>\u201c\u010do je to \u0161\u00edrka a d\u013a\u017eka, v\u00fd\u0161ka a h\u013abka l\u00e1sky Kristovej, ktor\u00e1 je nad v\u0161etky zn\u00e1mosti\u201d. Amen<\/em><\/p>\n\n\n\n<p><em>&nbsp; &nbsp; 1.adventn\u00e1 nede\u013ea&nbsp; &#8211; &nbsp; Soboti\u0161te a Rovensko 1993 &#8211; \u013dubom\u00edr Batka st.<\/em><\/p>\n\n\n\n<p><em>P.S.&nbsp; T\u00e1to web.str\u00e1nka m\u00e1 u\u017e celkom slu\u0161n\u00fd \u201carch\u00edv\u201d- a rozhodol som sa do neho ulo\u017ei\u0165 aj \u010fal\u0161ie k\u00e1zne, resp.\u010dl\u00e1nky na r\u00f4zne t\u00e9my z minulosti. Preto sem prich\u00e1dza aj t\u00e1to k\u00e1ze\u0148 z Adventu 1993. \u013dB st.<\/em><\/p>\n","protected":false},"excerpt":{"rendered":"<p>&nbsp;&nbsp; &nbsp; Advent &#8211; dar milosti &nbsp; &nbsp; &nbsp; &nbsp; &nbsp; &nbsp; &nbsp; &nbsp; &nbsp; &nbsp; &nbsp; &nbsp; &nbsp; &nbsp; &nbsp; &nbsp; &nbsp; &nbsp; &nbsp; &nbsp; &nbsp; &nbsp; &nbsp; &nbsp; &nbsp; &nbsp; Modlitba:&nbsp; &nbsp; &nbsp; &nbsp; &nbsp; &nbsp; Hospodine, nebesk\u00fd Ot\u010de, V\u0161emoh\u00fai n\u00e1\u0161 Bo\u017ee, oslavujeme \u0164a na po\u010diatku tohoto nov\u00e9ho cirkevn\u00e9ho roku, ako n\u00e1\u0161ho Stvorit\u013ea &#8230; <a title=\"Advent &#8211; dar milosti\" class=\"read-more\" href=\"https:\/\/www.e-anjelik.sk\/index.php\/2019\/11\/30\/advent-dar-milosti\/\" aria-label=\"Pre\u010d\u00edtajte si viac o Advent &#8211; dar milosti\">\u010c\u00edta\u0165 viac<\/a><\/p>\n","protected":false},"author":4,"featured_media":0,"comment_status":"open","ping_status":"open","sticky":false,"template":"","format":"standard","meta":{"footnotes":""},"categories":[179,121,95],"tags":[],"class_list":["post-33048","post","type-post","status-publish","format-standard","hentry","category-advent","category-kazne","category-sobotiste"],"_links":{"self":[{"href":"https:\/\/www.e-anjelik.sk\/index.php\/wp-json\/wp\/v2\/posts\/33048","targetHints":{"allow":["GET"]}}],"collection":[{"href":"https:\/\/www.e-anjelik.sk\/index.php\/wp-json\/wp\/v2\/posts"}],"about":[{"href":"https:\/\/www.e-anjelik.sk\/index.php\/wp-json\/wp\/v2\/types\/post"}],"author":[{"embeddable":true,"href":"https:\/\/www.e-anjelik.sk\/index.php\/wp-json\/wp\/v2\/users\/4"}],"replies":[{"embeddable":true,"href":"https:\/\/www.e-anjelik.sk\/index.php\/wp-json\/wp\/v2\/comments?post=33048"}],"version-history":[{"count":1,"href":"https:\/\/www.e-anjelik.sk\/index.php\/wp-json\/wp\/v2\/posts\/33048\/revisions"}],"predecessor-version":[{"id":33049,"href":"https:\/\/www.e-anjelik.sk\/index.php\/wp-json\/wp\/v2\/posts\/33048\/revisions\/33049"}],"wp:attachment":[{"href":"https:\/\/www.e-anjelik.sk\/index.php\/wp-json\/wp\/v2\/media?parent=33048"}],"wp:term":[{"taxonomy":"category","embeddable":true,"href":"https:\/\/www.e-anjelik.sk\/index.php\/wp-json\/wp\/v2\/categories?post=33048"},{"taxonomy":"post_tag","embeddable":true,"href":"https:\/\/www.e-anjelik.sk\/index.php\/wp-json\/wp\/v2\/tags?post=33048"}],"curies":[{"name":"wp","href":"https:\/\/api.w.org\/{rel}","templated":true}]}}