{"id":3305,"date":"2011-01-11T11:10:58","date_gmt":"2011-01-11T11:10:58","guid":{"rendered":"http:\/\/e-anjelik.sk\/?p=3305"},"modified":"2011-01-11T11:10:58","modified_gmt":"2011-01-11T11:10:58","slug":"tyzden-modlitieb-za-jednotu-krestanov-2011","status":"publish","type":"post","link":"https:\/\/www.e-anjelik.sk\/index.php\/2011\/01\/11\/tyzden-modlitieb-za-jednotu-krestanov-2011\/","title":{"rendered":"T\u00fd\u017ede\u0148 modlitieb za jednotu kres\u0165anov 2011"},"content":{"rendered":"<p>SRC oznamuje, \u017ee v roku 2011 sa bude kona\u0165 Modlitebn&yacute; t&yacute;\u017ede\u0148 za jednotu cirkv&iacute; zo sk&uacute;senost&iacute; cirkv&iacute; v Jeruzaleme. T&eacute;ma &quot; Rovnako v apo&scaron;tolskom u\u010den&iacute;&nbsp; a v spolo\u010denstve, v l&aacute;man&iacute; chleba a na modlitb&aacute;ch.&quot; je zalo\u017een&aacute; na Sk 2,42. Je to v&yacute;zva pre in&scaron;pir&aacute;ciu a obnovu, n&aacute;vrat k z&aacute;kladom viery, je to volanie na pam&auml;\u0165 doby, kedy cirkev bola jednotn&aacute;. Na severnej pologuli sa <strong>T&yacute;\u017ede\u0148 kon&aacute; medzi 18. a\u017e 25. janu&aacute;rom<\/strong>, na ju\u017enej o Tur&iacute;ciach.<\/p>\n<p>(<a href=\"http:\/\/www.oikoumene.org\/\">www.oikoumene.org<\/a>)<\/p>\n","protected":false},"excerpt":{"rendered":"<p>SRC oznamuje, \u017ee v roku 2011 sa bude kona\u0165 Modlitebn&yacute; t&yacute;\u017ede\u0148 za jednotu cirkv&iacute; zo sk&uacute;senost&iacute; cirkv&iacute; v Jeruzaleme. T&eacute;ma &quot; Rovnako v apo&scaron;tolskom u\u010den&iacute;&nbsp; a v spolo\u010denstve, v l&aacute;man&iacute; chleba a na modlitb&aacute;ch.&quot; je zalo\u017een&aacute; na Sk 2,42. Je to v&yacute;zva pre in&scaron;pir&aacute;ciu a obnovu, n&aacute;vrat k z&aacute;kladom viery, je to volanie na pam&auml;\u0165 &#8230; <a title=\"T\u00fd\u017ede\u0148 modlitieb za jednotu kres\u0165anov 2011\" class=\"read-more\" href=\"https:\/\/www.e-anjelik.sk\/index.php\/2011\/01\/11\/tyzden-modlitieb-za-jednotu-krestanov-2011\/\" aria-label=\"Pre\u010d\u00edtajte si viac o T\u00fd\u017ede\u0148 modlitieb za jednotu kres\u0165anov 2011\">\u010c\u00edta\u0165 viac<\/a><\/p>\n","protected":false},"author":22,"featured_media":0,"comment_status":"open","ping_status":"open","sticky":false,"template":"","format":"standard","meta":{"footnotes":""},"categories":[2,233],"tags":[],"class_list":["post-3305","post","type-post","status-publish","format-standard","hentry","category-ekumena","category-modlitby"],"_links":{"self":[{"href":"https:\/\/www.e-anjelik.sk\/index.php\/wp-json\/wp\/v2\/posts\/3305","targetHints":{"allow":["GET"]}}],"collection":[{"href":"https:\/\/www.e-anjelik.sk\/index.php\/wp-json\/wp\/v2\/posts"}],"about":[{"href":"https:\/\/www.e-anjelik.sk\/index.php\/wp-json\/wp\/v2\/types\/post"}],"author":[{"embeddable":true,"href":"https:\/\/www.e-anjelik.sk\/index.php\/wp-json\/wp\/v2\/users\/22"}],"replies":[{"embeddable":true,"href":"https:\/\/www.e-anjelik.sk\/index.php\/wp-json\/wp\/v2\/comments?post=3305"}],"version-history":[{"count":0,"href":"https:\/\/www.e-anjelik.sk\/index.php\/wp-json\/wp\/v2\/posts\/3305\/revisions"}],"wp:attachment":[{"href":"https:\/\/www.e-anjelik.sk\/index.php\/wp-json\/wp\/v2\/media?parent=3305"}],"wp:term":[{"taxonomy":"category","embeddable":true,"href":"https:\/\/www.e-anjelik.sk\/index.php\/wp-json\/wp\/v2\/categories?post=3305"},{"taxonomy":"post_tag","embeddable":true,"href":"https:\/\/www.e-anjelik.sk\/index.php\/wp-json\/wp\/v2\/tags?post=3305"}],"curies":[{"name":"wp","href":"https:\/\/api.w.org\/{rel}","templated":true}]}}