{"id":33050,"date":"2019-11-30T23:42:14","date_gmt":"2019-11-30T22:42:14","guid":{"rendered":"http:\/\/e-anjelik.sk\/?p=33050"},"modified":"2022-12-11T15:30:24","modified_gmt":"2022-12-11T14:30:24","slug":"panov-den-sa-priblizuje","status":"publish","type":"post","link":"https:\/\/www.e-anjelik.sk\/index.php\/2019\/11\/30\/panov-den-sa-priblizuje\/","title":{"rendered":"P\u00e1nov de\u0148 sa pribli\u017euje"},"content":{"rendered":"\n<p><strong>&nbsp; &nbsp; &nbsp; &nbsp; &nbsp; &nbsp; &nbsp; &nbsp; &nbsp; &nbsp; &nbsp; &nbsp; &nbsp; &nbsp; &nbsp; &nbsp; &nbsp; P\u00e1nov de\u0148 sa pribli\u017euje<\/strong><\/p>\n\n\n\n<p><em>Noc pominula &#8211; de\u0148 je tu<\/em><\/p>\n\n\n\n<p><em>tichunk\u00e9 r\u00e1no adventu.<\/em><\/p>\n\n\n\n<p><em>\u00d3, Pane, r\u00e1\u010d n\u00e1s slovom vodi\u0165<\/em><\/p>\n\n\n\n<p><em>a u\u010d, jak patr\u00ed, za d\u0148a chodi\u0165-<\/em><\/p>\n\n\n\n<p><em>nie v staran\u00ed sa o telo<\/em><\/p>\n\n\n\n<p><em>&#8211; dos\u0165 ono v hriechu hovelo &#8211;&nbsp;<\/em><\/p>\n\n\n\n<p><em>le\u017e v r\u00fachu novom, strojnom \u010diste<\/em><\/p>\n\n\n\n<p><em>v tom Tvojom r\u00fachu, Pan Kriste! Amen (M.R.)<\/em><\/p>\n\n\n\n<p><strong>\u017dd 10, 23 &#8211; 25:<\/strong><\/p>\n\n\n\n<p><em>\u201cPrid\u0155\u017eajme sa neochvejne vyznania n\u00e1deje, lebo vern\u00fd je Ten, ktor\u00fd dal to zas\u013e\u00fabenie. (24) A pozorujme sa vospolok, aby sme sa povzbudzovali k l\u00e1ske a dobr\u00fdm skutkom. (25) Neop\u00fa\u0161\u0165ajme svoje zhroma\u017edenia, ako niektor\u00ed maj\u00fa vo zvyku, ale napom\u00ednajme sa, a to t\u00fdm viac, \u010d\u00edm viac vid\u00edte, \u017ee sa pribli\u017euje ten de\u0148\u201d. Amen<\/em><\/p>\n\n\n\n<p><em>&nbsp;&nbsp; &nbsp; <\/em>Advent je v\u00fdzvou k vykro\u010deniu na nov\u00fa etapu cesty, ktor\u00e1 je pred nami. Je to cesta smeruj\u00faca ku d\u0148u druh\u00e9ho pr\u00edchodu P\u00e1na. Tak, ako ka\u017ed\u00fd nov\u00fd de\u0148 znamen\u00e1 pribl\u00ed\u017eenie sa k ve\u010dnosti, tak aj nov\u00fd advetn\u00fd \u010das n\u00e1s pribli\u017euje nielen k Vianociam, ale aj k plnosti sp\u00e1sy, k dokonalej l\u00e1ske, k plnej radosti a trval\u00e9mu pokoju a k preb\u00fdvaniu s P\u00e1nom vo ve\u010dnosti. Na\u0161a cesta k ve\u010dnosti za\u010dala v sv\u00e4tom Krste. Cie\u013e tejto cesty je vo ve\u010dnom \u017eivote v kr\u00e1\u013eovstve Bo\u017eom. Nie sme v nejakom za\u010darovanom kruhu, kde sa vraciame k tomu ist\u00e9mu bodu, k nov\u00e9mu adventu, ako na \u201ckoloto\u010di\u201d. Sme na ceste. S nov\u00fdm adventom sme sa nevr\u00e1tili tam, kde sme boli vlani, ale sme bli\u017e\u0161ie k P\u00e1novi Je\u017ei\u0161ovi a Jeho druh\u00e9mu pr\u00edchodu na konci vekov. Preto sa n\u00e1m \u201cneto\u010d\u00ed hlava\u201d, ale sme dobrej mysle.&nbsp;<\/p>\n\n\n\n<p><strong>&nbsp; &nbsp; &nbsp; P\u00e1nov de\u0148 sa pribli\u017euje<\/strong>,<em> preto:<\/em><\/p>\n\n\n\n<ol class=\"wp-block-list\"><li><em>Bo\u017eiu vernos\u0165 oslavujme<\/em><\/li><li><em>na konanie dobr\u00e9ho nezab\u00fadajme &nbsp;<\/em><\/li><li><em>svoje zhroma\u017edenia neop\u00fa\u0161\u0165ajme<\/em><\/li><\/ol>\n\n\n\n<p><em>&nbsp;&nbsp; &nbsp; <\/em>Bratia a sestry!<\/p>\n\n\n\n<p>&nbsp;&nbsp; &nbsp; \u017divot pre\u017e\u00edvan\u00fd akoby \u201cna kloto\u010di\u201d ( v kruhu) nechajme t\u00fdm, \u010do veria, \u017ee ni\u010d nov\u00e9 sa pod slnkom nedeje, ani neudeje. Tak\u00fdm, ktor\u00ed nemaj\u00fa <em>\u201cbud\u00facnos\u0165 a n\u00e1dej\u201d.<\/em> Ktor\u00ed \u010dakaj\u00fa na smr\u0165 a nie na \u017eivot. Ktor\u00ed sa kla\u0148aj\u00fa iba<em> \u201cveli\u010denstvu smrti\u201d<\/em>. My sme aj dnes pri\u0161li na slu\u017eby Bo\u017eie osl\u00e1vi\u0165 Bo\u017eiu moc a vernos\u0165. So svojou duchovnou matkou, evanjelickou cirkvou spievame a vyzn\u00e1vame:<\/p>\n\n\n\n<p>&nbsp;&nbsp; &nbsp; &nbsp; &nbsp; &nbsp; &nbsp; &nbsp; <em>\u201dChv\u00e1la Ti, Bo\u017ee vern\u00fd, \u017ee pod\u013ea zas\u013e\u00faben\u00ed,<\/em><\/p>\n\n\n\n<p><em>&nbsp;&nbsp; &nbsp; &nbsp; &nbsp; &nbsp; &nbsp; &nbsp; &nbsp; Spasite\u013ea si n\u00e1m dal, v \u013eudskom tele Ho poslal.\u201d (ESP 10,1)<\/em><\/p>\n\n\n\n<p>&nbsp;&nbsp; &nbsp; Povzbudzujeme sa v n\u00e1deji, \u017ee Ten, ktor\u00fd naplnil a st\u00e1le pln\u00ed mno\u017estvo svojich s\u013eubov, spln\u00ed aj tie s\u013euby najvy\u0161\u0161ie a najkraj\u0161ie. Predov\u0161etk\u00fdm mysl\u00edme na naplnenie Bo\u017eieho s\u013eubu z raja, ktor\u00fd s M.Lutherom a star\u00fdmi cirkevn\u00fdmi otcami m\u00f4\u017eeme nazva\u0165 <em>\u201dprv\u00e9 evanjelium\u201d<\/em>. Hovor\u00ed o tom, \u017ee <em>\u201cpotomok naroden\u00fd zo \u017eeny rozdrt\u00ed hlavu hadovi\u201d<\/em>. \u010ci\u017ee poraz\u00ed na hlavu moc star\u00e9ho nepriate\u013ea \u013eud\u00ed, satana, diabla, toho star\u00e9ho nepriate\u013ea, ktor\u00fd sa stal Bo\u017e\u00edm i na\u0161\u00edm nepriate\u013eom. <em>\u201cTen star\u00fd nepriate\u013e, zni\u010di\u0165 by n\u00e1s chcel<\/em>\u201d- vyzn\u00e1vame v prvom ver\u0161i na\u0161ej evanjelickej hymny. \u017de sa tak napriek p\u00e1du prv\u00fdch \u013eud\u00ed, ale i na\u0161\u00edm p\u00e1dom do hriechu nestane, je dar Bo\u017eej milosti.&nbsp;<\/p>\n\n\n\n<p>&nbsp;&nbsp; &nbsp; Tento Bo\u017e\u00ed s\u013eub a Bo\u017e\u00ed pl\u00e1n sp\u00e1sy sa za\u010dal plni\u0165 a uskuto\u010d\u0148ova\u0165 vo vtelen\u00ed ve\u010dn\u00e9ho Bo\u017eieho Slova. V Je\u017ei\u0161ovi Kristovi a v Jeho po\u010dat\u00ed v \u013eudskom tele, pod srdcom vyvolenej \u017eeny, panny M\u00e1rie. Vtelenie (inkarn\u00e1cia) je predohrou k oslavnej <em>\u201c\u00d3de na rados\u0165\u201d<\/em>, ktor\u00e1 sa uskuto\u010dnila a zaznela na prv\u00e9 Vianoce, ke\u010f anjel &#8211; posol Bo\u017e\u00ed zvestoval <em>\u201cve\u013ek\u00fa rados\u0165 v\u0161etk\u00e9mu \u013eudu\u201d<\/em>. Vtedy pri\u0161iel a narodil sa<em> \u201cprav\u00fd Boh a prav\u00fd \u010dlovek\u201d<\/em> do tohoto sveta, aby bol s nami a my aby sme boli s N\u00edm.<\/p>\n\n\n\n<p>Preto u\u017e dnes v na\u0161om spolo\u010denstve viery Bo\u017eiu vernos\u0165 oslavujme.<\/p>\n\n\n\n<p>Adventn\u00e9 posolstvo plynule prejde do viano\u010dn\u00e9ho posolstva a spolu s\u00fa tou najradostnej\u0161iu spr\u00e1vou pre svet a \u010dloveka padl\u00e9ho do hriechu. Advent je \u010das tichej, e\u0161te akoby skrytej radosti, ale radosti skuto\u010dnej a pravej. Preto plat\u00ed: \u201cAk\u00fd advent, tak\u00e9 Vianoce\u201d.<\/p>\n\n\n\n<p>&nbsp;&nbsp; &nbsp; Mnoho Bo\u017e\u00edch s\u013eubov dan\u00fdch srkrze prorokov sa naplnilo v P\u00e1novi Je\u017ei\u0161ovi a Jeho pr\u00edchode. Ni\u010d neostalo po starom. V Je\u017ei\u0161ovi pri\u0161li <em>\u201cnov\u00e9 veci\u201d<\/em>, nov\u00e9 udalosti a dary pre \u013eud\u00ed. Je\u017ei\u0161 pri\u0161iel pre v\u0161etk\u00fdch a proti nikomu, iba proti hriechu, diablovi a smrti. <em>\u201cPrid\u0155\u017eajme sa neochvejne vyznania n\u00e1deje, lebo vern\u00fd je ten, ktor\u00fd dal to zas\u013e\u00fabenie\u201d.<\/em>&nbsp; Pr\u00e1ve tak plat\u00ed aj zas\u013e\u00fabenie n\u00e1\u0161ho P\u00e1na, ktor\u00fd prich\u00e1dza k n\u00e1m v daroch svojej sv\u00e4tej Ve\u010dere a hovor\u00ed: <em>\u201dKto je moje telo a pije moju krv, m\u00e1 ve\u010dn\u00fd \u017eivot\u201d.<\/em> Prijat\u00edm P\u00e1novho slova a sviatosti osl\u00e1vime Otcovu a Jeho vernos\u0165 a posiln\u00edme sa vo viere, \u017ee On je <em>\u201cBohom s nami\u201d.<\/em><\/p>\n\n\n\n<p><em>&nbsp;&nbsp;<\/em> 2. Bratia a sestry!<\/p>\n\n\n\n<p>&nbsp; &nbsp; Posilnenie viery v P\u00e1nov pr\u00edchod v daroch Jeho sv\u00e4tej Ve\u010dere dnes a s\u00fa\u010dasne v Jeho druh\u00fd pr\u00edchod, povzbud\u00ed n\u00e1s v odvahe kona\u0165 a \u017ei\u0165 v sile viery. Tak\u00e1to viera m\u00e1 toti\u017e v\u017edy svoje dobr\u00e9 ovocie<em> v l\u00e1ske a dobrom konan\u00ed. <\/em>Apo\u0161tolsk\u00e9 slovo hovor\u00ed: <em>\u201dPozorujme sa vospolok, aby sme sa povzbudzovali v l\u00e1ske a v&nbsp; dobr\u00fdch skutkoch\u201d.<\/em> To znamen\u00e1, aby sme sa u\u010dili spolo\u010dne od Je\u017ei\u0161a ako m\u00e1me \u017ei\u0165 a ako kona\u0165 skuto\u010dn\u00e9 dobro. T\u00fdm prv\u00fdm, ktor\u00fd priniesol dokonal\u00fd skutok a slu\u017ebu l\u00e1sky je toti\u017e s\u00e1m Je\u017ei\u0161. On je <em>\u201cprav\u00fd v\u00ednny kme\u0148\u201d <\/em>a jeho ovocie je k dobru a sp\u00e1se v\u0161etk\u00fdch.<\/p>\n\n\n\n<p>&nbsp; &nbsp; &nbsp; Nielen viano\u010dn\u00e9 posolstvo: <em>\u201dVi\u010fte, ak\u00fa l\u00e1sku n\u00e1m dal Otec\u201d<\/em>&nbsp; je v\u00fdzvou k l\u00e1ske a konaniu dobra. Na Vianoce sa aspo\u0148 na chv\u00ed\u013eu o to pok\u00fa\u0161aj\u00fa azda v\u0161etci \u013eudia okolo n\u00e1s. My sa v\u0161ak u\u017e v adventnom \u010dase, pr\u00e1ve tak ako v celom \u017eivote m\u00e1me povzbudzova\u0165, ale aj u\u010di\u0165 \u017eivotu v l\u00e1ske a v skutkoch, ktor\u00e9 s\u00fa dobr\u00fdm ovoc\u00edm viery. Aj tu plat\u00ed: Ak\u00fd advent, tak\u00e9 Vianoce &#8211; tak\u00e9 aj ostatn\u00e9 sviatky a cel\u00fd cirkevn\u00fd rok.<\/p>\n\n\n\n<p>&nbsp; &nbsp; &nbsp; Ovocie l\u00e1sky je vz\u00e1cne. Preto pros\u00edme, aby bolo viac viery v \u013eudsk\u00fdch srdciach a tak aby bolo v nich aj viac l\u00e1sky. \u010ci\u017ee viac darov Ducha Sv\u00e4t\u00e9ho v \u017eivote matiek, otcov, det\u00ed i v na\u0161ich \u017eivotoch. Nevera vedie k duchovnej smrti a duchovn\u00e1 smr\u0165 k smrti ve\u010dnej. Mus\u00edme teda poveda\u0165, \u017ee aj nevera m\u00e1 svoje ovocie, ktor\u00e9 prin\u00e1\u0161a <em>\u201cka\u017ed\u00fd plan\u00fd strom\u201d<\/em>, ale tak\u00fd strom bude ods\u00faden\u00fd. Od toho nech n\u00e1s chr\u00e1ni s\u00e1m Kristus P\u00e1n!<\/p>\n\n\n\n<p>&nbsp; &nbsp; &nbsp; 3. Bratia a sestry!<\/p>\n\n\n\n<p>&nbsp;&nbsp; &nbsp; &nbsp; Ke\u010f\u017ee <em>\u201c viera je z po\u010d\u00favania\u201d <\/em>a po\u010d\u00favanie o ktorom je tu re\u010d je po\u010d\u00favanie Bo\u017eieho slova, je d\u00f4le\u017eit\u00e9 Bo\u017eie Slovo po\u010du\u0165 a potom prija\u0165 s s otvoren\u00fdm srdcom.&nbsp;<\/p>\n\n\n\n<p>&nbsp; &nbsp; &nbsp; Na\u0161e Slu\u017eby Bo\u017eie s\u00fa neraz ter\u010dom kritiky &#8211; raz ako dlh\u00e9, raz nez\u00e1\u017eivn\u00e9, inokedy \u201cneatrakt\u00edvne\u201d a podobne. D\u00f4vod je v\u0161ak jasn\u00fd. Ke\u010f\u017ee pr\u00e1ve tu, pri po\u010d\u00favan\u00ed Slova Bo\u017eieho, \u010di u\u017e slova zo SZ, z epi\u0161tol, zo \u017dalmov, alebo z evanjeli\u00ed sa rod\u00ed prav\u00e1 viera a tak aj premena \u010dloveka, star\u00fd Adam v n\u00e1s, ale aj v na\u0161ich bl\u00ed\u017enych sa b\u00fari, rebeluje, vzpiera sa a nechce zmenu. Nechce opusti\u0165 svoje miesto v \u013eudskom srdci a h\u013ead\u00e1 v\u00fdhovorky. Ohov\u00e1ra raz liturgiu, raz spev, k\u00e1ze\u0148, ale aj sviatos\u0165 P\u00e1novej ve\u010dere aslovo rozhre\u0161enia, ke\u010f sa kaj\u00facim zvestuje slovo o milosti a odpusten\u00ed hriechov. P\u00e1n Je\u017ei\u0161 n\u00e1m zas\u013e\u00fabil: <em>\u201dJa som s vami po v\u0161etky dni, a\u017e do konca sveta\u201d.<\/em> On je s nami aj tu a pr\u00e1ve tu, kde sa Jeho slovo \u010disto a jasne zvestuje a sviatosti sa prisluhuj\u00fa pod\u013ea Jeho pr\u00edkazu.<\/p>\n\n\n\n<p>&nbsp;&nbsp; &nbsp; &nbsp; Preto apo\u0161tolsk\u00e9 slovo znelo u\u017e v prvotnej cirkvi tak jasne a naliehavo:<em> \u201dNeop\u00fa\u0161\u0165ajme spolo\u010dn\u00e9 zhroma\u017edenia, ako niektor\u00ed maj\u00fa vo zvyku, ale napom\u00ednajme sa a to t\u00fdm viac, \u010d\u00edm viac vid\u00edte, \u017ee sa pribli\u017euje ten de\u0148\u201d.&nbsp; <\/em>P\u00e1nov de\u0148 je de\u0148 posledn\u00fd, de\u0148 Jeho pr\u00edchodu, ale pre kres\u0165ana je P\u00e1nov de\u0148 aj de\u0148 prv\u00fd! De\u0148 Jeho vzkriesenia, de\u0148 Jeho osl\u00e1venia a zrodu cirkvi na zemi po zoslan\u00ed Ducha Sv\u00e4t\u00e9ho. Ak je a bude nede\u013ea aj pre n\u00e1s de\u0148 prv\u00fd, cirkev bude r\u00e1s\u0165 a nemus\u00edme sa ob\u00e1va\u0165 ani d\u0148a posledn\u00e9ho, ako d\u0148a hnevu a s\u00fadu. Na\u0161e zhroma\u017edenie nie je iba zhroma\u017eden\u00edm n\u00e1s \u013eud\u00ed, ale spolo\u010denstvom, kde On je uprostred n\u00e1s, kde n\u00e1s chce po\u017eehna\u0165, omilosti\u0165 a povzbudi\u0165 k viere a l\u00e1ske. Preto trvale plat\u00ed apo\u0161tolsk\u00e1 v\u00fdzva: <em>\u201cNeop\u00fa\u0161\u0165ajme svoje zhroma\u017edenia!\u201d<\/em>&nbsp;<\/p>\n\n\n\n<p>&nbsp; &nbsp; &nbsp; Niektor\u00ed kres\u0165ania maj\u00fa u\u017e dlhodobo vo zvyku \u017ei\u0165 bez slu\u017eieb Bo\u017e\u00edch, kde n\u00e1m sl\u00fa\u017ei P\u00e1n skrze slovo po\u010dut\u00e9 i slovo vidite\u013en\u00e9 vo sviatosti. Mnoh\u00ed sa uspokoja s n\u00e1v\u0161tevou iba \u0161tedrove\u010denr\u00fdch slu\u017eieb Bo\u017e\u00edch. \u010co je v\u0161ak e\u0161te hor\u0161ie, je to, ak svoju \u00fa\u010das\u0165 ch\u00e1pe \u010dlovek ako svoju z\u00e1sluhu, alebo ak\u00fasi obe\u0165 P\u00e1nu Bohu. Vtedy sa n\u00e1v\u0161teva spolo\u010dn\u00e9ho zhroma\u017edenia m\u00ed\u0148a cie\u013ea a nie je pr\u00edpravou na stretnutie s P\u00e1nom.&nbsp;<\/p>\n\n\n\n<p>&nbsp;&nbsp; &nbsp; &nbsp; &nbsp; Mil\u00ed bratia a sestry!<\/p>\n\n\n\n<p>&nbsp;&nbsp; &nbsp; &nbsp; &nbsp; Advent\u00fd \u010das je \u010das vz\u00e1cny a po\u017eehnan\u00fd. Je pribl\u00ed\u017een\u00edm sa k cie\u013eu, ktor\u00fdm je preb\u00fdvanie s Kristom vo ve\u010dnosti. S nov\u00fdm adventom sa pribli\u017euje tento \u010das P\u00e1novho pr\u00edchodu. Preto aj dnes, na za\u010diatku nov\u00e9ho cirkevn\u00e9ho roku, v \u010dase milosti n\u00e1m danom: Bo\u017eiu vernos\u0165 oslavujeme, na konanie dobr\u00fdch skutkov nezab\u00fadajme a svoje zhroma\u017edenia neop\u00fa\u0161\u0165ajme. S n\u00e1bo\u017en\u00fdm pevcom spievajme:<\/p>\n\n\n\n<p><em>\u201cOtvorte br\u00e1ny dokor\u00e1n,<\/em><\/p>\n\n\n\n<p><em>prich\u00e1dza po\u017eehnan\u00fd P\u00e1n,<\/em><\/p>\n\n\n\n<p><em>Kr\u00e1\u013e nad kr\u00e1\u013eov najsl\u00e1vnej\u0161\u00ed<\/em><\/p>\n\n\n\n<p><em>a Spasite\u013e najmocnej\u0161\u00ed,<\/em><\/p>\n\n\n\n<p><em>prin\u00e1\u0161a rados\u0165 spasenie,<\/em><\/p>\n\n\n\n<p><em>nech znej\u00fa piesne oslavn\u00e9;<\/em><\/p>\n\n\n\n<p><em>Po\u017eehnan\u00fd Boh n\u00e1\u0161,<\/em><\/p>\n\n\n\n<p><em>Stvorite\u013e v\u0161etk\u00fdch n\u00e1s! (ESP 16, 1) Amen &nbsp;<\/em><\/p>\n\n\n\n<p><em>&nbsp; &nbsp; &nbsp; &nbsp; &nbsp; &nbsp; <\/em><em>1.adventn\u00e1 nede\u013ea 88 &nbsp; &nbsp; &nbsp; &nbsp; &nbsp; &nbsp; &nbsp; &nbsp; &nbsp; &nbsp; &nbsp; &nbsp; &nbsp; &nbsp; &nbsp; &nbsp; Mgr.\u013dubom\u00edr Batka st.<\/em><\/p>\n","protected":false},"excerpt":{"rendered":"<p>&nbsp; &nbsp; &nbsp; &nbsp; &nbsp; &nbsp; &nbsp; &nbsp; &nbsp; &nbsp; &nbsp; &nbsp; &nbsp; &nbsp; &nbsp; &nbsp; &nbsp; P\u00e1nov de\u0148 sa pribli\u017euje Noc pominula &#8211; de\u0148 je tu tichunk\u00e9 r\u00e1no adventu. \u00d3, Pane, r\u00e1\u010d n\u00e1s slovom vodi\u0165 a u\u010d, jak patr\u00ed, za d\u0148a chodi\u0165- nie v staran\u00ed sa o telo &#8211; dos\u0165 ono v hriechu hovelo &#8230; <a title=\"P\u00e1nov de\u0148 sa pribli\u017euje\" class=\"read-more\" href=\"https:\/\/www.e-anjelik.sk\/index.php\/2019\/11\/30\/panov-den-sa-priblizuje\/\" aria-label=\"Pre\u010d\u00edtajte si viac o P\u00e1nov de\u0148 sa pribli\u017euje\">\u010c\u00edta\u0165 viac<\/a><\/p>\n","protected":false},"author":4,"featured_media":0,"comment_status":"open","ping_status":"open","sticky":false,"template":"","format":"standard","meta":{"footnotes":""},"categories":[570,179,90,121,95],"tags":[],"class_list":["post-33050","post","type-post","status-publish","format-standard","hentry","category-1-adventna-nedela","category-advent","category-cirkevny-rok","category-kazne","category-sobotiste"],"_links":{"self":[{"href":"https:\/\/www.e-anjelik.sk\/index.php\/wp-json\/wp\/v2\/posts\/33050","targetHints":{"allow":["GET"]}}],"collection":[{"href":"https:\/\/www.e-anjelik.sk\/index.php\/wp-json\/wp\/v2\/posts"}],"about":[{"href":"https:\/\/www.e-anjelik.sk\/index.php\/wp-json\/wp\/v2\/types\/post"}],"author":[{"embeddable":true,"href":"https:\/\/www.e-anjelik.sk\/index.php\/wp-json\/wp\/v2\/users\/4"}],"replies":[{"embeddable":true,"href":"https:\/\/www.e-anjelik.sk\/index.php\/wp-json\/wp\/v2\/comments?post=33050"}],"version-history":[{"count":1,"href":"https:\/\/www.e-anjelik.sk\/index.php\/wp-json\/wp\/v2\/posts\/33050\/revisions"}],"predecessor-version":[{"id":33051,"href":"https:\/\/www.e-anjelik.sk\/index.php\/wp-json\/wp\/v2\/posts\/33050\/revisions\/33051"}],"wp:attachment":[{"href":"https:\/\/www.e-anjelik.sk\/index.php\/wp-json\/wp\/v2\/media?parent=33050"}],"wp:term":[{"taxonomy":"category","embeddable":true,"href":"https:\/\/www.e-anjelik.sk\/index.php\/wp-json\/wp\/v2\/categories?post=33050"},{"taxonomy":"post_tag","embeddable":true,"href":"https:\/\/www.e-anjelik.sk\/index.php\/wp-json\/wp\/v2\/tags?post=33050"}],"curies":[{"name":"wp","href":"https:\/\/api.w.org\/{rel}","templated":true}]}}