{"id":33053,"date":"2019-12-01T13:16:52","date_gmt":"2019-12-01T11:16:52","guid":{"rendered":"http:\/\/e-anjelik.sk\/?p=33053"},"modified":"2019-12-01T12:17:24","modified_gmt":"2019-12-01T11:17:24","slug":"adventna-3","status":"publish","type":"post","link":"https:\/\/www.e-anjelik.sk\/index.php\/2019\/12\/01\/adventna-3\/","title":{"rendered":"Adventn\u00e1"},"content":{"rendered":"\nDu\u0161an Miko\n\n\n\n\nPr\u00ed\u010f, Kriste, a do na\u0161ich slab\u00fdch s\u0155dc vst\u00fap,nie iba na chv\u00ed\u013eu, ale st\u00e1lym hos\u0165om v nich bu\u010f.\n\n\n\n\nPr\u00ed\u010f, Kriste, do ka\u017edej \u010dakaj\u00facej  du\u0161e vojdi,<br \/>\nnie iba na chv\u00ed\u013eu, ale daj, nech v\u017edy v Teba verila by.\n\n\n\n\nPr\u00ed\u010f, Kriste, do sveta, kde vl\u00e1dne nepokoj,<br \/>\nnie iba na chv\u00ed\u013eu, ale nast\u00e1lo \u013eud svoj upokoj.\n\n\n\n\nPr\u00ed\u010f, Kriste, a klop hlasno na na\u0161e srdca dvere,<br \/>\nnie iba chv\u00ed\u013eu, ale a\u017e pok\u00fdm dospejeme k viere.\n\n\n\n\nPr\u00ed\u010f, Kriste, nech pote\u0161ia sa slab\u00ed, smutn\u00ed, biedni,<br \/>\nnie iba na chv\u00ed\u013eu &#8211; nateraz, ale aj po ostatn\u00e9 svoje dni.\n\n\n\n\nPr\u00ed\u010f, Kriste, vzhliadni na na\u0161e mal\u00e9 mil\u00e9 dietky,<br \/>\nnie iba na chv\u00ed\u013eu, l\u00e1skavo chr\u00e1\u0148 ich, bez rozdielu v\u0161etky.\n\n\n\n\nPr\u00ed\u010f, Kriste, a v\u0161etky \u017eivoty na\u0161e \u00faplne zme\u0148,<br \/>\nnie iba na chv\u00ed\u013eu, ale nav\u017edy na vieru prav\u00fa ich preme\u0148.\n\n\n\n\nV Tebe viera, l\u00e1ska, n\u00e1dej, vieme to iste,<br \/>\nspolo\u010dne vol\u00e1me v\u0161etci, tak teda pr\u00ed\u010f, Kriste.\n\n","protected":false},"excerpt":{"rendered":"<p>Du\u0161an Miko Pr\u00ed\u010f, Kriste, a do na\u0161ich slab\u00fdch s\u0155dc vst\u00fap,nie iba na chv\u00ed\u013eu, ale st\u00e1lym hos\u0165om v nich bu\u010f. Pr\u00ed\u010f, Kriste, do ka\u017edej \u010dakaj\u00facej du\u0161e vojdi, nie iba na chv\u00ed\u013eu, ale daj, nech v\u017edy v Teba verila by. Pr\u00ed\u010f, Kriste, do sveta, kde vl\u00e1dne nepokoj, nie iba na chv\u00ed\u013eu, ale nast\u00e1lo \u013eud svoj upokoj. Pr\u00ed\u010f, &#8230; <a title=\"Adventn\u00e1\" class=\"read-more\" href=\"https:\/\/www.e-anjelik.sk\/index.php\/2019\/12\/01\/adventna-3\/\" aria-label=\"Pre\u010d\u00edtajte si viac o Adventn\u00e1\">\u010c\u00edta\u0165 viac<\/a><\/p>\n","protected":false},"author":1,"featured_media":0,"comment_status":"open","ping_status":"open","sticky":false,"template":"","format":"standard","meta":{"footnotes":""},"categories":[1],"tags":[],"class_list":["post-33053","post","type-post","status-publish","format-standard","hentry","category-adventna-modlitba"],"_links":{"self":[{"href":"https:\/\/www.e-anjelik.sk\/index.php\/wp-json\/wp\/v2\/posts\/33053","targetHints":{"allow":["GET"]}}],"collection":[{"href":"https:\/\/www.e-anjelik.sk\/index.php\/wp-json\/wp\/v2\/posts"}],"about":[{"href":"https:\/\/www.e-anjelik.sk\/index.php\/wp-json\/wp\/v2\/types\/post"}],"author":[{"embeddable":true,"href":"https:\/\/www.e-anjelik.sk\/index.php\/wp-json\/wp\/v2\/users\/1"}],"replies":[{"embeddable":true,"href":"https:\/\/www.e-anjelik.sk\/index.php\/wp-json\/wp\/v2\/comments?post=33053"}],"version-history":[{"count":1,"href":"https:\/\/www.e-anjelik.sk\/index.php\/wp-json\/wp\/v2\/posts\/33053\/revisions"}],"predecessor-version":[{"id":33054,"href":"https:\/\/www.e-anjelik.sk\/index.php\/wp-json\/wp\/v2\/posts\/33053\/revisions\/33054"}],"wp:attachment":[{"href":"https:\/\/www.e-anjelik.sk\/index.php\/wp-json\/wp\/v2\/media?parent=33053"}],"wp:term":[{"taxonomy":"category","embeddable":true,"href":"https:\/\/www.e-anjelik.sk\/index.php\/wp-json\/wp\/v2\/categories?post=33053"},{"taxonomy":"post_tag","embeddable":true,"href":"https:\/\/www.e-anjelik.sk\/index.php\/wp-json\/wp\/v2\/tags?post=33053"}],"curies":[{"name":"wp","href":"https:\/\/api.w.org\/{rel}","templated":true}]}}