{"id":3306,"date":"2011-01-12T10:58:15","date_gmt":"2011-01-12T10:58:15","guid":{"rendered":"http:\/\/e-anjelik.sk\/?p=3306"},"modified":"2011-01-12T10:58:15","modified_gmt":"2011-01-12T10:58:15","slug":"konferencia-o-buducnosti-krajinskej-cirkvi","status":"publish","type":"post","link":"https:\/\/www.e-anjelik.sk\/index.php\/2011\/01\/12\/konferencia-o-buducnosti-krajinskej-cirkvi\/","title":{"rendered":"Konferencia o bud\u00facnosti krajinskej cirkvi"},"content":{"rendered":"<p>V Loccum sa v d\u0148och 7.-9.&nbsp; janu&aacute;ra 2011 prv&yacute; raz konala konferencia o bud&uacute;cnosti Evanjelicko-luter&aacute;nskej krajinskej cirkvi Schaumburg-Lippe. Z&uacute;\u010dastnilo sa jej 76 mu\u017eov a \u017eien, ktor&iacute; prijali pozvanie biskupa tejto cirkvi Karla Heinricha Mantzkeho a prezidenta synody Klausa Dietera Kiefera. Obsahom konferencie bolo postavi\u0165 si ciele a procesy ,ktor&yacute;mi sa m&aacute; v bud&uacute;cnosti ubera\u0165 cirkev. Nasleduj&uacute;cich desa\u0165 mesiacov sa s dosiahnut&yacute;mi v&yacute;sledkami bude zaobera\u0165 10 projektov&yacute;ch \u010di iniciat&iacute;vnych skup&iacute;n a rozvin&uacute; ich do konkr&eacute;tnych odpor&uacute;\u010dan&iacute; ku t&eacute;mam diakonia, medi&aacute;lna pr&aacute;ca, priestory duchovn&yacute;ch sk&uacute;senost&iacute;, rozvoj osobnost&iacute; a kvality, pr&aacute;ca rod&iacute;n, pr&aacute;ca laikov, pr&aacute;ca s de\u0165mi a ml&aacute;de\u017eou, mision&aacute;rska kompetencia, posil\u0148ovanie spolo\u010denstva a z&iacute;skavanie zdrojov. Prv&yacute;mi z&aacute;vermi sa m&aacute; zaobera\u0165 synoda na jese\u0148 v r. 2012.<\/p>\n<p>(<a href=\"http:\/\/www.landeskirche-schaumburg-lippe.de\">www.landeskirche-schaumburg-lippe.de<\/a>)<\/p>\n","protected":false},"excerpt":{"rendered":"<p>V Loccum sa v d\u0148och 7.-9.&nbsp; janu&aacute;ra 2011 prv&yacute; raz konala konferencia o bud&uacute;cnosti Evanjelicko-luter&aacute;nskej krajinskej cirkvi Schaumburg-Lippe. Z&uacute;\u010dastnilo sa jej 76 mu\u017eov a \u017eien, ktor&iacute; prijali pozvanie biskupa tejto cirkvi Karla Heinricha Mantzkeho a prezidenta synody Klausa Dietera Kiefera. Obsahom konferencie bolo postavi\u0165 si ciele a procesy ,ktor&yacute;mi sa m&aacute; v bud&uacute;cnosti ubera\u0165 cirkev. &#8230; <a title=\"Konferencia o bud\u00facnosti krajinskej cirkvi\" class=\"read-more\" href=\"https:\/\/www.e-anjelik.sk\/index.php\/2011\/01\/12\/konferencia-o-buducnosti-krajinskej-cirkvi\/\" aria-label=\"Pre\u010d\u00edtajte si viac o Konferencia o bud\u00facnosti krajinskej cirkvi\">\u010c\u00edta\u0165 viac<\/a><\/p>\n","protected":false},"author":22,"featured_media":0,"comment_status":"open","ping_status":"open","sticky":false,"template":"","format":"standard","meta":{"footnotes":""},"categories":[9,10],"tags":[],"class_list":["post-3306","post","type-post","status-publish","format-standard","hentry","category-europa","category-zo-sveta"],"_links":{"self":[{"href":"https:\/\/www.e-anjelik.sk\/index.php\/wp-json\/wp\/v2\/posts\/3306","targetHints":{"allow":["GET"]}}],"collection":[{"href":"https:\/\/www.e-anjelik.sk\/index.php\/wp-json\/wp\/v2\/posts"}],"about":[{"href":"https:\/\/www.e-anjelik.sk\/index.php\/wp-json\/wp\/v2\/types\/post"}],"author":[{"embeddable":true,"href":"https:\/\/www.e-anjelik.sk\/index.php\/wp-json\/wp\/v2\/users\/22"}],"replies":[{"embeddable":true,"href":"https:\/\/www.e-anjelik.sk\/index.php\/wp-json\/wp\/v2\/comments?post=3306"}],"version-history":[{"count":0,"href":"https:\/\/www.e-anjelik.sk\/index.php\/wp-json\/wp\/v2\/posts\/3306\/revisions"}],"wp:attachment":[{"href":"https:\/\/www.e-anjelik.sk\/index.php\/wp-json\/wp\/v2\/media?parent=3306"}],"wp:term":[{"taxonomy":"category","embeddable":true,"href":"https:\/\/www.e-anjelik.sk\/index.php\/wp-json\/wp\/v2\/categories?post=3306"},{"taxonomy":"post_tag","embeddable":true,"href":"https:\/\/www.e-anjelik.sk\/index.php\/wp-json\/wp\/v2\/tags?post=3306"}],"curies":[{"name":"wp","href":"https:\/\/api.w.org\/{rel}","templated":true}]}}