{"id":3307,"date":"2011-01-12T11:19:50","date_gmt":"2011-01-12T11:19:50","guid":{"rendered":"http:\/\/e-anjelik.sk\/?p=3307"},"modified":"2011-01-12T11:19:50","modified_gmt":"2011-01-12T11:19:50","slug":"deti-z-cernobylu-v-nemecku","status":"publish","type":"post","link":"https:\/\/www.e-anjelik.sk\/index.php\/2011\/01\/12\/deti-z-cernobylu-v-nemecku\/","title":{"rendered":"Deti z \u010cernoby\u013eu v Nemecku"},"content":{"rendered":"<p>Na pozvanie senior&aacute;tu Pirna Evanjelicko-luter&aacute;nskej krajinskej cirkvi Saska pricestovalo 4. janu&aacute;ra t.r. do Cirkevnej zotavovne Reimer -Mager v Rosenthale v Saskom &Scaron;vaj\u010diarsku 25 \u017eiakov -obet&iacute; jadrov&eacute;ho o\u017eiarenia.Deti&nbsp;&nbsp;vo veku 7-13 rokov s&uacute; z oblasti \u010cernoby\u013ea,Bielorusko a pri&scaron;li na trojt&yacute;\u017ed\u0148ov&yacute; ozdravn&yacute; pobyt. O deti sa bude stara\u0165 u\u010dite\u013eka, lek&aacute;rka, tlmo\u010dn&iacute;\u010dka, dve opatrovate\u013eky. V programe det&iacute; s&uacute; aj viano\u010dn&eacute; bohoslu\u017eby s biskupom tejto cirkvi J.Bohlom a ekumenick&eacute; bohoslu\u017eby 16. janu&aacute;ra,ke\u010f\u017ee deti s&uacute; zv&auml;\u010d&scaron;a pravosl&aacute;vneho vyznania.&nbsp;Ev.cirkev v Sasku tieto ozdravn&eacute; pobyty pre deti z \u010cernoby\u013esk&eacute;ho okolia organizuje od roku 1992.<\/p>\n<p>(<a href=\"http:\/\/www.evlks.de\">www.evlks.de<\/a>)<\/p>\n","protected":false},"excerpt":{"rendered":"<p>Na pozvanie senior&aacute;tu Pirna Evanjelicko-luter&aacute;nskej krajinskej cirkvi Saska pricestovalo 4. janu&aacute;ra t.r. do Cirkevnej zotavovne Reimer -Mager v Rosenthale v Saskom &Scaron;vaj\u010diarsku 25 \u017eiakov -obet&iacute; jadrov&eacute;ho o\u017eiarenia.Deti&nbsp;&nbsp;vo veku 7-13 rokov s&uacute; z oblasti \u010cernoby\u013ea,Bielorusko a pri&scaron;li na trojt&yacute;\u017ed\u0148ov&yacute; ozdravn&yacute; pobyt. O deti sa bude stara\u0165 u\u010dite\u013eka, lek&aacute;rka, tlmo\u010dn&iacute;\u010dka, dve opatrovate\u013eky. V programe det&iacute; s&uacute; aj &#8230; <a title=\"Deti z \u010cernoby\u013eu v Nemecku\" class=\"read-more\" href=\"https:\/\/www.e-anjelik.sk\/index.php\/2011\/01\/12\/deti-z-cernobylu-v-nemecku\/\" aria-label=\"Pre\u010d\u00edtajte si viac o Deti z \u010cernoby\u013eu v Nemecku\">\u010c\u00edta\u0165 viac<\/a><\/p>\n","protected":false},"author":22,"featured_media":0,"comment_status":"open","ping_status":"open","sticky":false,"template":"","format":"standard","meta":{"footnotes":""},"categories":[2],"tags":[221],"class_list":["post-3307","post","type-post","status-publish","format-standard","hentry","category-ekumena","tag-diakonia"],"_links":{"self":[{"href":"https:\/\/www.e-anjelik.sk\/index.php\/wp-json\/wp\/v2\/posts\/3307","targetHints":{"allow":["GET"]}}],"collection":[{"href":"https:\/\/www.e-anjelik.sk\/index.php\/wp-json\/wp\/v2\/posts"}],"about":[{"href":"https:\/\/www.e-anjelik.sk\/index.php\/wp-json\/wp\/v2\/types\/post"}],"author":[{"embeddable":true,"href":"https:\/\/www.e-anjelik.sk\/index.php\/wp-json\/wp\/v2\/users\/22"}],"replies":[{"embeddable":true,"href":"https:\/\/www.e-anjelik.sk\/index.php\/wp-json\/wp\/v2\/comments?post=3307"}],"version-history":[{"count":0,"href":"https:\/\/www.e-anjelik.sk\/index.php\/wp-json\/wp\/v2\/posts\/3307\/revisions"}],"wp:attachment":[{"href":"https:\/\/www.e-anjelik.sk\/index.php\/wp-json\/wp\/v2\/media?parent=3307"}],"wp:term":[{"taxonomy":"category","embeddable":true,"href":"https:\/\/www.e-anjelik.sk\/index.php\/wp-json\/wp\/v2\/categories?post=3307"},{"taxonomy":"post_tag","embeddable":true,"href":"https:\/\/www.e-anjelik.sk\/index.php\/wp-json\/wp\/v2\/tags?post=3307"}],"curies":[{"name":"wp","href":"https:\/\/api.w.org\/{rel}","templated":true}]}}