{"id":33077,"date":"2019-12-06T16:46:11","date_gmt":"2019-12-06T15:46:11","guid":{"rendered":"http:\/\/e-anjelik.sk\/?p=33077"},"modified":"2022-12-11T15:15:16","modified_gmt":"2022-12-11T14:15:16","slug":"moc-ducha-svateho-nas-posilni-v-nadeji","status":"publish","type":"post","link":"https:\/\/www.e-anjelik.sk\/index.php\/2019\/12\/06\/moc-ducha-svateho-nas-posilni-v-nadeji\/","title":{"rendered":"Moc Ducha Sv\u00e4t\u00e9ho n\u00e1s posiln\u00ed v n\u00e1deji"},"content":{"rendered":"\n<p><strong><em>&nbsp;<\/em>&nbsp; Moc Ducha Sv\u00e4t\u00e9ho n\u00e1s posil\u0148uje v n\u00e1deji<\/strong><\/p>\n\n\n\n<p><em>U\u010d n\u00e1s, Bo\u017ee<\/em><\/p>\n\n\n\n<p><em>by sme i\u0161li<\/em><\/p>\n\n\n\n<p><em>v n\u00e1deji a<\/em><\/p>\n\n\n\n<p><em>v jednej mysli,<\/em><\/p>\n\n\n\n<p><em>v dobrej v\u00f4li,<\/em><\/p>\n\n\n\n<p><em>vierou nov\u00ed<\/em><\/p>\n\n\n\n<p><em>v \u00fastrety dnes<\/em><\/p>\n\n\n\n<p><em>Bar\u00e1nkovi !&nbsp; Amen (M.R.)<\/em><\/p>\n\n\n\n<p><strong>R\u00edm 15, 4 &#8211; 13:<\/strong><\/p>\n\n\n\n<p><em>\u201cLebo \u010doko\u013evek bolo nap\u00edsan\u00e9 n\u00e1m na pou\u010denie, bolo nap\u00edsan\u00e9, aby sme skrze trpezlivos\u0165 a skrze \u00fatechu P\u00edsem mali n\u00e1dej. (5) A Boh trpezlivosti a \u00fatechy nech v\u00e1m d\u00e1 by\u0165 jednomyse\u013en\u00fdmi medzi sebou pod\u013ea Je\u017ei\u0161a Krista, (6) aby ste jednou mys\u013eou a jedn\u00fdmi \u00fastami oslavovali Boha a Otca n\u00e1\u0161ho P\u00e1na Je\u017ei\u0161a Krista.(7) Preto prij\u00edmajte sa vospolok, ako n\u00e1s aj Kristus prijal na osl\u00e1venie Boha.(8) Hovor\u00edm toti\u017e, \u017ee sa Kristus slu\u017eobn\u00edkom obrezan\u00fdch stal pre pravdu Bo\u017eiu, aby potvrdil zas\u013e\u00fabenia (dan\u00e9) otcom; (9) a \u017ee pohania oslavovali Boha za milosrdenstvo, ako je nap\u00edsan\u00e9: Preto velebi\u0165 \u0164a budem medzi pohanmi a spieva\u0165 \u017ealmy Tvojmu menu. (10) A zase hovor\u00ed P\u00edsmo: Radujte sa, pohania, spolu s Jeho \u013eudom. (11) A zase: Chv\u00e1lte P\u00e1na v\u0161etky n\u00e1rody a velebte Ho v\u0161etci \u013eudia. (12) A zase Izai\u00e1\u0161 hovor\u00ed: Bude kore\u0148 Jesseho a v Toho, kto povstane vl\u00e1dnu\u0165 nad n\u00e1rodmi, bud\u00fa d\u00fafa\u0165 n\u00e1rody. (13) Boh n\u00e1deje nech v\u00e1s napln\u00ed v\u0161ekou rados\u0165ou a pokojom vo viere, aby ste sa mocou Ducha Sv\u00e4t\u00e9ho rozhoj\u0148ovali v n\u00e1deji\u201d. Amen<\/em><\/p>\n\n\n\n<p>&nbsp; &nbsp; &nbsp; &nbsp; &nbsp; &nbsp; &nbsp; Bratia a sestry v P\u00e1novi Je\u017ei\u0161ovi Kristovi!<\/p>\n\n\n\n<p>&nbsp;&nbsp; &nbsp; Telev\u00edzny report\u00e9r robil anketu medzi americk\u00fdmi ob\u010danmi na t\u00e9mu: Nebezpe\u010denstvo jadrov\u00e9ho zni\u010denia zeme a \u017eivota. Jeden mlad\u00fd ob\u010dan \u010diernej pleti na ot\u00e1zku, \u010di sa boj\u00ed zni\u010denia \u017eivota, odpovedal takto: \u201cJa som kres\u0165an!\u201d. Report\u00e9r si myslel, \u017ee doty\u010dn\u00fd ot\u00e1zku nepochopil a preto sa ho op\u00fdtal e\u0161te raz: Boj\u00edte sa\u2026? Ale tento mlad\u00fd mu\u017e so \u0161irok\u00fdm \u00fasmevom odpovedal: \u201dNie neboj\u00edm sa &#8211; som kres\u0165an\u201d! &nbsp;<\/p>\n\n\n\n<p>&nbsp; &nbsp; &nbsp; T\u00fdmto vyznan\u00edm chcel vyjadri\u0165 skuto\u010dnos\u0165, \u017ee bud\u00facnos\u0165 sveta a \u017eivota &#8211; aj ke\u010f je niekedy ve\u013emi temn\u00e1 a neist\u00e1 &#8211; je v Bo\u017e\u00edch ruk\u00e1ch. Kres\u0165an, ktor\u00fd sa vierou dr\u017e\u00ed P\u00e1na Boha a Je\u017ei\u0161a Krista je v\u017edy \u010dlovekom n\u00e1deje a sa preto nemus\u00ed bud\u00facnosti b\u00e1\u0165 a \u013eaka\u0165.<\/p>\n\n\n\n<p>Nechcem, bratia a sestry, podce\u0148ova\u0165 nebezpe\u010denstvo at\u00f3movej vojny, alebo nezpe\u010denstvo ekologickej katastrofy. Ani nebezpe\u010denstvo soci\u00e1lnych probl\u00e9mov a v\u00fdbuchov, nebezpe\u010denstvo nespravodlivosti v na\u0161om svete, ani nebezpe\u010denstvo novodob\u00e9ho \u201cmoru\u201d, za ktor\u00fd je niekedy ozna\u010dovan\u00e1 rakovina, alebo AIDS. Dobre rozumieme aj v\u0161etk\u00fdm ka\u017edodenn\u00fdm probl\u00e9mom a starostiam na\u0161ej s\u00fa\u010dasnosti. V\u0161etky z nich sa t\u00fdkaj\u00fa aj n\u00e1s a vieme, \u017ee ich rie\u0161enie je ve\u013emi zlo\u017eit\u00e9. Preto pozn\u00e1me aj v na\u0161ich radoch malovernos\u0165, niekedy aj rezign\u00e1iu na dobro a bud\u00facnos\u0165, tie\u017e \u00fatek k falo\u0161n\u00fdm bo\u017estv\u00e1m sveta, ktor\u00fdmi s\u00fa alkohol a drogy a podobn\u00e9 modly \u013eud\u00ed, ale pozn\u00e1me aj strach. &nbsp; &nbsp;<\/p>\n\n\n\n<p>&nbsp; &nbsp; My sme dnes pri\u0161li chr\u00e1mu preto, aby sme sme sa povzbudili v spolo\u010dnej kres\u0165anskej n\u00e1deji, ako ju vyjadruje aj jedno z hesiel celosvetov\u00e9ho kres\u0165ansk\u00e9ho f\u00f3ra: <em>V Kristu je n\u00e1dej pre svet!<\/em> To znamen\u00e1, \u017ee v Je\u017ei\u0161ovi Kristovi bola a je pon\u00faknut\u00e1 n\u00e1dej aj pre n\u00e1s. Preto:&nbsp;<\/p>\n\n\n\n<p>&nbsp;&nbsp; &nbsp; &nbsp; &nbsp; &nbsp; &nbsp; &nbsp; &nbsp; &nbsp; &nbsp;<strong> &nbsp;<em> Zosta\u0148me \u013eu\u010fmi n\u00e1deje!<\/em><\/strong><\/p>\n\n\n\n<p><em>&nbsp;&nbsp; &nbsp; &nbsp; &nbsp; &nbsp; &nbsp; &nbsp; 1. Svedectv\u00e1 P\u00edsma sv\u00e4t\u00e9ho sk\u00famajme<\/em><\/p>\n\n\n\n<p><em>&nbsp;&nbsp; &nbsp; &nbsp; &nbsp; &nbsp; &nbsp; &nbsp; 2. Slu\u017ebou P\u00e1na Je\u017ei\u0161a nepoh\u0155dajme<\/em><\/p>\n\n\n\n<p><em>&nbsp;&nbsp; &nbsp; &nbsp; &nbsp; &nbsp; &nbsp; &nbsp; 3. Jeho pr\u00edchod radostne oslavujme<\/em><\/p>\n\n\n\n<p>&nbsp;&nbsp; &nbsp; Bratia a sestry!<\/p>\n\n\n\n<p>&nbsp;&nbsp; &nbsp; Ak chceme zosta\u0165 \u013eu\u010fmi n\u00e1deje, tak svedectv\u00e1 P\u00edsma sv\u00e4t\u00e9ho st\u00e1le sk\u00famajme. To je trval\u00e1 \u00faloha kres\u0165anov. M\u00e1me duchovne bdie\u0165, m\u00e1me sk\u00fama\u0165 P\u00edsma a rozva\u017eova\u0165 nad posolstvami, ktor\u00e9 v\u017edy vyd\u00e1vaj\u00fa svedectvo o Je\u017ei\u0161ovi ako Kristovi a Spasite\u013eovi. Odpor\u00fa\u010danie, ktor\u00e9 apo\u0161tol Pavel nap\u00edsal kres\u0165anom do R\u00edma, plat\u00ed celej cirkvi a je st\u00e1le aktu\u00e1lne:<em>\u201dLebo \u010doko\u013evek bolo nap\u00edan\u00e9 n\u00e1m na pou\u010denie, bolo nap\u00edsan\u00e9, aby sme skrze trpezlivos\u0165 a skrze \u00fatechu P\u00edsem mali n\u00e1dej\u201d (v.4). <\/em>My spolu so \u017dalmistov vyzn\u00e1vame:<em> \u201cSviecu mojim noh\u00e1m je Tvoje slovo a svetlom moj\u00edm chodn\u00edkom\u201d. (\u017d&nbsp; 119, 105 )<\/em><\/p>\n\n\n\n<p><em>&nbsp;&nbsp;<\/em> Apo\u0161tol Pavel aj svojmu mlad\u00e9mu \u017eiakovi Timoteovi odpor\u00fa\u010dal:<\/p>\n\n\n\n<p><em>\u201d Ty v\u0161ak zost\u00e1vaj v tom, \u010domu si sa nau\u010dil a o \u010dom si presved\u010den\u00fd, preto\u017ee vie\u0161, od koho si sa tomu nau\u010dil &#8211; a \u017ee od detstva zn\u00e1\u0161 sv\u00e4t\u00e9 P\u00edsma, ktor\u00e9 \u0165a m\u00f4\u017eu u\u010dini\u0165 m\u00fadrym na spasenie vierou v Krista Je\u017ei\u0161a. Ka\u017ed\u00e9 P\u00edsmo, vd\u00fdchnut\u00e9 od Boha, je aj u\u017eito\u010dn\u00e9 u\u010di\u0165, tresta\u0165, napravova\u0165 a vychov\u00e1va\u0165 v spravodlivosti, aby dokonal\u00fd bol \u010dlovek Bo\u017e\u00ed a sp\u00f4sobn\u00fd na v\u0161etko dobr\u00e9\u201d (2 Tim 3,1 &#8211; 4). <\/em>Rovnak\u00e9 odporu\u010denie je dobr\u00e9 aj pre n\u00e1s, preto\u017ee spozn\u00e1vanie Bo\u017eieho slova, ktor\u00e9 P\u00edsmo Sv\u00e4t\u00e9 obsahuje n\u00e1m d\u00e1va bud\u00facnos\u0165 a n\u00e1dej v Bohu. Toto odporu\u010denie plat\u00ed aj pre m\u00fadrych a mocn\u00fdch toho sveta, ako o tom v\u00fdsti\u017ene hovor\u00ed slovo zo \u017dalmu, ktor\u00fd je s\u00fa\u010das\u0165ou \u0161tedrove\u010dernej liturgie:<em> \u201dDajte sa pou\u010di\u0165 sudcovia zeme\u201d. (\u017d 2, 10b)<\/em><\/p>\n\n\n\n<p><em>&nbsp; &nbsp; <\/em>Bratia a sestry!&nbsp;<\/p>\n\n\n\n<p>&nbsp;&nbsp; &nbsp; Mohli by some vymenova\u0165 cel\u00e9 z\u00e1stupy svedkov, ktor\u00ed sa dali pou\u010di\u0165 \u017eiv\u00e9mu Bohu a Jeho slovu. Sta\u010d\u00ed sn\u00e1\u010f, ak spomeniem osobnos\u0165 J.A.Komensk\u00e9ho, ktor\u00fd ako uzn\u00e1van\u00fd \u201cu\u010dite\u013e n\u00e1rodov\u201d a biskup Jednoty bratskej toto pou\u010denie nezaprel v \u017eiadnom svojom diele a \u010dine. Myslime na to, \u017ee pr\u00e1ve v advetnom \u010dase m\u00e1me v cirkvi&nbsp; viac mo\u017enost\u00ed a pr\u00edle\u017eitos\u00ed ako inokedy zapo\u010d\u00fava\u0165 sa do Bo\u017eieho slova, do svedectiev P\u00edsem, aby sme boli a zostali \u013eu\u010fmi n\u00e1deje. Po\u010d\u00favajme pozorne a pozn\u00e1vajme, ak\u00e1 je hodnota na\u0161ej n\u00e1deje vo viere v Bo\u017eie milosrdenstvo a v zjavenej milosti v Je\u017ei\u0161ovi v Kristovi, na\u0161om P\u00e1novi.&nbsp; &nbsp; &nbsp;<\/p>\n\n\n\n<p>&nbsp;&nbsp; 2. Bratia a sestry!<\/p>\n\n\n\n<p>&nbsp; &nbsp; &nbsp; Aby sme boli \u013eu\u010fmi n\u00e1deje, potrebujeme sk\u00fama\u0165 P\u00edsma&nbsp; a Bo\u017eie zas\u013e\u00fabenia, ktor\u00e9 sa u\u017e naplnili, ale aj tie, ktor\u00e9 On priniesol a dal svetu. Nadov\u0161etko, potrebuje pozna\u0165 a d\u00f4verova\u0165 v Jeho l\u00e1sku, ktor\u00e1 je nad v\u0161etky zn\u00e1mosti.<\/p>\n\n\n\n<p>&nbsp;&nbsp; Podstatou l\u00e1sky n\u00e1\u0161ho P\u00e1na je slu\u017eba. Slu\u017eba hrie\u0161nemu svetu a zlore\u010den\u00e9mu \u010dloveku. Povedan\u00e9 s Pavlom:<em> \u201d V \u0147om je milos\u0165 predne \u017didovi, potom aj Gr\u00e9kovi\u201d (R 1) <\/em>V na\u0161om \u00favodnom texte o tom sved\u010d\u00ed takto:<em>\u201dHovor\u00edm toti\u017e, \u017ee sa Kristus slu\u017eobn\u00edkom obrezan\u00fdch stal pre pravdu Bo\u017eiu, aby potvrdil zas\u013e\u00fabenia dan\u00e9 otcom; a \u017ee pohania oslavovali Boha za milosrdenstvo, ako je nap\u00edsan\u00e9.\u201d&nbsp; <\/em>Nielen pre \u017didov pri\u0161iel Je\u017ei\u0161 ako Mesi\u00e1\u0161, ale pre v\u0161etky n\u00e1rody. Pri\u0161iel, aby n\u00e1m sl\u00fa\u017eil l\u00e1skou. Pri\u0161iel aj pre n\u00e1s a pre n\u00e1\u0161 n\u00e1rod. Hoci je mal\u00fd po\u010dtom a pre\u0161iel \u0165a\u017ek\u00fdmi z\u00e1pasmi, aj on \u017eije n\u00e1dejou na bud\u00facnos\u0165. P\u00e1n v\u0161ak pri\u0161iel pre v\u0161etk\u00fdch a nepri\u0161iel proti nikomu Sl\u00fa\u017ei svojou l\u00e1skou: ponuku odpustenia hriechov, uzdravovan\u00edm du\u0161e i tela, pokojom a rados\u0165ou v Duchu Sv\u00e4tom. Stal sa na\u0161\u00edm slu\u017eobn\u00edkom, aby sme ve\u010dne nezahynuli. Sl\u00fa\u017ei n\u00e1m svojou obetou a smr\u0165ou na kr\u00ed\u017ei. Pre vieru v Neho n\u00e1m Boh Otec nepo\u010d\u00edta na\u0161e hriechy. Sl\u00fa\u017ei n\u00e1m svoj\u00edm vzkriesen\u00edm a pon\u00faka n\u00e1m \u00fa\u010das\u0165 na tomto svojom v\u00ed\u0165azstve, v nebi sa neust\u00e1le prihov\u00e1ra u Otca za n\u00e1s a posiela n\u00e1m dary svojho Ducha.<\/p>\n\n\n\n<p>&nbsp; &nbsp; &nbsp; Touto Jeho slu\u017ebou nepoh\u0155dajme. Nepoh\u0155dajme Jeho posolstvom evanjelia, ani darom Jeho tela a krvi. Ve\u010dera P\u00e1nova, toto tajomstvo viery n\u00e1m sl\u00fa\u017ei na odpustenie hriechov, ale aj ako z\u00e1vdavok nov\u00e9ho \u017eivota v \u010dasnosti i vo ve\u010dnosti. Advent n\u00e1m aj t\u00fato mo\u017enos\u0165 &#8211; prist\u00fapenie k P\u00e1novmu stolu pon\u00faka bohat\u0161ie ako in\u00fd \u010das. Nepoh\u0155dajme touto slu\u017ebou n\u00e1\u0161ho P\u00e1na, aby sme sa posilnili a povzbudili v n\u00e1deji, ktor\u00e1 nezahanbuje.<\/p>\n\n\n\n<p>3. Bratia a sestry v P\u00e1novi!<\/p>\n\n\n\n<p>&nbsp; &nbsp; Aj ke\u010f je s Ve\u010derou P\u00e1novou v na\u0161ej cirkvi oby\u010dajne spojen\u00e1 aj spove\u010f, pristupujme k P\u00e1novi s d\u00f4verou. Spove\u010f spravidla nie je chv\u00ed\u013ea pr\u00edjemn\u00e1, dokonca m\u00f4\u017ee by\u0165 chv\u00ed\u013eou bolestnou, ke\u010f si uvedomujeme \u0165archu v\u00edn a hriechov a ke\u010f m\u00e1me aj verejne vyzna\u0165 &nbsp; svoju hrie\u0161nos\u0165. Pedsa v\u0161ak je v kone\u010dnom d\u00f4sledku aj spove\u010f chv\u00ed\u013eou radostnou, preto\u017ee po \u00faprimnom pok\u00e1n\u00ed a vyznan\u00ed hriechov smieme po\u010du\u0165 a prija\u0165 slovo rozhre\u0161enia, uistenie o odpusten\u00ed na\u0161ich hriechov. Potom sa smieme te\u0161i\u0165 aj pr\u00edtomnos\u0165ou n\u00e1\u0161ho P\u00e1na v osobnom \u017eivote, smieme Ho radostne v\u00edta\u0165 a vola\u0165: \u201c<em>Pr\u00ed\u010f, Pane Je\u017ei\u0161i!\u201d <\/em>To starokres\u0165ansk\u00e9: Maranatha! &#8211; je prosbou, ale aj radostn\u00fdm uisten\u00edm a v\u00edtan\u00edm P\u00e1na, ktor\u00fd prich\u00e1dza k n\u00e1m. Ak sa niekto odhodl\u00e1 sk\u00fama\u0165 n\u00e1ro\u010dn\u00e9 prorock\u00e9 a apokalyptick\u00e9 slovo P\u00edsma zo Zjavenia J\u00e1novho, zist\u00ed, \u017ee je v \u0148om ve\u013ea hr\u00f4zostra\u0161n\u00fdch a tajupln\u00fdch obrazov hovoriacich o P\u00e1novom pr\u00edchode k s\u00fadu. A predsa sa kon\u010d\u00ed t\u00e1to kniha tak\u00fdmto svedectvom:<em> \u201cDuch a nevesta (cirkev) hovoria: Pr\u00ed\u010f! Kto po\u010d\u00fava, nech povie: Pr\u00ed\u010f! Kto \u017e\u00edzni, &#8211; nech pr\u00edde. Kto chce, nech si naberie zdarma vody \u017eivota! Amen! Pr\u00ed\u010f Pane Je\u017ei\u0161i!\u201d. (Zj 22)<\/em><\/p>\n\n\n\n<p><em>&nbsp;&nbsp; &nbsp; <\/em>Tak prosme a vyzn\u00e1vajme aj my nanovo v tohtoro\u010dnom adventnom \u010dase. Myslime nielen na prv\u00fd pr\u00edchod P\u00e1na Je\u017ei\u0161a pred vy\u0161e dvetis\u00edc rokmi, ke\u010f pri\u0161iel do betlehemsk\u00fdch jasl\u00ed, ale myslime na Jeho prich\u00e1dzanie aj dnes v Jeho slove a tie\u017e v Jeho sviatosti sv\u00e4tej Ve\u010dere, pod sp\u00f4sobom telesn\u00fdch darov chleba a v\u00edna. Aj pri tomto sp\u00f4sobe Jeho prich\u00e1dzania nech je radostne v\u00edtan\u00fd a pozdravovan\u00fd, oslavovan\u00fd a zvelebovan\u00fd v cirkvi a v na\u0161ich srdciach. Nech na Jeho poctu a oslavu zneje ka\u017ed\u00e9 slovo, v\u0161etky na\u0161e piesne a cel\u00e1 liturgia na\u0161ej cirkvi. Nech sa uplatn\u00ed v\u00fdzva \u017dalmistu:<em>\u201d Chv\u00e1\u013ete P\u00e1na v\u0161etky n\u00e1rody a velebte Ho v\u0161etci \u013eudia\u201d!&nbsp; <\/em>Nech <em>\u201c\u010das radosti\u201d <\/em>za\u010d\u00edna u\u017e dnes a trv\u00e1 v\u017edy, ke\u010f je On s nami a ke\u010f my chceme by\u0165 s N\u00edm.&nbsp;<\/p>\n\n\n\n<p>&nbsp;&nbsp; &nbsp; Preto\u017ee ak sa dok\u00e1\u017eeme radova\u0165 s P\u00e1nom Je\u017ei\u0161om u\u017e dnes, budeme sa s N\u00edm radova\u0165 aj pri Jeho druhom pr\u00edchode, pri zjaven\u00ed Jeho sl\u00e1vy. T\u00fato n\u00e1dej n\u00e1m nem\u00f4\u017ee vzia\u0165 nikto a ni\u010d. Preto nech n\u00e1s sprev\u00e1dza apo\u0161tolsk\u00e9 \u017eehnaj\u00face slovo:<em> \u201dBoh n\u00e1deje nech v\u00e1s napln\u00ed v\u0161etkou rados\u0165ou a pokojom vo viere, aby ste sa mocou Ducha Sv\u00e4t\u00e9ho rozhoj\u0148ovali v n\u00e1deji\u201d. Amen<\/em><\/p>\n\n\n\n<p><em>&nbsp;&nbsp; &nbsp; &nbsp; &nbsp;<\/em><em> &nbsp; &nbsp; &nbsp; &nbsp; &nbsp; &nbsp; &nbsp; &nbsp; &nbsp; &nbsp; 2. adventn\u00e1 nede\u013ea&nbsp; &#8211; \u013dubom\u00edr Batka st.<\/em><\/p>\n\n\n\n<p>Pozn:Soboti\u0161te a Rovensko 1988, na <a href=\"http:\/\/www.evanjelik.sk\">www.evanjelik.sk<\/a>&#8211; 2019&nbsp;<\/p>\n","protected":false},"excerpt":{"rendered":"<p>&nbsp;&nbsp; Moc Ducha Sv\u00e4t\u00e9ho n\u00e1s posil\u0148uje v n\u00e1deji U\u010d n\u00e1s, Bo\u017ee by sme i\u0161li v n\u00e1deji a v jednej mysli, v dobrej v\u00f4li, vierou nov\u00ed v \u00fastrety dnes Bar\u00e1nkovi !&nbsp; Amen (M.R.) R\u00edm 15, 4 &#8211; 13: \u201cLebo \u010doko\u013evek bolo nap\u00edsan\u00e9 n\u00e1m na pou\u010denie, bolo nap\u00edsan\u00e9, aby sme skrze trpezlivos\u0165 a skrze \u00fatechu P\u00edsem mali &#8230; <a title=\"Moc Ducha Sv\u00e4t\u00e9ho n\u00e1s posiln\u00ed v n\u00e1deji\" class=\"read-more\" href=\"https:\/\/www.e-anjelik.sk\/index.php\/2019\/12\/06\/moc-ducha-svateho-nas-posilni-v-nadeji\/\" aria-label=\"Pre\u010d\u00edtajte si viac o Moc Ducha Sv\u00e4t\u00e9ho n\u00e1s posiln\u00ed v n\u00e1deji\">\u010c\u00edta\u0165 viac<\/a><\/p>\n","protected":false},"author":4,"featured_media":0,"comment_status":"open","ping_status":"open","sticky":false,"template":"","format":"standard","meta":{"footnotes":""},"categories":[599,179,121,6],"tags":[],"class_list":["post-33077","post","type-post","status-publish","format-standard","hentry","category-2-adventna-nedela","category-advent","category-kazne","category-myjavsky-seniorat"],"_links":{"self":[{"href":"https:\/\/www.e-anjelik.sk\/index.php\/wp-json\/wp\/v2\/posts\/33077","targetHints":{"allow":["GET"]}}],"collection":[{"href":"https:\/\/www.e-anjelik.sk\/index.php\/wp-json\/wp\/v2\/posts"}],"about":[{"href":"https:\/\/www.e-anjelik.sk\/index.php\/wp-json\/wp\/v2\/types\/post"}],"author":[{"embeddable":true,"href":"https:\/\/www.e-anjelik.sk\/index.php\/wp-json\/wp\/v2\/users\/4"}],"replies":[{"embeddable":true,"href":"https:\/\/www.e-anjelik.sk\/index.php\/wp-json\/wp\/v2\/comments?post=33077"}],"version-history":[{"count":1,"href":"https:\/\/www.e-anjelik.sk\/index.php\/wp-json\/wp\/v2\/posts\/33077\/revisions"}],"predecessor-version":[{"id":33078,"href":"https:\/\/www.e-anjelik.sk\/index.php\/wp-json\/wp\/v2\/posts\/33077\/revisions\/33078"}],"wp:attachment":[{"href":"https:\/\/www.e-anjelik.sk\/index.php\/wp-json\/wp\/v2\/media?parent=33077"}],"wp:term":[{"taxonomy":"category","embeddable":true,"href":"https:\/\/www.e-anjelik.sk\/index.php\/wp-json\/wp\/v2\/categories?post=33077"},{"taxonomy":"post_tag","embeddable":true,"href":"https:\/\/www.e-anjelik.sk\/index.php\/wp-json\/wp\/v2\/tags?post=33077"}],"curies":[{"name":"wp","href":"https:\/\/api.w.org\/{rel}","templated":true}]}}