{"id":33098,"date":"2019-12-13T13:59:14","date_gmt":"2019-12-13T12:59:14","guid":{"rendered":"http:\/\/e-anjelik.sk\/?p=33098"},"modified":"2019-12-13T13:59:14","modified_gmt":"2019-12-13T12:59:14","slug":"adventne-zelanie-2019","status":"publish","type":"post","link":"https:\/\/www.e-anjelik.sk\/index.php\/2019\/12\/13\/adventne-zelanie-2019\/","title":{"rendered":"Adventn\u00e9 \u017eelanie 2019&#8230;"},"content":{"rendered":"\n<p>   Prijali sme vz\u00e1cne adventno-viano\u010dn\u00e9 blaho\u017eelanie z Trnavy,<\/p>\n\n\n\n<p> ktor\u00e9 chceme nielen op\u00e4tova\u0165, ale aj roz\u0161\u00edri\u0165 pre v\u0161etk\u00fdch, najm\u00e4 <\/p>\n\n\n\n<p>pre v\u0161etk\u00fdch priaznivcov www.evanjelik.sk:<\/p>\n\n\n\n<p>&nbsp; &nbsp; &nbsp; <strong><em>&nbsp; &nbsp; \u201cZ Izajovho p\u0148a vy\u017eenie ml\u00e1dnik a z jeho kore\u0148ov vyrastie v\u00fdhonok\u2026\u201d Iz 11, 1-6<\/em><\/strong><\/p>\n\n\n\n<p><em>Decembrov\u00e1 clivota<\/em><\/p>\n\n\n\n<p><em>chlad n\u00e1m do p\u013e\u00fac f\u00fakne.<\/em><\/p>\n\n\n\n<p><em>Iba ob\u010das do ticha<\/em><\/p>\n\n\n\n<p><em>kry\u0161t\u00e1l \u013eadu pukne.<\/em><\/p>\n\n\n\n<p><em>V tejto zime mrazivej<\/em><\/p>\n\n\n\n<p><em>\u010dosi predsa kl\u00ed\u010di.<\/em><\/p>\n\n\n\n<p><em>Ru\u017eov\u00fd je na snehu<\/em><\/p>\n\n\n\n<p><em>krehulink\u00fd p\u00fa\u010dik.<\/em><\/p>\n\n\n\n<p><em>Nau\u010d n\u00e1s, Pane n\u00e1\u0161,<\/em><\/p>\n\n\n\n<p><em>n\u00e1js\u0165 sa v tom vz\u00e1cnom dare.<\/em><\/p>\n\n\n\n<p><em>\u017de ve\u013ekos\u0165 \u010dloveka<\/em><\/p>\n\n\n\n<p><em>peniazmi nemeriame.<\/em><\/p>\n\n\n\n<p><em>\u017de v krehkosti b\u00e1b\u00e4tka<\/em><\/p>\n\n\n\n<p><em>ve\u013ek\u00e1 moc sa skr\u00fdva.<\/em><\/p>\n\n\n\n<p><em>\u017de ten p\u00fa\u010dik \u0165ahav\u00fd<\/em><\/p>\n\n\n\n<p><em>zo zeme n\u00e1s dv\u00edha.<\/em><\/p>\n\n\n\n<p><\/p>\n","protected":false},"excerpt":{"rendered":"<p>Prijali sme vz\u00e1cne adventno-viano\u010dn\u00e9 blaho\u017eelanie z Trnavy, ktor\u00e9 chceme nielen op\u00e4tova\u0165, ale aj roz\u0161\u00edri\u0165 pre v\u0161etk\u00fdch, najm\u00e4 pre v\u0161etk\u00fdch priaznivcov www.evanjelik.sk: &nbsp; &nbsp; &nbsp; &nbsp; &nbsp; \u201cZ Izajovho p\u0148a vy\u017eenie ml\u00e1dnik a z jeho kore\u0148ov vyrastie v\u00fdhonok\u2026\u201d Iz 11, 1-6 Decembrov\u00e1 clivota chlad n\u00e1m do p\u013e\u00fac f\u00fakne. Iba ob\u010das do ticha kry\u0161t\u00e1l \u013eadu pukne. V &#8230; <a title=\"Adventn\u00e9 \u017eelanie 2019&#8230;\" class=\"read-more\" href=\"https:\/\/www.e-anjelik.sk\/index.php\/2019\/12\/13\/adventne-zelanie-2019\/\" aria-label=\"Pre\u010d\u00edtajte si viac o Adventn\u00e9 \u017eelanie 2019&#8230;\">\u010c\u00edta\u0165 viac<\/a><\/p>\n","protected":false},"author":4,"featured_media":0,"comment_status":"open","ping_status":"open","sticky":false,"template":"","format":"standard","meta":{"footnotes":""},"categories":[179,90,165,202,159],"tags":[],"class_list":["post-33098","post","type-post","status-publish","format-standard","hentry","category-advent","category-cirkevny-rok","category-poezia-2","category-trnava","category-vianoce"],"_links":{"self":[{"href":"https:\/\/www.e-anjelik.sk\/index.php\/wp-json\/wp\/v2\/posts\/33098","targetHints":{"allow":["GET"]}}],"collection":[{"href":"https:\/\/www.e-anjelik.sk\/index.php\/wp-json\/wp\/v2\/posts"}],"about":[{"href":"https:\/\/www.e-anjelik.sk\/index.php\/wp-json\/wp\/v2\/types\/post"}],"author":[{"embeddable":true,"href":"https:\/\/www.e-anjelik.sk\/index.php\/wp-json\/wp\/v2\/users\/4"}],"replies":[{"embeddable":true,"href":"https:\/\/www.e-anjelik.sk\/index.php\/wp-json\/wp\/v2\/comments?post=33098"}],"version-history":[{"count":1,"href":"https:\/\/www.e-anjelik.sk\/index.php\/wp-json\/wp\/v2\/posts\/33098\/revisions"}],"predecessor-version":[{"id":33099,"href":"https:\/\/www.e-anjelik.sk\/index.php\/wp-json\/wp\/v2\/posts\/33098\/revisions\/33099"}],"wp:attachment":[{"href":"https:\/\/www.e-anjelik.sk\/index.php\/wp-json\/wp\/v2\/media?parent=33098"}],"wp:term":[{"taxonomy":"category","embeddable":true,"href":"https:\/\/www.e-anjelik.sk\/index.php\/wp-json\/wp\/v2\/categories?post=33098"},{"taxonomy":"post_tag","embeddable":true,"href":"https:\/\/www.e-anjelik.sk\/index.php\/wp-json\/wp\/v2\/tags?post=33098"}],"curies":[{"name":"wp","href":"https:\/\/api.w.org\/{rel}","templated":true}]}}